{"id":437992,"date":"2023-05-07T09:24:46","date_gmt":"2023-05-07T13:24:46","guid":{"rendered":"http:\/\/diariodominicano.com\/?p=437992"},"modified":"2023-05-07T09:24:46","modified_gmt":"2023-05-07T13:24:46","slug":"sacude-a-puerto-rico-asesinato-de-dos-jovenes-turistas-peruanos","status":"publish","type":"post","link":"https:\/\/diariodominicano.com\/?p=437992","title":{"rendered":"Sacude a Puerto Rico asesinato de dos j\u00f3venes turistas peruanos"},"content":{"rendered":"\n<figure class=\"wp-block-image\"><img decoding=\"async\" src=\"https:\/\/www.prensa-latina.cu\/wp-content\/uploads\/2023\/05\/Puerto-Rico-Policia.jpg\" alt=\"\" class=\"wp-image-472920\"\/><\/figure>\n\n\n\n<p>San Juan, 6 may (Prensa Latina) Puerto Rico reaccion\u00f3 hoy consternado con el asesinato esta madrugada de dos j\u00f3venes turistas peruanos, estudiantes de maestr\u00eda en la Universidad de Nueva York (NYU, siglas en ingl\u00e9s).&nbsp;&nbsp;&nbsp;&nbsp;<\/p>\n\n\n\n<ul class=\"wp-block-list\"><li>mayo 6, 2023<\/li><li>CDT20:32 (GMT) -0400<\/li><\/ul>\n\n\n\n<p>Los peruanos Franco Medina Angulo, de 29 a\u00f1os, y Sergio Palomino Ruiz, de 28, que arribaron en la v\u00edspera junto a otros estudiantes de la NYU resultaron mortalmente heridos al producirse un intercambio de disparos al que estaban ajenos.<\/p>\n\n\n\n<p>El doble asesinato se produjo alrededor de las 03:50, hora local, de este s\u00e1bado, en las afueras de una discoteca en la calle Lo\u00edza, del sector capitalino de Santurce.<\/p>\n\n\n\n<p>Ambos j\u00f3venes arribaron a Puerto Rico el viernes con otros estudiantes extranjeros para celebrar el cumplea\u00f1os de otro compa\u00f1ero alumno en Nueva York.<\/p>\n\n\n\n<p>El jefe de la Polic\u00eda Municipal de San Juan, Jos\u00e9 Juan Garc\u00eda, dijo que al producirse un intercambio de disparos que involucr\u00f3 a una mujer, alcanzaron a Medina Angulo y a Palomino Ruiz.<\/p>\n\n\n\n<p>La mujer hab\u00eda sido expulsada del negocio por alguna raz\u00f3n, explic\u00f3, por lo que hace unos disparos y entonces de alg\u00fan otro sitio tambi\u00e9n disparan y en ese cruce de fuego es que los dos muchachos, ajenos a lo que estaba ocurriendo, terminan heridos de muerte.<\/p>\n\n\n\n<p>Garc\u00eda afirm\u00f3 que ambos turistas sufrieron una herida de proyectil de bala, por lo que uno muri\u00f3 en la escena y el otro en el hospital.<\/p>\n\n\n\n<p>\u201cEllos est\u00e1n ajenos a esa situaci\u00f3n, ni los estaban velando ni buscando\u201d, aclar\u00f3.<\/p>\n\n\n\n<p>El director del Cuerpo de Investigaciones Criminales, capit\u00e1n Edwin Figueroa Maldonado, precis\u00f3 que los occisos eran alumnos de la Escuela de Negocios Leonard N. Stern de la Universidad de Nueva York, al igual que otro de El Salvador y uno de Grecia.<\/p>\n\n\n\n<p>El oficial Figueroa Maldonado asegur\u00f3 que los j\u00f3venes pensaban viajar a Miami, en la Florida, pero optaron por Puerto Rico porque era m\u00e1s econ\u00f3mico.<\/p>\n\n\n\n<p>oda\/nrm<\/p>\n","protected":false},"excerpt":{"rendered":"<p>San Juan, 6 may (Prensa Latina) Puerto Rico reaccion\u00f3 hoy consternado con el asesinato esta madrugada de dos j\u00f3venes turistas peruanos, estudiantes de maestr\u00eda en la Universidad de Nueva York (NYU, siglas en ingl\u00e9s).&nbsp;&nbsp;&nbsp;&nbsp; mayo 6, 2023 CDT20:32 (GMT) -0400 Los peruanos Franco Medina Angulo, de 29 a\u00f1os, y Sergio Palomino Ruiz, de 28, que [&hellip;]<\/p>\n","protected":false},"author":28,"featured_media":437993,"comment_status":"closed","ping_status":"","sticky":false,"template":"","format":"standard","meta":{"footnotes":""},"categories":[29],"tags":[],"class_list":["post-437992","post","type-post","status-publish","format-standard","has-post-thumbnail","hentry","category-policiasucesos"],"_links":{"self":[{"href":"https:\/\/diariodominicano.com\/index.php?rest_route=\/wp\/v2\/posts\/437992","targetHints":{"allow":["GET"]}}],"collection":[{"href":"https:\/\/diariodominicano.com\/index.php?rest_route=\/wp\/v2\/posts"}],"about":[{"href":"https:\/\/diariodominicano.com\/index.php?rest_route=\/wp\/v2\/types\/post"}],"author":[{"embeddable":true,"href":"https:\/\/diariodominicano.com\/index.php?rest_route=\/wp\/v2\/users\/28"}],"replies":[{"embeddable":true,"href":"https:\/\/diariodominicano.com\/index.php?rest_route=%2Fwp%2Fv2%2Fcomments&post=437992"}],"version-history":[{"count":1,"href":"https:\/\/diariodominicano.com\/index.php?rest_route=\/wp\/v2\/posts\/437992\/revisions"}],"predecessor-version":[{"id":437994,"href":"https:\/\/diariodominicano.com\/index.php?rest_route=\/wp\/v2\/posts\/437992\/revisions\/437994"}],"wp:featuredmedia":[{"embeddable":true,"href":"https:\/\/diariodominicano.com\/index.php?rest_route=\/wp\/v2\/media\/437993"}],"wp:attachment":[{"href":"https:\/\/diariodominicano.com\/index.php?rest_route=%2Fwp%2Fv2%2Fmedia&parent=437992"}],"wp:term":[{"taxonomy":"category","embeddable":true,"href":"https:\/\/diariodominicano.com\/index.php?rest_route=%2Fwp%2Fv2%2Fcategories&post=437992"},{"taxonomy":"post_tag","embeddable":true,"href":"https:\/\/diariodominicano.com\/index.php?rest_route=%2Fwp%2Fv2%2Ftags&post=437992"}],"curies":[{"name":"wp","href":"https:\/\/api.w.org\/{rel}","templated":true}]}}