{"id":437725,"date":"2023-05-05T23:02:28","date_gmt":"2023-05-06T03:02:28","guid":{"rendered":"http:\/\/diariodominicano.com\/?p=437725"},"modified":"2023-05-05T23:03:15","modified_gmt":"2023-05-06T03:03:15","slug":"pn-apresa-dos-hombres-acusados-de-multiples-atracos-y-robos-en-casas-habitadas-en-santiago","status":"publish","type":"post","link":"https:\/\/diariodominicano.com\/?p=437725","title":{"rendered":"PN apresa dos hombres acusados de m\u00faltiples atracos y robos en casas habitadas en Santiago"},"content":{"rendered":"\n<p>Archivo:<\/p>\n\n\n\n<p><strong>Santiago de los Caballeros, 05 de Mayo 2023.-<\/strong>&nbsp;La Direcci\u00f3n Regional Cibao Central de la Polic\u00eda Nacional, inform\u00f3 la ma\u00f1ana de hoy, sobre el apretamiento por separados, de dos hombres, a quienes se les atribuyen m\u00faltiples&nbsp;&nbsp;robos cometidos en casas habitadas y atraco en la v\u00eda p\u00fablica en diferentes sectores de esta ciudad.<\/p>\n\n\n\n<p>Los&nbsp;&nbsp;prevenidos son identificados por la PN como Adonis Miguel Bonilla Santana, alias \u201cMoscoso\u201d y Am\u00edn De Jes\u00fas Tejada S\u00e1nchez, ambos mayores de edad.<\/p>\n\n\n\n<p>La Polic\u00eda se\u00f1al\u00f3 que los prevenidos se les investiga por m\u00e1s de 50 hechos delictivos, entre ellos atracos en la v\u00eda p\u00fablica y rupturas en casas habitadas, manifestado por ellos mismos durante el proceso interrogatorio.<\/p>\n\n\n\n<p>Bonilla Santana tiene en su contra ocho denuncias, siendo arrestado por agentes de investigaciones perteneciente al destacamento de Cienfuegos, el mismo es identificado por v\u00edctimas, como autor de haber penetrado mediante ruptura a varias residencias habitadas, sustrayendo diferentes tipos de pertenencias, dinero en efectivo, electrodom\u00e9sticos, tenis, celulares, ropas, ajuares de la cocina (seis calderos e igual n\u00famero de cucharones), cilindros de gas, varias tarjetas de cr\u00e9ditos, entre otros objetos.<\/p>\n\n\n\n<p>En tanto Am\u00edn De Jes\u00fas Tejada S\u00e1nchez, fue detenido en el sector La Zurza, a quien tambi\u00e9n se le acusa de vatios robos, el mismo al ser requisado le fue ocupado un rev\u00f3lver marca crosman de aire comprimido.<\/p>\n\n\n\n<p>Los detenidos en las pr\u00f3ximas horas ser\u00e1n puestos a disposici\u00f3n de la justicia para los fines correspondientes de ley.<\/p>\n\n\n\n<p>policia nacional<a target=\"_blank\" href=\"mailto:npolicia14@gmail.com\" rel=\"noreferrer noopener\">npolicia14@gmail.com<\/a><\/p>\n\n\n\n<p><strong>SUBDIRECCION DE COMUNICACIONES ESTRATEGICAS DE LA POLICIA NACIONAL, DIRECCI\u00d3N REGIONAL CIBAO CENTRAL.<\/strong><\/p>\n","protected":false},"excerpt":{"rendered":"<p>Archivo: Santiago de los Caballeros, 05 de Mayo 2023.-&nbsp;La Direcci\u00f3n Regional Cibao Central de la Polic\u00eda Nacional, inform\u00f3 la ma\u00f1ana de hoy, sobre el apretamiento por separados, de dos hombres, a quienes se les atribuyen m\u00faltiples&nbsp;&nbsp;robos cometidos en casas habitadas y atraco en la v\u00eda p\u00fablica en diferentes sectores de esta ciudad. Los&nbsp;&nbsp;prevenidos son identificados [&hellip;]<\/p>\n","protected":false},"author":28,"featured_media":269717,"comment_status":"closed","ping_status":"","sticky":false,"template":"","format":"standard","meta":{"footnotes":""},"categories":[24,29],"tags":[],"class_list":["post-437725","post","type-post","status-publish","format-standard","has-post-thumbnail","hentry","category-justicia-y-derecho","category-policiasucesos"],"_links":{"self":[{"href":"https:\/\/diariodominicano.com\/index.php?rest_route=\/wp\/v2\/posts\/437725","targetHints":{"allow":["GET"]}}],"collection":[{"href":"https:\/\/diariodominicano.com\/index.php?rest_route=\/wp\/v2\/posts"}],"about":[{"href":"https:\/\/diariodominicano.com\/index.php?rest_route=\/wp\/v2\/types\/post"}],"author":[{"embeddable":true,"href":"https:\/\/diariodominicano.com\/index.php?rest_route=\/wp\/v2\/users\/28"}],"replies":[{"embeddable":true,"href":"https:\/\/diariodominicano.com\/index.php?rest_route=%2Fwp%2Fv2%2Fcomments&post=437725"}],"version-history":[{"count":2,"href":"https:\/\/diariodominicano.com\/index.php?rest_route=\/wp\/v2\/posts\/437725\/revisions"}],"predecessor-version":[{"id":437727,"href":"https:\/\/diariodominicano.com\/index.php?rest_route=\/wp\/v2\/posts\/437725\/revisions\/437727"}],"wp:featuredmedia":[{"embeddable":true,"href":"https:\/\/diariodominicano.com\/index.php?rest_route=\/wp\/v2\/media\/269717"}],"wp:attachment":[{"href":"https:\/\/diariodominicano.com\/index.php?rest_route=%2Fwp%2Fv2%2Fmedia&parent=437725"}],"wp:term":[{"taxonomy":"category","embeddable":true,"href":"https:\/\/diariodominicano.com\/index.php?rest_route=%2Fwp%2Fv2%2Fcategories&post=437725"},{"taxonomy":"post_tag","embeddable":true,"href":"https:\/\/diariodominicano.com\/index.php?rest_route=%2Fwp%2Fv2%2Ftags&post=437725"}],"curies":[{"name":"wp","href":"https:\/\/api.w.org\/{rel}","templated":true}]}}