{"id":437416,"date":"2023-05-04T16:55:09","date_gmt":"2023-05-04T20:55:09","guid":{"rendered":"http:\/\/diariodominicano.com\/?p=437416"},"modified":"2023-05-04T17:01:11","modified_gmt":"2023-05-04T21:01:11","slug":"autoridades-informan-incineran-cerca-de-ocho-toneladas-de-drogas-en-lo-que-va-de-ano","status":"publish","type":"post","link":"https:\/\/diariodominicano.com\/?p=437416","title":{"rendered":"Autoridades informan incineran cerca de ocho toneladas de drogas en lo que va de a\u00f1o"},"content":{"rendered":"\n<p><em><u>El Inacif detalla que este jueves fueron quemados otros 273 kilogramos de distintas sustancias narc\u00f3ticas<\/u><\/em><em><u><\/u><\/em><\/p>\n\n\n\n<p>SANTO DOMINGO, Rep\u00fablica Dominicana.- Otros 273 kilogramos de diferentes drogas&nbsp; fueron incinerados este jueves por el Instituto Nacional de Ciencias Forenses (Inacif), alcanzando cerca de ocho toneladas las sustancias narc\u00f3ticas quemadas desde el 12 enero al 4 de mayo de este a\u00f1o 2023.&nbsp;<\/p>\n\n\n\n<p>El director general del Inacif, Francisco Gerdo, quien ofreci\u00f3 los detalles, explic\u00f3 que en total fueron incinerados 273.550 kilogramos de drogas, incluyendo 213.369 kilogramos de marihuana, equivalentes al 78.00%, y 57.067 kilogramos de coca\u00edna, con el 20.86%, adem\u00e1s de 2.552 kilogramos de \u00e9xtasis, para un 0.9330%.&nbsp;<\/p>\n\n\n\n<p>Dijo que tambi\u00e9n fueron incinerados 550 gramos de crack, con 0.2011%; 11 gramos de metanfetamina, para un 0.0042%, y un gramo de fendimetracina, que representa el 0.0002%, as\u00ed como 13.731 kilogramos de otras sustancias que al ser analizadas en el Inacif resultaron negativas a drogas.&nbsp;<\/p>\n\n\n\n<p>Las incautaciones fueron ejecutadas por fiscales y agentes de la Direcci\u00f3n Nacional de Control de Drogas (DNCD) en distintas zonas de Santo Domingo, Distrito Nacional, San Pedro de Macor\u00eds, La Romana, Santiago, Barahona, La Altagracia, San Crist\u00f3bal, Espaillat, Monse\u00f1or Nouel, Puerto Plata, Duarte, Mar\u00eda Trinidad S\u00e1nchez, y en Hato Mayor, Monte Plata, Saman\u00e1, Peravia, Independencia, El\u00edas Pi\u00f1a, San Juan, Valverde, La Vega, Santiago Rodr\u00edguez y El Seibo.&nbsp;<\/p>\n\n\n\n<p>Representantes de diversas instituciones participaron en el acto que como cada jueves se llev\u00f3 a cabo en el recinto del Ej\u00e9rcito de Rep\u00fablica Dominicana, en el municipio Pedro Brand, provincia Santo Domingo.&nbsp;<\/p>\n\n\n\n<p>Un comunicado de prensa institucional destaca las acciones que ejecutan las autoridades en el combate del narcotr\u00e1fico y microtr\u00e1fico, cuya implementaci\u00f3n ha permitido incautar e incinerar en lo que va de este a\u00f1o un total de 7,969.299 kilogramos de diversas sustancias narc\u00f3ticas.&nbsp;<\/p>\n\n\n\n<p>Comunicaciones PGR<a target=\"_blank\" href=\"mailto:comunicaciones@pgr.gob.do\" rel=\"noreferrer noopener\">comunicaciones@pgr.gob.do<\/a><\/p>\n\n\n\n<p>Direcci\u00f3n General de Comunicaci\u00f3n, Prensa, y RRPP<\/p>\n\n\n\n<p>Ministerio P\u00fablico.&nbsp;R.D.<\/p>\n\n\n\n<p>Jueves, 4 de mayo de 2023.<\/p>\n","protected":false},"excerpt":{"rendered":"<p>El Inacif detalla que este jueves fueron quemados otros 273 kilogramos de distintas sustancias narc\u00f3ticas SANTO DOMINGO, Rep\u00fablica Dominicana.- Otros 273 kilogramos de diferentes drogas&nbsp; fueron incinerados este jueves por el Instituto Nacional de Ciencias Forenses (Inacif), alcanzando cerca de ocho toneladas las sustancias narc\u00f3ticas quemadas desde el 12 enero al 4 de mayo de [&hellip;]<\/p>\n","protected":false},"author":28,"featured_media":437417,"comment_status":"closed","ping_status":"","sticky":true,"template":"","format":"standard","meta":{"footnotes":""},"categories":[24,29,27],"tags":[],"class_list":["post-437416","post","type-post","status-publish","format-standard","has-post-thumbnail","hentry","category-justicia-y-derecho","category-policiasucesos","category-portada"],"_links":{"self":[{"href":"https:\/\/diariodominicano.com\/index.php?rest_route=\/wp\/v2\/posts\/437416","targetHints":{"allow":["GET"]}}],"collection":[{"href":"https:\/\/diariodominicano.com\/index.php?rest_route=\/wp\/v2\/posts"}],"about":[{"href":"https:\/\/diariodominicano.com\/index.php?rest_route=\/wp\/v2\/types\/post"}],"author":[{"embeddable":true,"href":"https:\/\/diariodominicano.com\/index.php?rest_route=\/wp\/v2\/users\/28"}],"replies":[{"embeddable":true,"href":"https:\/\/diariodominicano.com\/index.php?rest_route=%2Fwp%2Fv2%2Fcomments&post=437416"}],"version-history":[{"count":2,"href":"https:\/\/diariodominicano.com\/index.php?rest_route=\/wp\/v2\/posts\/437416\/revisions"}],"predecessor-version":[{"id":437422,"href":"https:\/\/diariodominicano.com\/index.php?rest_route=\/wp\/v2\/posts\/437416\/revisions\/437422"}],"wp:featuredmedia":[{"embeddable":true,"href":"https:\/\/diariodominicano.com\/index.php?rest_route=\/wp\/v2\/media\/437417"}],"wp:attachment":[{"href":"https:\/\/diariodominicano.com\/index.php?rest_route=%2Fwp%2Fv2%2Fmedia&parent=437416"}],"wp:term":[{"taxonomy":"category","embeddable":true,"href":"https:\/\/diariodominicano.com\/index.php?rest_route=%2Fwp%2Fv2%2Fcategories&post=437416"},{"taxonomy":"post_tag","embeddable":true,"href":"https:\/\/diariodominicano.com\/index.php?rest_route=%2Fwp%2Fv2%2Ftags&post=437416"}],"curies":[{"name":"wp","href":"https:\/\/api.w.org\/{rel}","templated":true}]}}