{"id":43737,"date":"2019-05-27T01:10:29","date_gmt":"2019-05-27T01:10:29","guid":{"rendered":"http:\/\/diariodominicano.ddns.net\/?p=43737"},"modified":"2019-05-27T01:10:29","modified_gmt":"2019-05-27T01:10:29","slug":"la-arrogancia-del-poderfranklin-almeyda-rancier","status":"publish","type":"post","link":"https:\/\/diariodominicano.com\/?p=43737","title":{"rendered":"\u00abLA ARROGANCIA DEL PODER\u00bb&#13;&#13;FRANKLIN ALMEYDA RANCIER&#13;"},"content":{"rendered":"<p><body><\/p>\n<\/p>\n<\/p>\n<p>\u00abLa arrogancia del poder\u00bb es el t\u00edtulo publicado por Anthony Summers, traducido por Inma Guti\u00e9rrez Hermosa (Barcelona, 2003). Se refiere a la biograf\u00eda pol\u00edtica de Richard Nixon, trig\u00e9simo s\u00e9ptimo Presidente de los EEUU, juramentado el 20 de enero de 1969. En marzo de 1974 un Gran Jurado Federal lo declar\u00f3 copart\u00edcipe, sin cargos formales, en una conspiraci\u00f3n para obstruir la justicia en la investigaci\u00f3n del esc\u00e1ndalo Watergate. Obligado a renuncia cinco meses despu\u00e9s, en agosto de ese mismo a\u00f1o  1974.<\/p>\n<\/p>\n<p>Sobre \u00e9l dijo Martin Luther King, despu\u00e9s de una reuni\u00f3n siendo Nixon vicepresidente de Dwight D. Eisenhower (1953-1961), que es \u00abun genio para convencer a la gente de su sinceridad&#8230; Casi te desarma con su sinceridad &#8230; Si Nixon no es sincero, es el hombre m\u00e1s peligroso de Estados Unidos\u00bb.<\/p>\n<\/p>\n<p>Es que la arrogancia desde el poder est\u00e1 asociada a la mentira y la simulaci\u00f3n. Esa arrogancia toma mayores proporciones cuando la manifiesta el entorno presidencial, no obstante los esfuerzos de un presidente en lucir humilde y sencillo. Peor si el prop\u00f3sito es hacer ver que esa conducta tiene el consentimiento presidencial.<\/p>\n<\/p>\n<p>Reflexion\u00e9 sobre este tema, leyendo un titular en primera p\u00e1gina y a 5 columnas (Hoy 22 de mayo 2019), que dec\u00eda: \u00abPeralta afirma en el CP-PLD temen poner sobre la mesa el tema de la reelecci\u00f3n\u00bb. Esas declaraciones fueron dadas el 21, para poder salir el 22; precisamente el mismo d\u00eda que en un twitter Ramon Ventura Camejo, miembro del CP y quien con su cuota hizo miembro del CC a Peralta, dijo: <\/p>\n<\/p>\n<p>\u00abEl pacto de Juan Dolio carece de legitimidad democr\u00e1tica por ser fruto de la rebeli\u00f3n de las minor\u00edas, por lo tanto consideramos que m\u00e1s que un pacto fue un atraco\u00bb.<\/p>\n<\/p>\n<p>Es oportuno preguntarse \u00bfa qu\u00e9 viene ese tema de la ilegitimidad del pacto del 2015? \u00bfSe quiere dejar sin efecto? \u00bfPor qu\u00e9? Son varias las preguntas. Una respuesta puede ser suficiente. El pacto por ser un acuerdo interno, s\u00f3lo el Congreso que lo aprob\u00f3 puede anularlo y ese congreso de delegados est\u00e1 convocado para el 30 de mayo pr\u00f3ximo; aunque eso s\u00f3lo ser\u00eda posible si se incluye en su agenda, previamente, puesto es un congreso extraordinario.<\/p>\n<\/p>\n<p>Si se quiere su nulidad debe ser para darle libertad al CP para que apruebe la reforma constitucional y as\u00ed obligar a los legisladores del PLD a votar por ella, bajo la amenaza de ser expulsados del PLD. Proceder as\u00ed, dir\u00eda hasta el mas simple ser humano, ser\u00eda arriesgar la unidad partidaria.<\/p>\n<\/p>\n<p>Las declaraciones \u00faltimas del Dr. Leonel Fern\u00e1ndez parecieron una reiteraci\u00f3n a su posici\u00f3n, pero deben tomarse como una respuesta, cuando dijo que no acceder\u00eda de ninguna manera a una modificaci\u00f3n de la Carta Magna. <\/p>\n<\/p>\n<p>Esas declaraciones valen, igualmente, para otra v\u00eda por la que se busca lo mismo.Los votos faltantes los tiene tambi\u00e9n el PRM y a ese partido se le \u00absugiere\u00bb la reforma para unificar en un mismo d\u00eda los comicios. Sobre esto ha hablado el diputado Elpidio B\u00e1ez, dirigido por el mismo de las declaraciones temerarias sobre el CP-PLD.<\/p>\n<\/p>\n<p>Es procedente formular, aunque no responder, una pregunta \u00bfQu\u00e9 suceder\u00eda con el PRM si entra en ese juego?<\/p>\n<\/p>\n<p>Lo propio, por estar a la vista, es afirmar que el poder obnubila y conduce a la arrogancia.<\/p>\n<\/p>\n<p><strong>El autor es miembro del CP del PLD, ex Ministro de Interior y ex Rector de la UASD.<\/strong><\/p>\n<\/p>\n<\/p>\n<\/p>\n<\/p>\n<\/p>\n<h6> 2019-05-27 01:10:29 <\/h6>\n<p><!--\n<link rel=\"stylesheet\" href=\"css\/bootstrap.min.css\">\n\n\n<ul class=\"pagination\">\n\t    \n\t\n\n<li >\n\t<a href='?page_no=661'>Previous<\/a>\n\t<\/li>\n\n\n       \n    \n\n<li><a href='?page_no=1'>1<\/a><\/li>\n\n\n\n<li><a href='?page_no=2'>2<\/a><\/li>\n\n\n\n<li><a>...<\/a><\/li>\n\n\n\n<li><a href='?page_no=660'>660<\/a><\/li>\n\n\n\n<li><a href='?page_no=661'>661<\/a><\/li>\n\n\n\n<li class='active'><a>662<\/a><\/li>\n\n\n\n<li><a href='?page_no=663'>663<\/a><\/li>\n\n\n\n<li><a href='?page_no=664'>664<\/a><\/li>\n\n\n\n<li><a>...<\/a><\/li>\n\n\n\n<li><a href='?page_no=13611'>13611<\/a><\/li>\n\n\n\n<li><a href='?page_no=13612'>13612<\/a><\/li>\n\n    \n\t\n\n<li >\n\t<a href='?page_no=663'>Next<\/a>\n\t<\/li>\n\n\n    \n\n<li><a href='?page_no=13612'>Last &rsaquo;&rsaquo;<\/a><\/li>\n\n<\/ul>\n\n\n--><br \/>\n<\/body><\/p>\n","protected":false},"excerpt":{"rendered":"<p>\u00abLa arrogancia del poder\u00bb es el t\u00edtulo publicado por Anthony Summers, traducido por Inma Guti\u00e9rrez Hermosa (Barcelona, 2003). Se refiere a la biograf\u00eda pol\u00edtica de Richard Nixon, trig\u00e9simo s\u00e9ptimo Presidente de los EEUU, juramentado el 20 de enero de 1969. En marzo de 1974 un Gran Jurado Federal lo declar\u00f3 copart\u00edcipe, sin cargos formales, en [&hellip;]<\/p>\n","protected":false},"author":3,"featured_media":0,"comment_status":"open","ping_status":"open","sticky":false,"template":"","format":"standard","meta":{"footnotes":""},"categories":[16],"tags":[],"class_list":["post-43737","post","type-post","status-publish","format-standard","hentry","category-opiniones"],"_links":{"self":[{"href":"https:\/\/diariodominicano.com\/index.php?rest_route=\/wp\/v2\/posts\/43737","targetHints":{"allow":["GET"]}}],"collection":[{"href":"https:\/\/diariodominicano.com\/index.php?rest_route=\/wp\/v2\/posts"}],"about":[{"href":"https:\/\/diariodominicano.com\/index.php?rest_route=\/wp\/v2\/types\/post"}],"author":[{"embeddable":true,"href":"https:\/\/diariodominicano.com\/index.php?rest_route=\/wp\/v2\/users\/3"}],"replies":[{"embeddable":true,"href":"https:\/\/diariodominicano.com\/index.php?rest_route=%2Fwp%2Fv2%2Fcomments&post=43737"}],"version-history":[{"count":0,"href":"https:\/\/diariodominicano.com\/index.php?rest_route=\/wp\/v2\/posts\/43737\/revisions"}],"wp:attachment":[{"href":"https:\/\/diariodominicano.com\/index.php?rest_route=%2Fwp%2Fv2%2Fmedia&parent=43737"}],"wp:term":[{"taxonomy":"category","embeddable":true,"href":"https:\/\/diariodominicano.com\/index.php?rest_route=%2Fwp%2Fv2%2Fcategories&post=43737"},{"taxonomy":"post_tag","embeddable":true,"href":"https:\/\/diariodominicano.com\/index.php?rest_route=%2Fwp%2Fv2%2Ftags&post=43737"}],"curies":[{"name":"wp","href":"https:\/\/api.w.org\/{rel}","templated":true}]}}