{"id":437238,"date":"2023-05-04T00:17:57","date_gmt":"2023-05-04T04:17:57","guid":{"rendered":"http:\/\/diariodominicano.com\/?p=437238"},"modified":"2023-05-04T00:17:57","modified_gmt":"2023-05-04T04:17:57","slug":"destituyen-por-presunta-corrupcion-a-embajador-de-haiti-en-eeuu","status":"publish","type":"post","link":"https:\/\/diariodominicano.com\/?p=437238","title":{"rendered":"Destituyen por presunta corrupci\u00f3n a embajador de Hait\u00ed en EEUU"},"content":{"rendered":"\n<p>Puerto Pr\u00edncipe, 3 may (Prensa Latina) El embajador de Hait\u00ed en Estados Unidos, Bocchit Edmond, fue destituido definitivamente del cargo por sospechas de corrupci\u00f3n, confirm\u00f3 hoy el ministro de Relaciones Exteriores, Jean Victor G\u00e9n\u00e9us.&nbsp;&nbsp;&nbsp;&nbsp;<\/p>\n\n\n\n<ul class=\"wp-block-list\"><li>mayo 3, 2023<\/li><li>CDT23:47 (GMT) -0400<\/li><\/ul>\n\n\n\n<p>Despu\u00e9s de varios d\u00edas de rumores en los medios de prensa, la Canciller\u00eda confirm\u00f3 que decidi\u00f3 llamar a Puerto Pr\u00edncipe al diplom\u00e1tico tras una carta de las autoridades de Washington que reprochaba su representaci\u00f3n y gesti\u00f3n, de acuerdo con la plataforma June 7.<\/p>\n\n\n\n<p>Estados Unidos acus\u00f3 a Edmond de violar la Convenci\u00f3n de Viena sobre relaciones internacionales y de establecer un sistema de corrupci\u00f3n con la expedici\u00f3n de pasaportes.<\/p>\n\n\n\n<p>Medios de prensa locales indicaron que el excanciller durante la presidencia de Jovenel Mo\u00efse (2017-2021) exped\u00eda pasaportes a personas que escapaban de la ley para que se refugiaran en Hait\u00ed.<\/p>\n\n\n\n<p>La legaci\u00f3n dirigida por Edmond tambi\u00e9n estuvo en la mira en marzo pasado por el manejo de los fondos de los pasaportes, contratos problem\u00e1ticos, incluidos los de cabildeo.<\/p>\n\n\n\n<p>En ese entonces, el canciller G\u00e9n\u00e9us indic\u00f3 que se realizaron misiones de inspecci\u00f3n y auditor\u00eda a los consulados y abog\u00f3 por sancionar los casos confirmados de corrupci\u00f3n que empa\u00f1an la imagen de las relaciones exteriores del pa\u00eds caribe\u00f1o.<\/p>\n\n\n\n<p>Con 30 a\u00f1os de carrera diplom\u00e1tica, Edmond prest\u00f3 servicios en Jamaica, Panam\u00e1, Reino Unido y Colombia, adem\u00e1s de ser representante permanente de Hait\u00ed ante la Organizaci\u00f3n de Estados Americanos de 2012 a 2014, canciller de 2018 a 2020 y a partir de 2019 tambi\u00e9n fungi\u00f3 como ministro de Turismo.<\/p>\n\n\n\n<p>jha\/ane<\/p>\n","protected":false},"excerpt":{"rendered":"<p>Puerto Pr\u00edncipe, 3 may (Prensa Latina) El embajador de Hait\u00ed en Estados Unidos, Bocchit Edmond, fue destituido definitivamente del cargo por sospechas de corrupci\u00f3n, confirm\u00f3 hoy el ministro de Relaciones Exteriores, Jean Victor G\u00e9n\u00e9us.&nbsp;&nbsp;&nbsp;&nbsp; mayo 3, 2023 CDT23:47 (GMT) -0400 Despu\u00e9s de varios d\u00edas de rumores en los medios de prensa, la Canciller\u00eda confirm\u00f3 que [&hellip;]<\/p>\n","protected":false},"author":28,"featured_media":437239,"comment_status":"closed","ping_status":"","sticky":false,"template":"","format":"standard","meta":{"footnotes":""},"categories":[112,23],"tags":[],"class_list":["post-437238","post","type-post","status-publish","format-standard","has-post-thumbnail","hentry","category-haiti","category-internacional"],"_links":{"self":[{"href":"https:\/\/diariodominicano.com\/index.php?rest_route=\/wp\/v2\/posts\/437238","targetHints":{"allow":["GET"]}}],"collection":[{"href":"https:\/\/diariodominicano.com\/index.php?rest_route=\/wp\/v2\/posts"}],"about":[{"href":"https:\/\/diariodominicano.com\/index.php?rest_route=\/wp\/v2\/types\/post"}],"author":[{"embeddable":true,"href":"https:\/\/diariodominicano.com\/index.php?rest_route=\/wp\/v2\/users\/28"}],"replies":[{"embeddable":true,"href":"https:\/\/diariodominicano.com\/index.php?rest_route=%2Fwp%2Fv2%2Fcomments&post=437238"}],"version-history":[{"count":1,"href":"https:\/\/diariodominicano.com\/index.php?rest_route=\/wp\/v2\/posts\/437238\/revisions"}],"predecessor-version":[{"id":437240,"href":"https:\/\/diariodominicano.com\/index.php?rest_route=\/wp\/v2\/posts\/437238\/revisions\/437240"}],"wp:featuredmedia":[{"embeddable":true,"href":"https:\/\/diariodominicano.com\/index.php?rest_route=\/wp\/v2\/media\/437239"}],"wp:attachment":[{"href":"https:\/\/diariodominicano.com\/index.php?rest_route=%2Fwp%2Fv2%2Fmedia&parent=437238"}],"wp:term":[{"taxonomy":"category","embeddable":true,"href":"https:\/\/diariodominicano.com\/index.php?rest_route=%2Fwp%2Fv2%2Fcategories&post=437238"},{"taxonomy":"post_tag","embeddable":true,"href":"https:\/\/diariodominicano.com\/index.php?rest_route=%2Fwp%2Fv2%2Ftags&post=437238"}],"curies":[{"name":"wp","href":"https:\/\/api.w.org\/{rel}","templated":true}]}}