{"id":43714,"date":"2020-09-23T02:03:33","date_gmt":"2020-09-23T02:03:33","guid":{"rendered":"http:\/\/diariodominicano.ddns.net\/?p=43714"},"modified":"2020-09-23T02:03:33","modified_gmt":"2020-09-23T02:03:33","slug":"entre-millonarios-y-pobres","status":"publish","type":"post","link":"https:\/\/diariodominicano.com\/?p=43714","title":{"rendered":"Entre millonarios y pobres"},"content":{"rendered":"<p><body><\/p>\n<p><strong>Diariodominicano.com<\/strong><\/p>\n<p><strong>Entre millonarios y pobres <\/strong><\/p>\n<p><strong>Manuel D\u00edaz Aponte <\/strong><\/p>\n<\/p>\n<p>La gente espera ver el primer preso corrupto en la c\u00e1rcel para aplaudir delirantemente. Ello podr\u00eda comenzar a saciar la sed de Justicia en el pa\u00eds. <\/p>\n<\/p>\n<p>Es una de las principales aspiraciones de los dominicanos en esta etapa del siglo 21, que se agrega a viejos reclamos como la inseguridad ciudadana, falta de agua potable, vivienda, energ\u00eda el\u00e9ctrica y creaci\u00f3n de empleos.   <\/p>\n<\/p>\n<p>En la d\u00e9cada del setenta muchos dominicanos ofrendaron sus vidas en una lucha tenaz contra el gobierno de doce a\u00f1os de Joaqu\u00edn Balaguer, que cercen\u00f3 los derechos humanos y las libertades p\u00fablicas e individuales.    <\/p>\n<\/p>\n<p>Si no hay una respuesta contundente del aparato judicial contra los escandalosos actos de corrupci\u00f3n que esperamos sean ventilados en los tribunales, es casi seguro que la poblaci\u00f3n se lanzar\u00e1 a las calles a demandar justicia.  <\/p>\n<\/p>\n<p>El pueblo no soportar\u00e1 ser burlado nuevamente porque estamos ante un sentimiento colectivo que demanda castigo para los corruptos.       <\/p>\n<\/p>\n<p>Hemos llegado a un punto cr\u00edtico en lo que tiene que ver con la urgencia de aplicar la transparencia en el manejo de las instituciones y recursos del Estado. Pero a la vez, surgen nuevas voces que creen firmemente en que la pobreza que nos abate es consecuencia directa del robo del erario p\u00fablico.           <\/p>\n<\/p>\n<p>La reiteraci\u00f3n del presidente de la Rep\u00fablica, Luis Abinader, con una gesti\u00f3n honesta y transparente as\u00ed como de respaldar a la Justicia en la persecuci\u00f3n contra los desfalcadores de los bienes estatales es un serio compromiso.    <\/p>\n<\/p>\n<p>\u00bfPodr\u00e1n los jueces eludir sus responsabilidades y el ineludible reto hist\u00f3rico de aplicar justicia cuando tengan que fijar posiciones ante las pruebas de actos de corrupci\u00f3n en las  administraciones gubernamentales del PLD, o de la presente gesti\u00f3n que pudieran presentarse?        <\/p>\n<\/p>\n<p>Ahora que se inicia el juicio de fondo por los sobornos de Odebrecht, algunos han perdido la fe de que esta vez haya consecuencias. <\/p>\n<\/p>\n<p>Una Perversidad  <\/p>\n<\/p>\n<p>El expediente mostrenco que instrumentara el anterior Procurador General, Jean Alain Rodr\u00edguez, en la fase inicial de la investigaci\u00f3n, tuvo como objetivo deliberado la exclusi\u00f3n selectiva de aquellos que recibieron altas sumas en cohecho.         <\/p>\n<\/p>\n<p>N\u00f3tese que no aparece ning\u00fan funcionario del gobierno de los 8 a\u00f1os de Danilo Medina en el expediente, a\u00fan cuando fue en ese periodo gubernamental donde m\u00e1s dinero en coima distribuy\u00f3 la multinacional brasile\u00f1a.   <\/p>\n<\/p>\n<p>No obstante, las nuevas autoridades que dirigen los estamentos judiciales en estos momentos tendr\u00e1n la oportunidad de revisar esa situaci\u00f3n y abocarse a profundizar las indagatorias del esc\u00e1ndalo que sacudi\u00f3 a una docena de pa\u00edses.       <\/p>\n<\/p>\n<p>Causa indignaci\u00f3n en el pueblo dominicano ver el listado de millonarios que ha parido la pol\u00edtica al amparo de la corrupci\u00f3n.  <\/p>\n<\/p>\n<p>El crecimiento patrimonial declarado ante la C\u00e1mara de Cuentas de funcionarios del pasado gobierno es una ofensa a un pueblo que todav\u00eda carece de los servicios esenciales.    <\/p>\n<\/p>\n<p>\u00bfSer\u00e1 real el patrimonio jurado por el ex ministro de Turismo, Francisco Javier Garc\u00eda, de 41 millones de pesos luego de permanecer 16 a\u00f1os en el cargo? <\/p>\n<\/p>\n<p>Este hombre sin hablar ni escribir el idioma ingl\u00e9s hizo de ese Ministerio un feudo personal, a tal punto, que es considerado uno de los bur\u00f3cratas pol\u00edticos m\u00e1s ricos de la naci\u00f3n.   <\/p>\n<\/p>\n<p>\u00c9l es due\u00f1o, seg\u00fan revelaciones de Guido G\u00f3mez Mazara, de diversas torres de lujo en sectores exclusivos de la ciudad de Santo Domingo, entre ellos, Piantini.    <\/p>\n<\/p>\n<p>Pero Garc\u00eda, como la mayor\u00eda de los hoy multimillonarios ex funcionarios de los gobiernos del Partido de la Liberaci\u00f3n Dominicana (PLD), lleg\u00f3 al poder siendo un simple \u00abdescamisado\u00bb.     <\/p>\n<\/p>\n<p>No tiene c\u00f3mo justificar tanta riqueza a\u00fan con el lujoso salario que devengaba en el Ministerio de Turismo y de recibir una buena tajada en d\u00f3lares por concepto de vi\u00e1ticos en los centenares de viajes oficiales que realiz\u00f3 al exterior.  <\/p>\n<\/p>\n<p>La Procuradur\u00eda General se aboca a levantar una exhaustiva investigaci\u00f3n sobre los patrimonios declarados por los funcionarios del anterior gobierno as\u00ed como los actuales titulares. <\/p>\n<\/p>\n<p>La gente cree una burla la declaraci\u00f3n patrimonial de Danilo Medina, de apenas 25 millones de pesos.    <\/p>\n<\/p>\n<p>En cambio, lo declarado por el presidente Luis Abinader, equivalente a 70 millones de d\u00f3lares, es aceptado como real por la tradici\u00f3n empresarial de su familia. Y adem\u00e1s, el actual mandatario no hab\u00eda ocupado ning\u00fan cargo p\u00fablico.  <\/p>\n<\/p>\n<p>Rostro de la Pobreza <\/p>\n<\/p>\n<p>El rostro de la pobreza se expande por doquier en magnitud que podr\u00eda desestabilizar el propio status quo.  <\/p>\n<\/p>\n<p>Ir\u00f3nicamente en el pa\u00eds como en otras naciones con estratificaciones econ\u00f3micas y sociales similares se est\u00e1 produciendo un fen\u00f3meno singular y nuevo a la vez, la gente agot\u00f3 la paciencia y parece decidida a perderlo todo.     <\/p>\n<\/p>\n<p>Ese \u00abtodo\u00bb ser\u00eda la propia vida porque al final de cuentas sus esperanzas se las trag\u00f3 la corrupci\u00f3n.  <\/p>\n<\/p>\n<p>La desigualdad social de Rep\u00fablica Dominicana es lacerante,  dolorosa y preocupante. Y sobre todo, indignante. Las reacciones a las Declaraciones de Bienes Patrimoniales abren nuevas heridas en el debilitado cuerpo de los pauperizados. <\/p>\n<\/p>\n<p>La gente siente que los protagonistas del sistema se han burlado de aquellos que con mucho sacrificio pagamos impuestos, cumplimos con las leyes de la naci\u00f3n y llevamos una vida de constre\u00f1imiento para tratar de subsistir.  <\/p>\n<\/p>\n<p>Pol\u00edticos convertidos hoy en millonarios y que no pueden justificar ese crecimiento de su patrimonio, est\u00e1n acelerando la toma de conciencia de la poblaci\u00f3n acerca de su futuro inmediato. <\/p>\n<\/p>\n<p>No ser\u00eda sorpresa si la poblaci\u00f3n se lanza a las calles a protestar si reeditamos la impunidad, dejando de aplicarse el peso de la ley a los desfalcadores de los bienes p\u00fablicos. <\/p>\n<\/p>\n<p>La \u00fanica posibilidad de que ello no ocurra es si realmente la Justicia le devuelve la confianza a la ciudadan\u00eda actuando con rectitud y firmeza contra los millonarios al vapor que cargaron con los recursos del Estado, particularmente en los \u00faltimos veinte a\u00f1os.  <\/p>\n<\/p>\n<p>No olvidemos el respaldo popular alcanzado por el movimiento Marcha Verde y de aquellos j\u00f3venes que valientemente escenificaron protestas en la Plaza de la Bandera, en Santo Domingo, demandando entre otras cosas el cese a la impunidad y castigo a los corruptos.   <\/p>\n<\/p>\n<p>El viejo refr\u00e1n que reza: \u00abA quien Dios se lo dio, San Pedro se lo bendiga\u00bb, no podr\u00e1 nunca bendecir ese ladronicio, principal causante de la pauperizaci\u00f3n de la mayor\u00eda de los dominicanos y la desaparici\u00f3n de la otrora clase media. <\/p>\n<\/p>\n<p>La corrupci\u00f3n administrativa genera adem\u00e1s marginalidad,  desempleo, inseguridad, deterioro de los servicios hospitalarios, polic\u00edas mal pagados, crecimiento delincuencial y caos social.  <\/p>\n<\/p>\n<p>Articulo de Manuel D\u00edaz Aponte  <\/p>\n<\/p>\n<h6> 2020-09-23 02:03:33 <\/h6>\n<p><!--\n<link rel=\"stylesheet\" href=\"css\/bootstrap.min.css\">\n\n\n<ul class=\"pagination\">\n\t    \n\t\n\n<li >\n\t<a href='?page_no=65'>Previous<\/a>\n\t<\/li>\n\n\n       \n    \n\n<li><a href='?page_no=1'>1<\/a><\/li>\n\n\n\n<li><a href='?page_no=2'>2<\/a><\/li>\n\n\n\n<li><a>...<\/a><\/li>\n\n\n\n<li><a href='?page_no=64'>64<\/a><\/li>\n\n\n\n<li><a href='?page_no=65'>65<\/a><\/li>\n\n\n\n<li class='active'><a>66<\/a><\/li>\n\n\n\n<li><a href='?page_no=67'>67<\/a><\/li>\n\n\n\n<li><a href='?page_no=68'>68<\/a><\/li>\n\n\n\n<li><a>...<\/a><\/li>\n\n\n\n<li><a href='?page_no=13611'>13611<\/a><\/li>\n\n\n\n<li><a href='?page_no=13612'>13612<\/a><\/li>\n\n    \n\t\n\n<li >\n\t<a href='?page_no=67'>Next<\/a>\n\t<\/li>\n\n\n    \n\n<li><a href='?page_no=13612'>Last &rsaquo;&rsaquo;<\/a><\/li>\n\n<\/ul>\n\n\n--><br \/>\n<\/body><\/p>\n","protected":false},"excerpt":{"rendered":"<p>Diariodominicano.com Entre millonarios y pobres Manuel D\u00edaz Aponte La gente espera ver el primer preso corrupto en la c\u00e1rcel para aplaudir delirantemente. Ello podr\u00eda comenzar a saciar la sed de Justicia en el pa\u00eds. Es una de las principales aspiraciones de los dominicanos en esta etapa del siglo 21, que se agrega a viejos reclamos [&hellip;]<\/p>\n","protected":false},"author":3,"featured_media":0,"comment_status":"open","ping_status":"open","sticky":false,"template":"","format":"standard","meta":{"footnotes":""},"categories":[16],"tags":[],"class_list":["post-43714","post","type-post","status-publish","format-standard","hentry","category-opiniones"],"_links":{"self":[{"href":"https:\/\/diariodominicano.com\/index.php?rest_route=\/wp\/v2\/posts\/43714","targetHints":{"allow":["GET"]}}],"collection":[{"href":"https:\/\/diariodominicano.com\/index.php?rest_route=\/wp\/v2\/posts"}],"about":[{"href":"https:\/\/diariodominicano.com\/index.php?rest_route=\/wp\/v2\/types\/post"}],"author":[{"embeddable":true,"href":"https:\/\/diariodominicano.com\/index.php?rest_route=\/wp\/v2\/users\/3"}],"replies":[{"embeddable":true,"href":"https:\/\/diariodominicano.com\/index.php?rest_route=%2Fwp%2Fv2%2Fcomments&post=43714"}],"version-history":[{"count":0,"href":"https:\/\/diariodominicano.com\/index.php?rest_route=\/wp\/v2\/posts\/43714\/revisions"}],"wp:attachment":[{"href":"https:\/\/diariodominicano.com\/index.php?rest_route=%2Fwp%2Fv2%2Fmedia&parent=43714"}],"wp:term":[{"taxonomy":"category","embeddable":true,"href":"https:\/\/diariodominicano.com\/index.php?rest_route=%2Fwp%2Fv2%2Fcategories&post=43714"},{"taxonomy":"post_tag","embeddable":true,"href":"https:\/\/diariodominicano.com\/index.php?rest_route=%2Fwp%2Fv2%2Ftags&post=43714"}],"curies":[{"name":"wp","href":"https:\/\/api.w.org\/{rel}","templated":true}]}}