{"id":437139,"date":"2023-05-03T22:04:04","date_gmt":"2023-05-04T02:04:04","guid":{"rendered":"http:\/\/diariodominicano.com\/?p=437139"},"modified":"2023-05-03T22:04:04","modified_gmt":"2023-05-04T02:04:04","slug":"bandas-de-haitianos-desafian-la-llegada-del-ejercito-a-manzanillo-y-roban-dos-motocicletas","status":"publish","type":"post","link":"https:\/\/diariodominicano.com\/?p=437139","title":{"rendered":"Bandas\u00a0de haitianos\u00a0desaf\u00edan la llegada del\u00a0Ej\u00e9rcito a Manzanillo y roban dos motocicletas\u00a0"},"content":{"rendered":"\n<p>El comunicador Edward L\u00f3pez muestra el espacio violentado  por los delincuentes para realizar el robo.<\/p>\n\n\n\n<p><strong>Destacan incidente con la Prensa de Manzanillo<\/strong><\/p>\n\n\n\n<p><strong>Por Frank Valenzuela<\/strong><strong><\/strong><\/p>\n\n\n\n<p><strong>&nbsp;Manzanillo, Montecristi<\/strong>. En una clara demostraci\u00f3n de desaf\u00edo, delincuentes de bandas haitianas en combinaci\u00f3n con dominicanos robaron la madrugada de este mi\u00e9rcoles dos motocicletas en la empresa Plantaciones del Norte, localizada en el trayecto de la&nbsp;carretera Manzanillo-Copey, poniendo en duda la efectividad de la presencia militar en el municipio.<\/p>\n\n\n\n<figure class=\"wp-block-image size-full\"><img loading=\"lazy\" decoding=\"async\" width=\"448\" height=\"336\" src=\"https:\/\/diariodominicano.com\/wp-content\/uploads\/2023\/05\/El-comunicador-Edward-Lopez-muestra-el-Parqueo-de-la-empresa-Plantaciones-del-Norte-de-donde-fueron-robado-los-motores.jpg\" alt=\"\" class=\"wp-image-437141\" srcset=\"https:\/\/diariodominicano.com\/wp-content\/uploads\/2023\/05\/El-comunicador-Edward-Lopez-muestra-el-Parqueo-de-la-empresa-Plantaciones-del-Norte-de-donde-fueron-robado-los-motores.jpg 448w, https:\/\/diariodominicano.com\/wp-content\/uploads\/2023\/05\/El-comunicador-Edward-Lopez-muestra-el-Parqueo-de-la-empresa-Plantaciones-del-Norte-de-donde-fueron-robado-los-motores-300x225.jpg 300w\" sizes=\"auto, (max-width: 448px) 100vw, 448px\" \/><figcaption> Edward L\u00f3pez muestra el parqueo de la empresa.<\/figcaption><\/figure>\n\n\n\n<p>Los empleados de la empresa exportadora de bananos que trabajan en la tanda diurna &nbsp;&nbsp;dejan sus motores en el &nbsp;parqueo&nbsp; de la empresa que es visible, el cual &nbsp;se ha considerado seguro y al donde los delincuentes rompieron la alambrada para penetrar y cargar con las motocicletas.<\/p>\n\n\n\n<p>La clara evidencia de que en el accionar de la ola de elocuencia que ocurre en Manzanillo hay participaci\u00f3n de delincuentes dominicanos que localizan donde robar, es el caso de que una de las motocicletas sustra\u00edda hoy, &nbsp;fue robada la semana pasada y tuvo que ser abandonada por ladrones haitianos cuando se dieron cuenta de que estaban siendo perseguidos por los residentes del sector Villa Raif de Manzanillo, quienes se han organizado en comit\u00e9s de vigilancia para prevenir los robos.<\/p>\n\n\n\n<p>Entre esa medida se destaca la necesidad de instalar en Manzanillo una Supervisor\u00eda de la Polic\u00eda Nacional ya que no es posible que con tres polic\u00edas existentes se pueda hablar de garant\u00eda de seguridad en el municipio.<\/p>\n\n\n\n<p>Ante esta situaci\u00f3n, es urgente la necesidad de fortalecer el patrullaje en la zona y hacerlo permanente, igualmente es importante que el ej\u00e9rcito y las autoridades correspondientes tomen medidas m\u00e1s contundentes para combatir el crimen organizado transfronterizo y garantizar la seguridad de la comunidad de Manzanillo.<\/p>\n\n\n\n<p>Asimismo, es fundamental la instalaci\u00f3n de c\u00e1maras de seguridad, la intensificaci\u00f3n del patrullaje en horas nocturnas y la cooperaci\u00f3n entre la poblaci\u00f3n y las autoridades son medidas necesarias para garantizar la seguridad en la zona.<\/p>\n\n\n\n<p>Igualmente se hace necesario que la direcci\u00f3n del Ejercito Nacional ordene que se detenga las acciones de peajes que se realizan en la desembocadura del rio Masacres sin existir Oficina de Aduana en ese lugar, acci\u00f3n que lleva tiempo realiz\u00e1ndose y conocida por la ciudadan\u00eda de Manzanillo.<\/p>\n\n\n\n<p>La comunidad de Manzanillo exige una respuesta inmediata de las autoridades y del ej\u00e9rcito ante la situaci\u00f3n de inseguridad que enfrentan d\u00eda a d\u00eda. Es necesario que se tome en serio esta problem\u00e1tica y se act\u00fae de manera efectiva para combatir el crimen organizado transfronterizo y garantizar la paz y tranquilidad de la poblaci\u00f3n.<\/p>\n\n\n\n<p>La falta de acci\u00f3n en este tema puede generar graves consecuencias para la seguridad y estabilidad de la zona, as\u00ed como para la econom\u00eda y desarrollo de la comunidad. Por lo tanto, es urgente la necesidad de tomar medidas inmediatas y efectivas para fortalecer el patrullaje en Manzanillo y garantizar la seguridad de sus habitantes.<\/p>\n\n\n\n<p><strong>Colocaci\u00f3n de punto de chequeo en lugares oscuro y peligroso<\/strong><\/p>\n\n\n\n<p>La situaci\u00f3n de inseguridad en Manzanillo ha llegado a niveles alarmantes, como se evidencia en el incidente ocurrido la noche de ayer. Un joven que se dirig\u00eda junto a su madre a dejar a su novia en su comunidad, fue v\u00edctima de un intento de detenci\u00f3n por parte de miembros del ej\u00e9rcito en una zona extremadamente oscura del trayecto Manzanillo-Copey.<\/p>\n\n\n\n<p>Ante la situaci\u00f3n de desconfianza y temor que impera en la comunidad, el joven asumi\u00f3 que se trataba de un atraco y decidi\u00f3 continuar la marcha, pensando que lo peor le iba a ocurrir. Este incidente deja en evidencia la necesidad de establecer protocolos claros para las fuerzas de seguridad, que garanticen la seguridad de los ciudadanos sin generar situaciones de p\u00e1nico o confusi\u00f3n.<\/p>\n\n\n\n<p><strong>Incidente con la Prensa anoche.<\/strong><\/p>\n\n\n\n<p>Dentro del contexto de la delincuencia que aqueja a Manzanillo y la presencia del ej\u00e9rcito para combatirla, es preocupante la actitud del coronel Sosa frente a los medios de comunicaci\u00f3n.<\/p>\n\n\n\n<p>&nbsp;Durante una pregunta realizada anoche por el comunicador Edward L\u00f3pez sobre la ubicaci\u00f3n de un detenido, su respuesta contundente fue \u00abYo no estoy aqu\u00ed para contestar a la prensa\u00bb, lo que denota una clara falta de respeto hacia la labor de los periodistas y comunicadores y la importancia de mantener una comunicaci\u00f3n fluida y transparente con la sociedad.<\/p>\n\n\n\n<p>Resulta fundamental que el ej\u00e9rcito en Manzanillo entienda que la prensa es un veh\u00edculo importante para mantener informada a la ciudadan\u00eda y para promover la colaboraci\u00f3n entre las fuerzas de seguridad y la comunidad en la lucha contra la delincuencia.<\/p>\n\n\n\n<p>\u00a0En ese sentido, es necesario establecer una relaci\u00f3n de respeto mutuo y colaboraci\u00f3n, en la que los medios de comunicaci\u00f3n puedan realizar su trabajo de manera efectiva y el ej\u00e9rcito pueda contar con la colaboraci\u00f3n y el apoyo de la poblaci\u00f3n en la tarea de garantizar la seguridad en Manzanillo. La actitud del coronel Sosa es contraproducente y debe ser corregida para garantizar una colaboraci\u00f3n efectiva en la lucha contra la delincuencia.<\/p>\n\n\n\n<p>Testimonio Online<a target=\"_blank\" href=\"mailto:testimonioonline@gmail.com\" rel=\"noreferrer noopener\">testimonioonline@gmail.com<\/a><\/p>\n","protected":false},"excerpt":{"rendered":"<p>El comunicador Edward L\u00f3pez muestra el espacio violentado por los delincuentes para realizar el robo. Destacan incidente con la Prensa de Manzanillo Por Frank Valenzuela &nbsp;Manzanillo, Montecristi. En una clara demostraci\u00f3n de desaf\u00edo, delincuentes de bandas haitianas en combinaci\u00f3n con dominicanos robaron la madrugada de este mi\u00e9rcoles dos motocicletas en la empresa Plantaciones del Norte, [&hellip;]<\/p>\n","protected":false},"author":28,"featured_media":437140,"comment_status":"closed","ping_status":"","sticky":true,"template":"","format":"standard","meta":{"footnotes":""},"categories":[20,29,27],"tags":[],"class_list":["post-437139","post","type-post","status-publish","format-standard","has-post-thumbnail","hentry","category-dominicana-hoy","category-policiasucesos","category-portada"],"_links":{"self":[{"href":"https:\/\/diariodominicano.com\/index.php?rest_route=\/wp\/v2\/posts\/437139","targetHints":{"allow":["GET"]}}],"collection":[{"href":"https:\/\/diariodominicano.com\/index.php?rest_route=\/wp\/v2\/posts"}],"about":[{"href":"https:\/\/diariodominicano.com\/index.php?rest_route=\/wp\/v2\/types\/post"}],"author":[{"embeddable":true,"href":"https:\/\/diariodominicano.com\/index.php?rest_route=\/wp\/v2\/users\/28"}],"replies":[{"embeddable":true,"href":"https:\/\/diariodominicano.com\/index.php?rest_route=%2Fwp%2Fv2%2Fcomments&post=437139"}],"version-history":[{"count":1,"href":"https:\/\/diariodominicano.com\/index.php?rest_route=\/wp\/v2\/posts\/437139\/revisions"}],"predecessor-version":[{"id":437142,"href":"https:\/\/diariodominicano.com\/index.php?rest_route=\/wp\/v2\/posts\/437139\/revisions\/437142"}],"wp:featuredmedia":[{"embeddable":true,"href":"https:\/\/diariodominicano.com\/index.php?rest_route=\/wp\/v2\/media\/437140"}],"wp:attachment":[{"href":"https:\/\/diariodominicano.com\/index.php?rest_route=%2Fwp%2Fv2%2Fmedia&parent=437139"}],"wp:term":[{"taxonomy":"category","embeddable":true,"href":"https:\/\/diariodominicano.com\/index.php?rest_route=%2Fwp%2Fv2%2Fcategories&post=437139"},{"taxonomy":"post_tag","embeddable":true,"href":"https:\/\/diariodominicano.com\/index.php?rest_route=%2Fwp%2Fv2%2Ftags&post=437139"}],"curies":[{"name":"wp","href":"https:\/\/api.w.org\/{rel}","templated":true}]}}