{"id":437106,"date":"2023-05-03T19:07:28","date_gmt":"2023-05-03T23:07:28","guid":{"rendered":"http:\/\/diariodominicano.com\/?p=437106"},"modified":"2023-05-03T19:07:28","modified_gmt":"2023-05-03T23:07:28","slug":"el-ministerio-publico-obtiene-30-anos-de-prision-en-contra-de-un-hombre-que-asesino-a-otro-para-atracarlo-en-villa-mella","status":"publish","type":"post","link":"https:\/\/diariodominicano.com\/?p=437106","title":{"rendered":"El Ministerio P\u00fablico obtiene 30 a\u00f1os de prisi\u00f3n en contra de un hombre que asesin\u00f3 a otro para atracarlo en Villa Mella"},"content":{"rendered":"\n<p> Por decisi\u00f3n del tribunal,  Geury Yordany P\u00e9rez F\u00e9lix cumplir\u00e1 la condena en la Penitenciar\u00eda Nacional de La Victoria.  (Foto externa)<\/p>\n\n\n\n<p>SANTO DOMINGO NORTE, Rep\u00fablica Dominicana.- La Fiscal\u00eda de Santo Domingo Este y Norte obtuvo una condena de 30 a\u00f1os de reclusi\u00f3n mayor en contra de un hombre, que, en medio de un atraco, asesin\u00f3 de un disparo a otro, en un suceso ocurrido en el a\u00f1o 2021, en Villa Mella.<\/p>\n\n\n\n<p>La sentencia fue dictada por el Quinto Tribunal Colegiado de este distrito judicial, que preside el juez Julio A. Aybar Ortiz y que integran las magistradas Laisa M. Matos y Nelcy Xiomara Ortega, en contra de Geury Yordany P\u00e9rez F\u00e9lix, por el asesinato de&nbsp; Gabriel Jes\u00fas Bandera Paulino.<\/p>\n\n\n\n<p>En el juicio, el Ministerio P\u00fablico, representado por los fiscales Ivette Mateo y Franklyn C\u00e9spedes Bautista, demostr\u00f3 que el procesado viol\u00f3 los art\u00edculos 265, 266, 295, 296, 297, 298 y 302, del C\u00f3digo Penal Dominicano, que castiga el asesinato y la asociaci\u00f3n de malhechores, as\u00ed como los art\u00edculos 66 y 67 de la Ley 631-16, para el Control y Regulaci\u00f3n Armas, Municiones y Materiales Relacionados.<\/p>\n\n\n\n<p>El ocurri\u00f3 el 24 de diciembre del 2021, a eso de las 8:35 de la noche, en momentos en que el hoy occiso se dirig\u00eda caminando por la calle Planeta, del referido sector rumbo a su casa, instante en el que fue interceptado por el encartado, quien en compa\u00f1\u00eda de un tal \u201c\u00d1o\u00f1o y\/o Chiki\u201d (pr\u00f3fugo), se desplazaba en una motocicleta marca Gato, sin placa.<\/p>\n\n\n\n<p>Al detener la marcha de la motocicleta, el hoy condenado se baj\u00f3 del motor y pistola en mano, la cual portaba de manera ilegal, apunt\u00f3 a Bandera Paulino, a quien trat\u00f3 de despojar de sus pertenencias, a lo que la v\u00edctima se resisti\u00f3, acci\u00f3n ante la que el hoy condenado le realiz\u00f3 un disparo en el rostro, cuya herida por proyectil de arma de fuego le ocasion\u00f3 la muerte, e inmediatamente emprendi\u00f3 la huida.<\/p>\n\n\n\n<p>Por decisi\u00f3n del tribunal, P\u00e9rez F\u00e9lix cumplir\u00e1 la condena en la Penitenciar\u00eda Nacional de La Victoria.<\/p>\n\n\n\n<p>Comunicaciones Prensa PGR<a target=\"_blank\" href=\"mailto:comunicaciones@pgr.gob.do\" rel=\"noreferrer noopener\">comunicaciones@pgr.gob.do<\/a><\/p>\n\n\n\n<p><strong>Direcci\u00f3n General de Comunicaci\u00f3n, Prensa, y RRPP<\/strong><\/p>\n\n\n\n<p>Ministerio P\u00fablico.&nbsp;R.D.<\/p>\n\n\n\n<p>Mi\u00e9rcoles, 03 de mayo de 2023&#8230;<\/p>\n","protected":false},"excerpt":{"rendered":"<p>Por decisi\u00f3n del tribunal, Geury Yordany P\u00e9rez F\u00e9lix cumplir\u00e1 la condena en la Penitenciar\u00eda Nacional de La Victoria. (Foto externa) SANTO DOMINGO NORTE, Rep\u00fablica Dominicana.- La Fiscal\u00eda de Santo Domingo Este y Norte obtuvo una condena de 30 a\u00f1os de reclusi\u00f3n mayor en contra de un hombre, que, en medio de un atraco, asesin\u00f3 de [&hellip;]<\/p>\n","protected":false},"author":28,"featured_media":295442,"comment_status":"closed","ping_status":"","sticky":true,"template":"","format":"standard","meta":{"footnotes":""},"categories":[24,29,27],"tags":[],"class_list":["post-437106","post","type-post","status-publish","format-standard","has-post-thumbnail","hentry","category-justicia-y-derecho","category-policiasucesos","category-portada"],"_links":{"self":[{"href":"https:\/\/diariodominicano.com\/index.php?rest_route=\/wp\/v2\/posts\/437106","targetHints":{"allow":["GET"]}}],"collection":[{"href":"https:\/\/diariodominicano.com\/index.php?rest_route=\/wp\/v2\/posts"}],"about":[{"href":"https:\/\/diariodominicano.com\/index.php?rest_route=\/wp\/v2\/types\/post"}],"author":[{"embeddable":true,"href":"https:\/\/diariodominicano.com\/index.php?rest_route=\/wp\/v2\/users\/28"}],"replies":[{"embeddable":true,"href":"https:\/\/diariodominicano.com\/index.php?rest_route=%2Fwp%2Fv2%2Fcomments&post=437106"}],"version-history":[{"count":1,"href":"https:\/\/diariodominicano.com\/index.php?rest_route=\/wp\/v2\/posts\/437106\/revisions"}],"predecessor-version":[{"id":437107,"href":"https:\/\/diariodominicano.com\/index.php?rest_route=\/wp\/v2\/posts\/437106\/revisions\/437107"}],"wp:featuredmedia":[{"embeddable":true,"href":"https:\/\/diariodominicano.com\/index.php?rest_route=\/wp\/v2\/media\/295442"}],"wp:attachment":[{"href":"https:\/\/diariodominicano.com\/index.php?rest_route=%2Fwp%2Fv2%2Fmedia&parent=437106"}],"wp:term":[{"taxonomy":"category","embeddable":true,"href":"https:\/\/diariodominicano.com\/index.php?rest_route=%2Fwp%2Fv2%2Fcategories&post=437106"},{"taxonomy":"post_tag","embeddable":true,"href":"https:\/\/diariodominicano.com\/index.php?rest_route=%2Fwp%2Fv2%2Ftags&post=437106"}],"curies":[{"name":"wp","href":"https:\/\/api.w.org\/{rel}","templated":true}]}}