{"id":43703,"date":"2019-05-29T13:30:02","date_gmt":"2019-05-29T13:30:02","guid":{"rendered":"http:\/\/diariodominicano.ddns.net\/?p=43703"},"modified":"2019-05-29T13:30:02","modified_gmt":"2019-05-29T13:30:02","slug":"de-ines-aizpun","status":"publish","type":"post","link":"https:\/\/diariodominicano.com\/?p=43703","title":{"rendered":"DE INES AIZPUN"},"content":{"rendered":"<p><body><\/p>\n<p>EL TIRO RAPIDO<\/p>\n<\/p>\n<\/p>\n<p>Como bien dicen que nunca falta un roto para un descosido, como si no tuvi\u00e9ramos ya bastantes problemas acumulados y elementos de disputa  sobre todo  en el absorbente escenario pol\u00edtico, ahora ha surgido un nuevo elemento de controversia. Es la resoluci\u00f3n del Ministerio de Educaci\u00f3n introduciendo en el sistema de ense\u00f1anza lo que algunos califican de \u00abideolog\u00eda de g\u00e9nero\u00bb. <\/p>\n<\/p>\n<\/p>\n<p>Sobre el mismo, y por su a nuestro juicio certero enfoque, cedemos hoy nuestro espacio a la le\u00edda A.M. del Diario Libre, que firma su subdirectora, la talentosa periodista In\u00e9s Aizp\u00fan, bajo el t\u00edtulo \u00abIguales.\u00bb<\/p>\n<\/p>\n<\/p>\n<p>Dice as\u00ed:<\/p>\n<\/p>\n<\/p>\n<p>\u00abLa ideolog\u00eda de g\u00e9nero no es feminismo.  Y a veces el feminismo tampoco es igualdad. Y la igualdad&#8230;tampoco es tratar a todos de la misma manera.<\/p>\n<\/p>\n<\/p>\n<p>Y por delante vaya tambi\u00e9n que la lengua, el idioma, no evoluciona en base a decretos. Y que las palabras importan y que deformarlas para que calcen una ideolog\u00eda pol\u00edtica o religiosa es bastante peligroso.<\/p>\n<\/p>\n<\/p>\n<p>Cuando no se hace bien, educar es adoctrinar.  Bastante bajo es ya el nivel del alumnado en gram\u00e1tica, sintaxis y ortograf\u00eda como para que ahora se imponga el lenguaje supuestamente inclusivo del ciudadanos y ciudadanas, dominicanos y dominicanas, miembros y miembras.<\/p>\n<\/p>\n<\/p>\n<p>Eso es gramaticalmente incorrecto e ideol\u00f3gicamente falaz.  La igualdad no est\u00e1 en romper con el masculino gen\u00e9rico (inclusivo en las lenguas derivadas del lat\u00edn) ni en prohibir a las ni\u00f1as vestirse de princesas. Hemos llegado al absurdo: los m\u00e1s extremistas defienden como inclusivo que un ni\u00f1o se disfrace de princesa pero lo consideran alienante si la pretendida princesa es una ni\u00f1a.<\/p>\n<\/p>\n<\/p>\n<p>La ideolog\u00eda de g\u00e9nero como la quieren imponer los m\u00e1s radicales es opresiva, deforma la realidad, impone a las minor\u00edas sobre la mayor\u00eda sin necesariamente respetar sus derechos.<\/p>\n<\/p>\n<\/p>\n<p>El tema de los derechos de la mujer se est\u00e1 llevando a extremos que lo  hacen antip\u00e1tico por reiterativo e inexacto.  La mujer no es el ser d\u00e9bil al que hay que rescatar todos los d\u00edas en todos los contextos.  Una, dos generaciones atr\u00e1s lucharon con inteligencia y valor para lograr la igualdad que ahora existe.  Insistir en que la presi\u00f3n heteropatriarcal es la norma es intencionalmente errado.<\/p>\n<\/p>\n<\/p>\n<p>Y queda por discutir el tema de la \u00absuperioridad moral\u00bb de los que lo defienden.  Disentir est\u00e1 prohibido en nombre del progreso y la libertad. (Esa es la paradoja).\u00bb<\/p>\n<\/p>\n<\/p>\n<p>Hasta aqu\u00ed el muy razonado y valeroso enfoque de In\u00e9s Aizp\u00fan que reproducimos literalmente, y al que solo le agregamos como post-data:<\/p>\n<\/p>\n<\/p>\n<p>Mejor de ah\u00ed, se da\u00f1a.<\/p>\n<\/p>\n<h6> 2019-05-29 13:30:02 <\/h6>\n<p><!--\n<link rel=\"stylesheet\" href=\"css\/bootstrap.min.css\">\n\n\n<ul class=\"pagination\">\n\t    \n\t\n\n<li >\n\t<a href='?page_no=658'>Previous<\/a>\n\t<\/li>\n\n\n       \n    \n\n<li><a href='?page_no=1'>1<\/a><\/li>\n\n\n\n<li><a href='?page_no=2'>2<\/a><\/li>\n\n\n\n<li><a>...<\/a><\/li>\n\n\n\n<li><a href='?page_no=657'>657<\/a><\/li>\n\n\n\n<li><a href='?page_no=658'>658<\/a><\/li>\n\n\n\n<li class='active'><a>659<\/a><\/li>\n\n\n\n<li><a href='?page_no=660'>660<\/a><\/li>\n\n\n\n<li><a href='?page_no=661'>661<\/a><\/li>\n\n\n\n<li><a>...<\/a><\/li>\n\n\n\n<li><a href='?page_no=13611'>13611<\/a><\/li>\n\n\n\n<li><a href='?page_no=13612'>13612<\/a><\/li>\n\n    \n\t\n\n<li >\n\t<a href='?page_no=660'>Next<\/a>\n\t<\/li>\n\n\n    \n\n<li><a href='?page_no=13612'>Last &rsaquo;&rsaquo;<\/a><\/li>\n\n<\/ul>\n\n\n--><br \/>\n<\/body><\/p>\n","protected":false},"excerpt":{"rendered":"<p>EL TIRO RAPIDO Como bien dicen que nunca falta un roto para un descosido, como si no tuvi\u00e9ramos ya bastantes problemas acumulados y elementos de disputa sobre todo en el absorbente escenario pol\u00edtico, ahora ha surgido un nuevo elemento de controversia. Es la resoluci\u00f3n del Ministerio de Educaci\u00f3n introduciendo en el sistema de ense\u00f1anza lo [&hellip;]<\/p>\n","protected":false},"author":3,"featured_media":0,"comment_status":"open","ping_status":"open","sticky":false,"template":"","format":"standard","meta":{"footnotes":""},"categories":[16],"tags":[],"class_list":["post-43703","post","type-post","status-publish","format-standard","hentry","category-opiniones"],"_links":{"self":[{"href":"https:\/\/diariodominicano.com\/index.php?rest_route=\/wp\/v2\/posts\/43703","targetHints":{"allow":["GET"]}}],"collection":[{"href":"https:\/\/diariodominicano.com\/index.php?rest_route=\/wp\/v2\/posts"}],"about":[{"href":"https:\/\/diariodominicano.com\/index.php?rest_route=\/wp\/v2\/types\/post"}],"author":[{"embeddable":true,"href":"https:\/\/diariodominicano.com\/index.php?rest_route=\/wp\/v2\/users\/3"}],"replies":[{"embeddable":true,"href":"https:\/\/diariodominicano.com\/index.php?rest_route=%2Fwp%2Fv2%2Fcomments&post=43703"}],"version-history":[{"count":0,"href":"https:\/\/diariodominicano.com\/index.php?rest_route=\/wp\/v2\/posts\/43703\/revisions"}],"wp:attachment":[{"href":"https:\/\/diariodominicano.com\/index.php?rest_route=%2Fwp%2Fv2%2Fmedia&parent=43703"}],"wp:term":[{"taxonomy":"category","embeddable":true,"href":"https:\/\/diariodominicano.com\/index.php?rest_route=%2Fwp%2Fv2%2Fcategories&post=43703"},{"taxonomy":"post_tag","embeddable":true,"href":"https:\/\/diariodominicano.com\/index.php?rest_route=%2Fwp%2Fv2%2Ftags&post=43703"}],"curies":[{"name":"wp","href":"https:\/\/api.w.org\/{rel}","templated":true}]}}