{"id":43692,"date":"2019-05-30T03:53:20","date_gmt":"2019-05-30T03:53:20","guid":{"rendered":"http:\/\/diariodominicano.ddns.net\/?p=43692"},"modified":"2019-05-30T03:53:20","modified_gmt":"2019-05-30T03:53:20","slug":"a-pleno-sollas-manchas-educativas","status":"publish","type":"post","link":"https:\/\/diariodominicano.com\/?p=43692","title":{"rendered":"A Pleno Sol&#13;&#13;Las manchas educativas"},"content":{"rendered":"<p><body><\/p>\n<p><strong>Por Manuel Hern\u00e1ndez Villeta<\/strong><\/p>\n<\/p>\n<\/p>\n<p>El principal problema de la educaci\u00f3n dominicana no es la ense\u00f1anza de g\u00e9nero. Se quiere vender esa imagen, pero ese es un tema meramente secundario. No es el principal problema nacional educativo, aunque levante ronchas de curas, de feministas, de conservadores y de radicales.<\/p>\n<\/p>\n<p>Puede ser a futuro algo trascedente, pero ahora mismo lo que debe preocupar son los bajos niveles de la educaci\u00f3n nacional, y la manifiesta mala formaci\u00f3n de los profesores. Estamos en terrenos colindando con la ignorancia total, cuando se trata de evaluar a los profesores y sus manifiestas incapacidades.<\/p>\n<\/p>\n<p>No podr\u00eda  haber mejores estudiantes, si los profesores carecen de los conocimientos b\u00e1sicos. Hay que reconocer que hay maestros prestantes y esforzados, pero una gran mayor\u00eda se le importa el impartir docencia, y ven el cargo como una f\u00f3rmula de ganar miles de pesos.<\/p>\n<\/p>\n<p>Antes de pensar en problemas de g\u00e9nero hay que dar una ojeada a los \u00edndices de analfabetismo que lastran a la sociedad dominicana. Hay que dar un salto adelante con jornadas de instrucci\u00f3n masiva, y no campa\u00f1as de un par de meses, que luego dejan todo abandonado.<\/p>\n<\/p>\n<p>Hay buscadores de titulares de peri\u00f3dicos que donde hay noticias conflictivas, entran de lleno en el mercado de las opiniones, tratando de hacer resaltar su figura social y pol\u00edtica. Lo m\u00e1s f\u00e1cil es el problema de g\u00e9nero, y no el coraz\u00f3n hipertrofiado del sistema educativo.<\/p>\n<\/p>\n<p>Los ni\u00f1os tienen problemas para aprender a leer, y desconocen los puntos b\u00e1sicos de las matem\u00e1ticas. No es su problema. Es que el sistema educativo colapso y no les puede garantizar una buena educaci\u00f3n. Hay que hacer una revoluci\u00f3n en esta \u00e1rea, sin presiones de un sindicato que lo \u00fanico que le interesa es lo econ\u00f3mico.<\/p>\n<\/p>\n<p>Despu\u00e9s del Estado, la iglesia es la principal due\u00f1a de colegios del pa\u00eds, imparte all\u00ed una buena instrucci\u00f3n, por lo tanto tiene la autoridad y la experiencia para plantear que mejore la educaci\u00f3n nacional, pero lo ideal es que mancomune esfuerzos  con las escuelas del Estado.<\/p>\n<\/p>\n<p>Hay que fortalecer el sistema de educaci\u00f3n f\u00edsica, para hacer cuerpos sanos en mentes sanas, pero tambi\u00e9n debe ser una realidad en los planteles del final del ciclo escolar, la implementaci\u00f3n del bachillerato t\u00e9cnico.<\/p>\n<\/p>\n<p>Nada se gana con ser bachiller. Esto solo tiene importancia si se va a estudiar a nivel universitario, sino, se han perdido a\u00f1os que se podr\u00edan haber dedicado a otras  actividades. Preocup\u00e9monos por la fallas estructurales de la educaci\u00f3n, y dejemos el tema de genero para cuando la mayor\u00eda de los dominicanos sepa leer y escribir. \u00a1Ay!, se me acab\u00f3 la tinta.<\/p>\n<\/p>\n<h6> 2019-05-30 03:53:20 <\/h6>\n<p><!--\n<link rel=\"stylesheet\" href=\"css\/bootstrap.min.css\">\n\n\n<ul class=\"pagination\">\n\t    \n\t\n\n<li >\n\t<a href='?page_no=657'>Previous<\/a>\n\t<\/li>\n\n\n       \n    \n\n<li><a href='?page_no=1'>1<\/a><\/li>\n\n\n\n<li><a href='?page_no=2'>2<\/a><\/li>\n\n\n\n<li><a>...<\/a><\/li>\n\n\n\n<li><a href='?page_no=656'>656<\/a><\/li>\n\n\n\n<li><a href='?page_no=657'>657<\/a><\/li>\n\n\n\n<li class='active'><a>658<\/a><\/li>\n\n\n\n<li><a href='?page_no=659'>659<\/a><\/li>\n\n\n\n<li><a href='?page_no=660'>660<\/a><\/li>\n\n\n\n<li><a>...<\/a><\/li>\n\n\n\n<li><a href='?page_no=13611'>13611<\/a><\/li>\n\n\n\n<li><a href='?page_no=13612'>13612<\/a><\/li>\n\n    \n\t\n\n<li >\n\t<a href='?page_no=659'>Next<\/a>\n\t<\/li>\n\n\n    \n\n<li><a href='?page_no=13612'>Last &rsaquo;&rsaquo;<\/a><\/li>\n\n<\/ul>\n\n\n--><br \/>\n<\/body><\/p>\n","protected":false},"excerpt":{"rendered":"<p>Por Manuel Hern\u00e1ndez Villeta El principal problema de la educaci\u00f3n dominicana no es la ense\u00f1anza de g\u00e9nero. Se quiere vender esa imagen, pero ese es un tema meramente secundario. No es el principal problema nacional educativo, aunque levante ronchas de curas, de feministas, de conservadores y de radicales. Puede ser a futuro algo trascedente, pero [&hellip;]<\/p>\n","protected":false},"author":3,"featured_media":0,"comment_status":"open","ping_status":"open","sticky":false,"template":"","format":"standard","meta":{"footnotes":""},"categories":[16],"tags":[],"class_list":["post-43692","post","type-post","status-publish","format-standard","hentry","category-opiniones"],"_links":{"self":[{"href":"https:\/\/diariodominicano.com\/index.php?rest_route=\/wp\/v2\/posts\/43692","targetHints":{"allow":["GET"]}}],"collection":[{"href":"https:\/\/diariodominicano.com\/index.php?rest_route=\/wp\/v2\/posts"}],"about":[{"href":"https:\/\/diariodominicano.com\/index.php?rest_route=\/wp\/v2\/types\/post"}],"author":[{"embeddable":true,"href":"https:\/\/diariodominicano.com\/index.php?rest_route=\/wp\/v2\/users\/3"}],"replies":[{"embeddable":true,"href":"https:\/\/diariodominicano.com\/index.php?rest_route=%2Fwp%2Fv2%2Fcomments&post=43692"}],"version-history":[{"count":0,"href":"https:\/\/diariodominicano.com\/index.php?rest_route=\/wp\/v2\/posts\/43692\/revisions"}],"wp:attachment":[{"href":"https:\/\/diariodominicano.com\/index.php?rest_route=%2Fwp%2Fv2%2Fmedia&parent=43692"}],"wp:term":[{"taxonomy":"category","embeddable":true,"href":"https:\/\/diariodominicano.com\/index.php?rest_route=%2Fwp%2Fv2%2Fcategories&post=43692"},{"taxonomy":"post_tag","embeddable":true,"href":"https:\/\/diariodominicano.com\/index.php?rest_route=%2Fwp%2Fv2%2Ftags&post=43692"}],"curies":[{"name":"wp","href":"https:\/\/api.w.org\/{rel}","templated":true}]}}