{"id":436846,"date":"2023-05-02T21:02:37","date_gmt":"2023-05-03T01:02:37","guid":{"rendered":"http:\/\/diariodominicano.com\/?p=436846"},"modified":"2023-05-02T21:04:56","modified_gmt":"2023-05-03T01:04:56","slug":"policia-de-santiago-apresa-hombre-por-auto-robo-a-banca-deportiva","status":"publish","type":"post","link":"https:\/\/diariodominicano.com\/?p=436846","title":{"rendered":"Polic\u00eda de Santiago apresa hombre por auto robo a Banca Deportiva"},"content":{"rendered":"\n<p>-Recupera m\u00e1s de 80 mil pesos en efectivo.<\/p>\n\n\n\n<p><strong>Santiago de los Caballeros, 2 de Mayo del 2023<\/strong>.- Mediante labor de inteligencia realizada por agentes de investigaciones pertenecientes al destacamento de la Yag\u00fcita de Pastor, de est\u00e1 Direcci\u00f3n Regional, apresaron un hombre por&nbsp;&nbsp;haberse hecho un auto robo de m\u00e1s de 100 mil pesos en efectivo, mientras se encontraba laborando como mensajero de un consorcio de Banca Deportiva, inform\u00f3 el martes la Direcci\u00f3n Regional Cibao Central de la Polic\u00eda Nacional.<\/p>\n\n\n\n<p>El prevenido es Yeudy Lagual, de 27 a\u00f1os de edad, quien denunci\u00f3 que fue interceptado&nbsp;&nbsp;por dos individuos a bordo de una motocicleta, sustray\u00e9ndole&nbsp;&nbsp;la suma de $107,247 pesos, cuando se desplazaba por el sector Bella Vista el pasado 29 de Abril del a\u00f1o en curso.<\/p>\n\n\n\n<p>La Polic\u00eda precis\u00f3 que al cuestionar a Lagual con relaci\u00f3n al hecho, admiti\u00f3 haber fingido dicho atraco, porque ten\u00eda problemas personales que resolver, quien al momento del apresamiento entreg\u00f3 $81,114 pesos.<\/p>\n\n\n\n<p>El detenido y lo ocupado fueron puestos a disposici\u00f3n del Ministerio P\u00fablico para los fines procedentes de ley.<\/p>\n\n\n\n<p>policia nacional<a target=\"_blank\" href=\"mailto:npolicia14@gmail.com\" rel=\"noreferrer noopener\">npolicia14@gmail.com<\/a><\/p>\n\n\n\n<p><strong>OFICINA DE INFORMACI\u00d3N Y COMUNICACIONES ESTRAT\u00c9GICAS DIRECCI\u00d3N REGIONAL CIBAO CENTRAL DE LA POLIC\u00cdA NACIONAL<\/strong><\/p>\n","protected":false},"excerpt":{"rendered":"<p>-Recupera m\u00e1s de 80 mil pesos en efectivo. Santiago de los Caballeros, 2 de Mayo del 2023.- Mediante labor de inteligencia realizada por agentes de investigaciones pertenecientes al destacamento de la Yag\u00fcita de Pastor, de est\u00e1 Direcci\u00f3n Regional, apresaron un hombre por&nbsp;&nbsp;haberse hecho un auto robo de m\u00e1s de 100 mil pesos en efectivo, mientras [&hellip;]<\/p>\n","protected":false},"author":28,"featured_media":436847,"comment_status":"closed","ping_status":"","sticky":false,"template":"","format":"standard","meta":{"footnotes":""},"categories":[29],"tags":[],"class_list":["post-436846","post","type-post","status-publish","format-standard","has-post-thumbnail","hentry","category-policiasucesos"],"_links":{"self":[{"href":"https:\/\/diariodominicano.com\/index.php?rest_route=\/wp\/v2\/posts\/436846","targetHints":{"allow":["GET"]}}],"collection":[{"href":"https:\/\/diariodominicano.com\/index.php?rest_route=\/wp\/v2\/posts"}],"about":[{"href":"https:\/\/diariodominicano.com\/index.php?rest_route=\/wp\/v2\/types\/post"}],"author":[{"embeddable":true,"href":"https:\/\/diariodominicano.com\/index.php?rest_route=\/wp\/v2\/users\/28"}],"replies":[{"embeddable":true,"href":"https:\/\/diariodominicano.com\/index.php?rest_route=%2Fwp%2Fv2%2Fcomments&post=436846"}],"version-history":[{"count":2,"href":"https:\/\/diariodominicano.com\/index.php?rest_route=\/wp\/v2\/posts\/436846\/revisions"}],"predecessor-version":[{"id":436849,"href":"https:\/\/diariodominicano.com\/index.php?rest_route=\/wp\/v2\/posts\/436846\/revisions\/436849"}],"wp:featuredmedia":[{"embeddable":true,"href":"https:\/\/diariodominicano.com\/index.php?rest_route=\/wp\/v2\/media\/436847"}],"wp:attachment":[{"href":"https:\/\/diariodominicano.com\/index.php?rest_route=%2Fwp%2Fv2%2Fmedia&parent=436846"}],"wp:term":[{"taxonomy":"category","embeddable":true,"href":"https:\/\/diariodominicano.com\/index.php?rest_route=%2Fwp%2Fv2%2Fcategories&post=436846"},{"taxonomy":"post_tag","embeddable":true,"href":"https:\/\/diariodominicano.com\/index.php?rest_route=%2Fwp%2Fv2%2Ftags&post=436846"}],"curies":[{"name":"wp","href":"https:\/\/api.w.org\/{rel}","templated":true}]}}