{"id":436636,"date":"2023-05-02T09:14:02","date_gmt":"2023-05-02T13:14:02","guid":{"rendered":"http:\/\/diariodominicano.com\/?p=436636"},"modified":"2023-05-02T09:17:21","modified_gmt":"2023-05-02T13:17:21","slug":"cebamder-saluda-anuncio-del-en-de-enviar-mas-tropas-a-manzanillo-para-enfrentar-robos-de-bandas-haitianas","status":"publish","type":"post","link":"https:\/\/diariodominicano.com\/?p=436636","title":{"rendered":"CEBAMDER saluda anuncio del EN de enviar m\u00e1s tropas a Manzanillo para enfrentar robos de bandas haitianas"},"content":{"rendered":"\n<p>Edward L\u00f3pez muestra la avanzada de militares que ha llegado a Manzanillo para reforzar y atacar ola de robos. Foto cortes\u00eda de Edward L\u00f3pez.<\/p>\n\n\n\n<figure class=\"wp-block-image size-full\"><img loading=\"lazy\" decoding=\"async\" width=\"448\" height=\"231\" src=\"https:\/\/diariodominicano.com\/wp-content\/uploads\/2023\/05\/Edward-Lopez-muestra-la-avanzada-de-militares-que-han-llegado-a-Manzanillo-para-reforzar-y-atacar-ola-de-robos.jpg\" alt=\"\" class=\"wp-image-436638\" srcset=\"https:\/\/diariodominicano.com\/wp-content\/uploads\/2023\/05\/Edward-Lopez-muestra-la-avanzada-de-militares-que-han-llegado-a-Manzanillo-para-reforzar-y-atacar-ola-de-robos.jpg 448w, https:\/\/diariodominicano.com\/wp-content\/uploads\/2023\/05\/Edward-Lopez-muestra-la-avanzada-de-militares-que-han-llegado-a-Manzanillo-para-reforzar-y-atacar-ola-de-robos-300x155.jpg 300w\" sizes=\"auto, (max-width: 448px) 100vw, 448px\" \/><figcaption>Foto cortes\u00eda de Edward L\u00f3pez muestra la avanzada de militares que han llegado a Manzanillo para reforzar y atacar ola de robos.<\/figcaption><\/figure>\n\n\n\n<p><strong>Por Frank Valenzuela<\/strong><\/p>\n\n\n\n<p><strong>Manzanillo, Montecristi. &#8211;<\/strong>&nbsp;El Centro Bah\u00eda de Manzanillo para el Desarrollo Regional (CEBAMDER) ha considerado saludable la reciente decisi\u00f3n del Ej\u00e9rcito Nacional de enviar m\u00e1s tropas a Manzanillo para frenar los robos perpetrados por bandas haitianas en combinaci\u00f3n con delincuentes dominicanos, que han estado azotando la comunidad en las \u00faltimas semanas. Con el env\u00edo de m\u00e1s tropas, se espera que se intensifiquen las medidas de seguridad en la zona y se logre frenar la delincuencia transfronteriza que ha estado afectando a los residentes de la bah\u00eda de Manzanillo.<\/p>\n\n\n\n<p>El presidente de la organizaci\u00f3n no gubernamental, Frank Valenzuela, destac\u00f3 la importancia de la decisi\u00f3n como un compromiso concreto en la lucha contra la criminalidad, y se espera que el refuerzo de seguridad brinde una sensaci\u00f3n de tranquilidad y paz a los ciudadanos locales.<\/p>\n\n\n\n<p>Seg\u00fan el peri\u00f3dico List\u00edn Diario, la Comandancia General del Ej\u00e9rcito de Rep\u00fablica Dominicana anunci\u00f3 la intensificaci\u00f3n de las medidas de seguridad en la comunidad de Manzanillo, provincia de Montecristi, debido a la presencia de bandas haitianas que cruzan la frontera para robar a los residentes de la bah\u00eda de Manzanillo.<\/p>\n\n\n\n<p>&nbsp;Las nuevas medidas incluyen el env\u00edo de m\u00e1s tropas a la regi\u00f3n, el patrullaje constante de d\u00eda y noche, y el reforzamiento de las rutas utilizadas por los extranjeros para cometer actos il\u00edcitos. El comandante del d\u00e9cimo batall\u00f3n del Ej\u00e9rcito, coronel Domingo Cruz Sosa, lidera las operaciones militares en la zona.<\/p>\n\n\n\n<p>El Centro CEBAMDER denunci\u00f3 que la comunidad de Manzanillo ha estado en zozobra debido al aumento de robos perpetrados por miembros de peligrosas bandas haitianas. Estas bandas son apoyadas por delincuentes dominicanos que identifican y ubican las viviendas donde deben penetrar para realizar robos.<\/p>\n\n\n\n<p>La organizaci\u00f3n destaca la necesidad de tomar medidas concretas para abordar las causas subyacentes del problema y capturar a los miembros de estas bandas delincuenciales, as\u00ed como a sus c\u00f3mplices.<\/p>\n\n\n\n<p>En este contexto, la propuesta del Centro CEBAMDER es que se inicie un plan integral de ataque a este gran problema que debe iniciarse con la instalaci\u00f3n de una Supervisoria de la Polic\u00eda en Manzanillo.<\/p>\n\n\n\n<p>Adem\u00e1s, es necesario el reforzamiento del espacio transfronterizo obligando a que se eliminen los peajes p\u00fablicos que all\u00ed ocurren. Es hora de que las autoridades tomen medidas concretas para abordar este problema y proteger a la comunidad de Manzanillo de esta grave amenaza a su seguridad y bienestar.<\/p>\n\n\n\n<p>La situaci\u00f3n de inseguridad en Manzanillo es grave y llama seriamente a la preocupaci\u00f3n por el desborde que pueda ocurrir si se produce un caso de muerte por las acciones delincuenciales de estos miembros de bandas haitianas. Por esta raz\u00f3n, es necesario una respuesta inmediata y coordinada de las autoridades para proteger a la comunidad de Manzanillo de esta grave amenaza a su seguridad.<\/p>\n\n\n\n<p><strong>Opiniones de los ciudadanos de Manzanillo en las redes sociales<\/strong><\/p>\n\n\n\n<p>Ante esta problem\u00e1tica, los ciudadanos han expresado sus opiniones y sugerencias a trav\u00e9s de la red social Facebook , &nbsp;para combatir estos delitos. Cecilia de Cabrera lamenta la presencia de los ladrones que vienen de otros pa\u00edses y roban en Manzanillo. Por su parte, Br\u00facela Morel de Taveras y Dalina Rodr\u00edguez Tavares opinan que los robos no son solo cometidos por haitianos, y que hay alguien detr\u00e1s de ellos. Chepe Rodr\u00edguez sugiere que el pueblo haga justicia cuando capture a los ladrones, ya sean dominicanos o haitianos.<\/p>\n\n\n\n<p>Miosotis Carrasco opina que el patrullaje de la polic\u00eda no es efectivo, y que los robos ocurren en la madrugada cuando los guardias est\u00e1n durmiendo. Carlos Rivas llama a estar alerta y atentos porque los ladrones siempre est\u00e1n presentes.<\/p>\n\n\n\n<p>Adem\u00e1s, los ciudadanos de Manzanillo han mostrado su descontento con las autoridades, polic\u00edas y militares asignados al pueblo. Nelson Ventura opina que los supuestos robos no pueden ser cometidos por los vecinos haitianos sin que sean dirigidos por uno o varios dominicanos.<\/p>\n\n\n\n<p>Mamacela Garc\u00eda cree que las autoridades deben tomar el control de la situaci\u00f3n para evitar que empeore. Juan Emilio Mora se\u00f1ala que la Fiscal\u00eda y los dos polic\u00edas que hay en Manzanillo saben qui\u00e9nes son los ladrones, pero no quieren trabajar.<\/p>\n\n\n\n<p>Adalberto Bejar\u00e1n denuncia la existencia de un vac\u00edo de autoridad evidente en Manzanillo. En este sentido, Luis Miguel Alc\u00e1ntara sugiere que los ciudadanos se re\u00fanan con el comandante del ej\u00e9rcito para tratar de solucionar el problema, ya que es el ej\u00e9rcito el responsable de custodiar y vigilar las fronteras.<\/p>\n\n\n\n<p>Por otra parte, los ciudadanos han mencionado la labor de los Trinitarios, un grupo de j\u00f3venes que se han incorporado a los grupos de vigilancia por robos en Manzanillo. Edward L\u00f3pez informa que los Trinitarios frustraron un robo de una motocicleta en el barrio Villa Raif de Manzanillo, y que han detenido a supuestos haitianos que sustrajeron el motor de una de las viviendas del sector. Erick Yankee Espinal y Ram\u00f3n Miguel Cabreja Santos mencionan que los hombres valientes y el pueblo han logrado detener a algunos extranjeros, en este caso haitianos, llev\u00e1ndolos al destacamento de la polic\u00eda local.<\/p>\n\n\n\n<p>Bahia Fronteriza<a target=\"_blank\" href=\"mailto:bahiafronteriza@gmail.com\" rel=\"noreferrer noopener\">bahiafronteriza@gmail.com<\/a><\/p>\n","protected":false},"excerpt":{"rendered":"<p>Edward L\u00f3pez muestra la avanzada de militares que ha llegado a Manzanillo para reforzar y atacar ola de robos. Foto cortes\u00eda de Edward L\u00f3pez. Por Frank Valenzuela Manzanillo, Montecristi. &#8211;&nbsp;El Centro Bah\u00eda de Manzanillo para el Desarrollo Regional (CEBAMDER) ha considerado saludable la reciente decisi\u00f3n del Ej\u00e9rcito Nacional de enviar m\u00e1s tropas a Manzanillo para [&hellip;]<\/p>\n","protected":false},"author":28,"featured_media":436637,"comment_status":"closed","ping_status":"","sticky":true,"template":"","format":"standard","meta":{"footnotes":""},"categories":[20,29,27],"tags":[],"class_list":["post-436636","post","type-post","status-publish","format-standard","has-post-thumbnail","hentry","category-dominicana-hoy","category-policiasucesos","category-portada"],"_links":{"self":[{"href":"https:\/\/diariodominicano.com\/index.php?rest_route=\/wp\/v2\/posts\/436636","targetHints":{"allow":["GET"]}}],"collection":[{"href":"https:\/\/diariodominicano.com\/index.php?rest_route=\/wp\/v2\/posts"}],"about":[{"href":"https:\/\/diariodominicano.com\/index.php?rest_route=\/wp\/v2\/types\/post"}],"author":[{"embeddable":true,"href":"https:\/\/diariodominicano.com\/index.php?rest_route=\/wp\/v2\/users\/28"}],"replies":[{"embeddable":true,"href":"https:\/\/diariodominicano.com\/index.php?rest_route=%2Fwp%2Fv2%2Fcomments&post=436636"}],"version-history":[{"count":3,"href":"https:\/\/diariodominicano.com\/index.php?rest_route=\/wp\/v2\/posts\/436636\/revisions"}],"predecessor-version":[{"id":436641,"href":"https:\/\/diariodominicano.com\/index.php?rest_route=\/wp\/v2\/posts\/436636\/revisions\/436641"}],"wp:featuredmedia":[{"embeddable":true,"href":"https:\/\/diariodominicano.com\/index.php?rest_route=\/wp\/v2\/media\/436637"}],"wp:attachment":[{"href":"https:\/\/diariodominicano.com\/index.php?rest_route=%2Fwp%2Fv2%2Fmedia&parent=436636"}],"wp:term":[{"taxonomy":"category","embeddable":true,"href":"https:\/\/diariodominicano.com\/index.php?rest_route=%2Fwp%2Fv2%2Fcategories&post=436636"},{"taxonomy":"post_tag","embeddable":true,"href":"https:\/\/diariodominicano.com\/index.php?rest_route=%2Fwp%2Fv2%2Ftags&post=436636"}],"curies":[{"name":"wp","href":"https:\/\/api.w.org\/{rel}","templated":true}]}}