{"id":43659,"date":"2019-06-03T07:07:35","date_gmt":"2019-06-03T07:07:35","guid":{"rendered":"http:\/\/diariodominicano.ddns.net\/?p=43659"},"modified":"2019-06-03T07:07:35","modified_gmt":"2019-06-03T07:07:35","slug":"eslabon-a-eslabon-se-une-pld","status":"publish","type":"post","link":"https:\/\/diariodominicano.com\/?p=43659","title":{"rendered":"\u00a1ESLAB\u00d3N A ESLAB\u00d3N SE \u00daNE PLD!"},"content":{"rendered":"<p><body><\/p>\n<\/p>\n<p><strong><span class=\"text1noticias\">FRANKLIN ALMEYDA RANCIER<\/span><\/strong><\/p>\n<\/p>\n<p><span class=\"text1noticias\">Eslabones en forma de anillos enlazados forman una unidad, denominada cadena. De igual manera se forma un proceso de unidad en una organizaci\u00f3n pol\u00edtica, como est\u00e1 llamado a ocurrir en el PLD. Cada eslab\u00f3n es un aspecto que al irse manejando se enlaza a sucesivos aspectos, hasta formar una totalidad.<\/span><\/p>\n<\/p>\n<p><span class=\"text1noticias\">Determinar el elemento medular que dificulta enlazar los eslabones, se hace siempre necesario. Localizado ese elemento, saberlo abordar, es clave para alcanzar resultados favorables.<\/span><\/p>\n<\/p>\n<p><span class=\"text1noticias\">La crisis en el PLD ha tenido un centro medular. No se trata de una lucha por la candidatura presidencial, aunque as\u00ed parezca o crean los que enfocan la crisis de manera superficial. Se origina en creer que en pol\u00edtica todo se puede, hasta querer desconocer normas constitucionales, que, por ser intangibles, se pretenden desbordar, para violentar los l\u00edmites del ejercicio del poder.<\/span><\/p>\n<\/p>\n<p><span class=\"text1noticias\">La reelecci\u00f3n tiene un l\u00edmite y en la Constituci\u00f3n est\u00e1 pactado; como tambi\u00e9n el requisito de m\u00e1s de 30 a\u00f1os para ser Presidente. Cerca de dos millones de dominicanos no pueden serlo,  porque tendr\u00e1n en 2020 menos de esa edad; a pesar de que tienen el derecho a ser elegidos a cargos de elecci\u00f3n popular desde sus 18 a\u00f1os. Tambi\u00e9n se l\u00edmita a m\u00e1s de 25 para ser senadores.<\/span><\/p>\n<\/p>\n<p><span class=\"text1noticias\">El pacto constitucional vigente es permitir la reelecci\u00f3n una vez, en per\u00edodo consecutivo. Ese pacto no personaliza la democracia y evita que ocurra con un proyecto de naci\u00f3n, como es el PLD.<\/span><\/p>\n<\/p>\n<p><span class=\"text1noticias\">Compete exclusivamente al Presidente dar El Paso principal para la soluci\u00f3n medular de la crisis. Es \u00e9l quien est\u00e1 constitucionalmente inhabilitado, no Leonel.<\/span><\/p>\n<p><span class=\"text1noticias\"> <\/span><\/p>\n<p><span class=\"text1noticias\">Sin embargo, hay otros aspectos a ser manejados. La legislaci\u00f3n electoral obliga a los partidos a notificar a la JCE, el 22 de junio, la reserva autorizada de no m\u00e1s del 20% de los cargos de elecci\u00f3n popular. Es oportuno formalizar la propuesta en este sentido sugerida por Leonel para esa reserva, partiendo de las posiciones detentadas y ganadas por el Partido en el proceso anterior e identificar de ellas a los fines de alianzas internas y con otras organizaciones.<\/span><\/p>\n<\/p>\n<p><span class=\"text1noticias\">La crisis se ha convertido en una oportunidad, si se maneja con prop\u00f3sitos de estabilidad interna y retomar los objetivos de inter\u00e9s general que dieron origen a la organizaci\u00f3n. <\/span><\/p>\n<\/p>\n<p><span class=\"text1noticias\">La lucha pol\u00edtica, aunque parece una confrontaci\u00f3n emocional, es profundamente racional, l\u00f3gica y basada en arte y ciencia. La emotividad se le agrega como un componente humano para consolidar la b\u00fasqueda de sus resultados.<\/span><\/p>\n<\/p>\n<p><span class=\"text1noticias\">El pa\u00eds escogi\u00f3 procesos sucesivos para elegir. Desde las primarias y otras modalidades, luego dos procesos comiciales, uno primero para los cargos municipales y el \u00faltimo para elegir los legisladores y el Presidente con su vicepresidente. Ser\u00e1 desde agosto de este a\u00f1o, hasta mayo del 2020.<\/span><\/p>\n<\/p>\n<p><span class=\"text1noticias\">El pa\u00eds se mantendr\u00e1 movilizado durante nueve meses. Toda la atenci\u00f3n pol\u00edtica ha tenido como centro al PLD. Los adversarios han incurrido en el error pol\u00edtico de apostar a la divisi\u00f3n de la organizaci\u00f3n partidaria de gobierno. El desaf\u00edo para los l\u00edderes y dirigentes del PLD, es manejar la crisis como una oportunidad.<\/span><\/p>\n<\/p>\n<p><span class=\"text1noticias\">Para lograrlo se debe ir formando una cadena de anillos de eslabones para tejer la unidad, con la inteligencia emocional racionalmente controlada, convirtiendo los criterios enfrentados en consensos y despoj\u00e1ndose del inter\u00e9s particular  y supuestas heridas abiertas. <\/span><\/p>\n<\/p>\n<p><strong><span class=\"text1noticias\">El autor es miembro del CP del PLD, ex Ministro de Interior y ex Rector de la UASD.<\/span><\/strong><\/p>\n<\/p>\n<\/p>\n<\/p>\n<\/p>\n<\/p>\n<\/p>\n<h6> 2019-06-03 07:07:35 <\/h6>\n<p><!--\n<link rel=\"stylesheet\" href=\"css\/bootstrap.min.css\">\n\n\n<ul class=\"pagination\">\n\t    \n\t\n\n<li >\n\t<a href='?page_no=654'>Previous<\/a>\n\t<\/li>\n\n\n       \n    \n\n<li><a href='?page_no=1'>1<\/a><\/li>\n\n\n\n<li><a href='?page_no=2'>2<\/a><\/li>\n\n\n\n<li><a>...<\/a><\/li>\n\n\n\n<li><a href='?page_no=653'>653<\/a><\/li>\n\n\n\n<li><a href='?page_no=654'>654<\/a><\/li>\n\n\n\n<li class='active'><a>655<\/a><\/li>\n\n\n\n<li><a href='?page_no=656'>656<\/a><\/li>\n\n\n\n<li><a href='?page_no=657'>657<\/a><\/li>\n\n\n\n<li><a>...<\/a><\/li>\n\n\n\n<li><a href='?page_no=13611'>13611<\/a><\/li>\n\n\n\n<li><a href='?page_no=13612'>13612<\/a><\/li>\n\n    \n\t\n\n<li >\n\t<a href='?page_no=656'>Next<\/a>\n\t<\/li>\n\n\n    \n\n<li><a href='?page_no=13612'>Last &rsaquo;&rsaquo;<\/a><\/li>\n\n<\/ul>\n\n\n--><br \/>\n<\/body><\/p>\n","protected":false},"excerpt":{"rendered":"<p>FRANKLIN ALMEYDA RANCIER Eslabones en forma de anillos enlazados forman una unidad, denominada cadena. De igual manera se forma un proceso de unidad en una organizaci\u00f3n pol\u00edtica, como est\u00e1 llamado a ocurrir en el PLD. Cada eslab\u00f3n es un aspecto que al irse manejando se enlaza a sucesivos aspectos, hasta formar una totalidad. Determinar el [&hellip;]<\/p>\n","protected":false},"author":3,"featured_media":0,"comment_status":"open","ping_status":"open","sticky":false,"template":"","format":"standard","meta":{"footnotes":""},"categories":[16],"tags":[],"class_list":["post-43659","post","type-post","status-publish","format-standard","hentry","category-opiniones"],"_links":{"self":[{"href":"https:\/\/diariodominicano.com\/index.php?rest_route=\/wp\/v2\/posts\/43659","targetHints":{"allow":["GET"]}}],"collection":[{"href":"https:\/\/diariodominicano.com\/index.php?rest_route=\/wp\/v2\/posts"}],"about":[{"href":"https:\/\/diariodominicano.com\/index.php?rest_route=\/wp\/v2\/types\/post"}],"author":[{"embeddable":true,"href":"https:\/\/diariodominicano.com\/index.php?rest_route=\/wp\/v2\/users\/3"}],"replies":[{"embeddable":true,"href":"https:\/\/diariodominicano.com\/index.php?rest_route=%2Fwp%2Fv2%2Fcomments&post=43659"}],"version-history":[{"count":0,"href":"https:\/\/diariodominicano.com\/index.php?rest_route=\/wp\/v2\/posts\/43659\/revisions"}],"wp:attachment":[{"href":"https:\/\/diariodominicano.com\/index.php?rest_route=%2Fwp%2Fv2%2Fmedia&parent=43659"}],"wp:term":[{"taxonomy":"category","embeddable":true,"href":"https:\/\/diariodominicano.com\/index.php?rest_route=%2Fwp%2Fv2%2Fcategories&post=43659"},{"taxonomy":"post_tag","embeddable":true,"href":"https:\/\/diariodominicano.com\/index.php?rest_route=%2Fwp%2Fv2%2Ftags&post=43659"}],"curies":[{"name":"wp","href":"https:\/\/api.w.org\/{rel}","templated":true}]}}