{"id":43648,"date":"2019-06-03T23:34:22","date_gmt":"2019-06-03T23:34:22","guid":{"rendered":"http:\/\/diariodominicano.ddns.net\/?p=43648"},"modified":"2019-06-03T23:34:22","modified_gmt":"2019-06-03T23:34:22","slug":"heri","status":"publish","type":"post","link":"https:\/\/diariodominicano.com\/?p=43648","title":{"rendered":"HERI&#13;"},"content":{"rendered":"<p><body><\/p>\n<\/p>\n<p>                                                         <strong>     Por Narciso Isa Conde<\/strong><\/p>\n<\/p>\n<\/p>\n<p><strong>Heriberto Scheker Ortiz.<\/strong><\/p>\n<\/p>\n<p>El hijo de Don Luis y Do\u00f1a Ana, dos seres de una bondad infinita.<\/p>\n<\/p>\n<p>Hermano de Luisito y de Luisiana, los tres de la misma estirpe.<\/p>\n<\/p>\n<p>Uno de mis hermanos del alma, de mis mejores amigos, desde la ni\u00f1ez y hasta siempre&#8230;<\/p>\n<\/p>\n<p>Heri, a quien conoc\u00ed junto a Am\u00edn Abel, cursando primero una parte de la primaria y la intermedia, y luego  tres a\u00f1os de la secundaria, en el Colegio de La Salle; cuando no mudamos inicialmente de San Francisco, y despu\u00e9s de Puerto Plata, a la Capital.<\/p>\n<\/p>\n<p>Yo, con el monte frondoso y la mar esplendida colgados del alma.<\/p>\n<\/p>\n<p> \u00c9l, con su encendido amor por su querido y cercano San Carlos, en el que bajo su influjo forjamos amistades comunes en nuestra adolescencia y juventud.<\/p>\n<\/p>\n<p>Los dos, lasallistas de \u00aba pi\u00e9\u00bb, residentes en la Zona Universitaria, de los que sub\u00edamos al Colegio por el trillo rocoso que comunicaba de la Jos\u00e9 Contreras a la ave. Bol\u00edvar.<\/p>\n<\/p>\n<p>Habitantes de un \u00e1rea sembrada de mangos y cajuiles, de espacios donde jugar pelota y marotear  a la vez.<\/p>\n<\/p>\n<p>Am\u00edn, el mejor de los mejores del curso  y de quien brotaba una bondad sobrecogedora, se hizo merecedor de un cari\u00f1o indescriptible del grupo.<\/p>\n<\/p>\n<p>Mi primo Josel\u00edn, reci\u00e9n llegado de Macor\u00eds del Norte, con un medular acento cibae\u00f1o, objeto de hirientes burlas capitale\u00f1as, jam\u00e1s pudo olvidar el gesto solidario del \u00abturquito de la Mella\u00bb, el m\u00e1s chiquito y mejor estudiante del curso.<\/p>\n<\/p>\n<p>Heri, el excelente dibujante que ya apuntaba ser el formidable arquitecto y artista pl\u00e1stico que conocimos m\u00e1s tarde, el apasionado y destacado deportista de toda la vida, supo asumir siempre sus calidades con modestia ejemplar.<\/p>\n<\/p>\n<p>Desde que comenzamos a compartir, calibr\u00e9 su coraz\u00f3n, valor\u00e9 su condici\u00f3n humana y su integridad,  y pienso que \u00e9l hizo lo propio.<\/p>\n<\/p>\n<p>M\u00e1s tarde, desde facultades distintas, compartimos vida y luchas universitarias.<\/p>\n<\/p>\n<p>Forjamos tempranamente entonces, y para toda la vida, una hermandad invulnerable, siempre a  los compases de identidades pol\u00edticas y \u00e9ticas inconmovibles, no importaban las distancias y las adversidades mutuas.<\/p>\n<\/p>\n<p>Alegres en la rebeld\u00eda y sensibles a los sufrimientos del pueblo, prestos a aprender de las aulas y de la vida.<\/p>\n<\/p>\n<p>Tony se herman\u00f3 con Luisito.<\/p>\n<\/p>\n<p> Yo y Josel\u00edn, nuestro primo, con Heriberto. <\/p>\n<\/p>\n<p>Ellos, los m\u00e1s grandes, m\u00e1s serios; nosotros m\u00e1s traviesos.<\/p>\n<\/p>\n<p>Vino El Le\u00f3n, aquel de uva de playa, mezclado con Brugal (\u00abpinta y pinta\u00bb) de por medio. Cherchas alegres y conspirativas, con unos \u00abjumos\u00bb barat\u00edsimos.<\/p>\n<\/p>\n<p>Jorgi Asmar Annia, otro turquito, se hizo \u00abguate\u00bb de Heri y de todos nosotros.<\/p>\n<\/p>\n<p>Chiqui Troncoso, hermano de Tom\u00e1s, tambi\u00e9n.<\/p>\n<\/p>\n<p>Yo estudiaba con los dos Chiqui, Troncoso y Mari\u00f3n Landais, July Fortuna, Nano Lebr\u00f3n y Papito Vallejo, en la casa de piedra de la Jonas Salt. Una mezcla extra\u00f1a de un aspirante a m\u00e9dico con cuatro cursantes de ingenier\u00eda civil.<\/p>\n<\/p>\n<p>Heri estudiaba con Jorgi en las casas de ambos.<\/p>\n<\/p>\n<p>Niples y fabricaci\u00f3n de bombas caceras de estruendo, expedici\u00f3n de junio de 1969, Movimiento Clandestino 14 de junio, asesinato de las Mirabal, amigos y amigas encarcelados, Fidel y el Che por Radio Habana, P\u00e9rez Jim\u00e9nez derrocado por el pueblo en Venezuela&#8230;<\/p>\n<\/p>\n<p>La \u00abmarca del zorro\u00bb en nuestras almas pol\u00edticas, que Heri y yo conservamos eternamente desde diferentes niveles de compromiso y distintas condiciones familiares y opciones de vida.<\/p>\n<\/p>\n<p>Y luego&#8230; la FED, Fragua, Abril, el asesinato de Am\u00edn y la horripilante noche de los DOCE A\u00d1OS&#8230;<\/p>\n<\/p>\n<p>S\u00ed, la terror\u00edfica era de los DOCE A\u00d1OS, en la que Heri, Jorgi, Josel\u00edn&#8230;entre muchas almas solidarias, me tendieron su cari\u00f1o familiar, su discreto y valioso y compromiso pol\u00edtico, para salvarme de las garras criminales del balaguerismo en no pocas momentos de alto riesgo  y pruebas de valent\u00eda.<\/p>\n<\/p>\n<p>Y ahora nos sorprende el dolor y la alegr\u00eda del amigo que se despide de esta vida y nos deja el orgullo de haberlo tenido siempre y para siempre como hermano.<\/p>\n<\/p>\n<p>3-06-2019, Santo Domingo, RD.<\/p>\n<\/p>\n<\/p>\n<\/p>\n<\/p>\n<h6> 2019-06-03 23:34:22 <\/h6>\n<p><!--\n<link rel=\"stylesheet\" href=\"css\/bootstrap.min.css\">\n\n\n<ul class=\"pagination\">\n\t    \n\t\n\n<li >\n\t<a href='?page_no=653'>Previous<\/a>\n\t<\/li>\n\n\n       \n    \n\n<li><a href='?page_no=1'>1<\/a><\/li>\n\n\n\n<li><a href='?page_no=2'>2<\/a><\/li>\n\n\n\n<li><a>...<\/a><\/li>\n\n\n\n<li><a href='?page_no=652'>652<\/a><\/li>\n\n\n\n<li><a href='?page_no=653'>653<\/a><\/li>\n\n\n\n<li class='active'><a>654<\/a><\/li>\n\n\n\n<li><a href='?page_no=655'>655<\/a><\/li>\n\n\n\n<li><a href='?page_no=656'>656<\/a><\/li>\n\n\n\n<li><a>...<\/a><\/li>\n\n\n\n<li><a href='?page_no=13611'>13611<\/a><\/li>\n\n\n\n<li><a href='?page_no=13612'>13612<\/a><\/li>\n\n    \n\t\n\n<li >\n\t<a href='?page_no=655'>Next<\/a>\n\t<\/li>\n\n\n    \n\n<li><a href='?page_no=13612'>Last &rsaquo;&rsaquo;<\/a><\/li>\n\n<\/ul>\n\n\n--><br \/>\n<\/body><\/p>\n","protected":false},"excerpt":{"rendered":"<p>Por Narciso Isa Conde Heriberto Scheker Ortiz. El hijo de Don Luis y Do\u00f1a Ana, dos seres de una bondad infinita. Hermano de Luisito y de Luisiana, los tres de la misma estirpe. Uno de mis hermanos del alma, de mis mejores amigos, desde la ni\u00f1ez y hasta siempre&#8230; Heri, a quien conoc\u00ed junto a [&hellip;]<\/p>\n","protected":false},"author":3,"featured_media":0,"comment_status":"open","ping_status":"open","sticky":false,"template":"","format":"standard","meta":{"footnotes":""},"categories":[16],"tags":[],"class_list":["post-43648","post","type-post","status-publish","format-standard","hentry","category-opiniones"],"_links":{"self":[{"href":"https:\/\/diariodominicano.com\/index.php?rest_route=\/wp\/v2\/posts\/43648","targetHints":{"allow":["GET"]}}],"collection":[{"href":"https:\/\/diariodominicano.com\/index.php?rest_route=\/wp\/v2\/posts"}],"about":[{"href":"https:\/\/diariodominicano.com\/index.php?rest_route=\/wp\/v2\/types\/post"}],"author":[{"embeddable":true,"href":"https:\/\/diariodominicano.com\/index.php?rest_route=\/wp\/v2\/users\/3"}],"replies":[{"embeddable":true,"href":"https:\/\/diariodominicano.com\/index.php?rest_route=%2Fwp%2Fv2%2Fcomments&post=43648"}],"version-history":[{"count":0,"href":"https:\/\/diariodominicano.com\/index.php?rest_route=\/wp\/v2\/posts\/43648\/revisions"}],"wp:attachment":[{"href":"https:\/\/diariodominicano.com\/index.php?rest_route=%2Fwp%2Fv2%2Fmedia&parent=43648"}],"wp:term":[{"taxonomy":"category","embeddable":true,"href":"https:\/\/diariodominicano.com\/index.php?rest_route=%2Fwp%2Fv2%2Fcategories&post=43648"},{"taxonomy":"post_tag","embeddable":true,"href":"https:\/\/diariodominicano.com\/index.php?rest_route=%2Fwp%2Fv2%2Ftags&post=43648"}],"curies":[{"name":"wp","href":"https:\/\/api.w.org\/{rel}","templated":true}]}}