{"id":436270,"date":"2023-04-30T21:54:43","date_gmt":"2023-05-01T01:54:43","guid":{"rendered":"http:\/\/diariodominicano.com\/?p=436270"},"modified":"2023-04-30T21:54:43","modified_gmt":"2023-05-01T01:54:43","slug":"mp-y-pn-levantan-cadaver-encontrado-el-domingo-en-elias-pina","status":"publish","type":"post","link":"https:\/\/diariodominicano.com\/?p=436270","title":{"rendered":"MP y PN levantan cad\u00e1ver encontrado el domingo en El\u00edas Pi\u00f1a"},"content":{"rendered":"\n<p><em><u>La documentaci\u00f3n encontrada en el cuerpo sin vida, coinciden con la del el alcaide ped\u00e1neo, Rafael Feliz Cabrera<\/u><\/em>, seg\u00fan inform\u00f3 el Ministerio P\u00fablico a trav\u00e9s de un comunicado de prensa.<\/p>\n\n\n\n<p>SANTO DOMINGO, Rep\u00fablica Dominicana.- El Ministerio P\u00fablico y la Polic\u00eda Nacional trabajan en el levantamiento de un cad\u00e1ver encontrado este domingo en la secci\u00f3n de La Pastilla, de Comendador, El\u00edas Pi\u00f1a.<\/p>\n\n\n\n<p>Las autoridades informaron que las generales y el cuerpo encontrado coinciden en un 99 por ciento con el alcalde ped\u00e1neo, Rafael Feliz Cabrera, quien era buscado por su relaci\u00f3n con el asesinato de tres personas, entre ellos un ni\u00f1o de seis meses, en un hecho ocurrido el pasado viernes, inform\u00f3 el Ministerio P\u00fablico a trav\u00e9s de un comunicado de prensa.<\/p>\n\n\n\n<p>Aunque la documentaci\u00f3n encontrada coincide con la de F\u00e9liz Cabrera, las autoridades esperan el informe final del Instituto Nacional de Ciencias Forenses (Inacif).<\/p>\n\n\n\n<p>Feliz Cabrera, quien presuntamente tambi\u00e9n habr\u00eda herido de bala a otras dos mujeres, en el hecho de sangre en el que resultaron muertos los dos adultos y el infante antes se\u00f1alados, se encontraba huyendo de las autoridades.<\/p>\n\n\n\n<p><strong>Direcci\u00f3n General de Comunicaci\u00f3n, Prensa, y RRPP<\/strong><\/p>\n\n\n\n<p>Ministerio P\u00fablico.&nbsp;R.D.<\/p>\n\n\n\n<p>Domingo, 30 de abril de 2023<\/p>\n","protected":false},"excerpt":{"rendered":"<p>La documentaci\u00f3n encontrada en el cuerpo sin vida, coinciden con la del el alcaide ped\u00e1neo, Rafael Feliz Cabrera, seg\u00fan inform\u00f3 el Ministerio P\u00fablico a trav\u00e9s de un comunicado de prensa. SANTO DOMINGO, Rep\u00fablica Dominicana.- El Ministerio P\u00fablico y la Polic\u00eda Nacional trabajan en el levantamiento de un cad\u00e1ver encontrado este domingo en la secci\u00f3n de [&hellip;]<\/p>\n","protected":false},"author":28,"featured_media":383715,"comment_status":"closed","ping_status":"","sticky":true,"template":"","format":"standard","meta":{"footnotes":""},"categories":[24,29,27],"tags":[],"class_list":["post-436270","post","type-post","status-publish","format-standard","has-post-thumbnail","hentry","category-justicia-y-derecho","category-policiasucesos","category-portada"],"_links":{"self":[{"href":"https:\/\/diariodominicano.com\/index.php?rest_route=\/wp\/v2\/posts\/436270","targetHints":{"allow":["GET"]}}],"collection":[{"href":"https:\/\/diariodominicano.com\/index.php?rest_route=\/wp\/v2\/posts"}],"about":[{"href":"https:\/\/diariodominicano.com\/index.php?rest_route=\/wp\/v2\/types\/post"}],"author":[{"embeddable":true,"href":"https:\/\/diariodominicano.com\/index.php?rest_route=\/wp\/v2\/users\/28"}],"replies":[{"embeddable":true,"href":"https:\/\/diariodominicano.com\/index.php?rest_route=%2Fwp%2Fv2%2Fcomments&post=436270"}],"version-history":[{"count":1,"href":"https:\/\/diariodominicano.com\/index.php?rest_route=\/wp\/v2\/posts\/436270\/revisions"}],"predecessor-version":[{"id":436271,"href":"https:\/\/diariodominicano.com\/index.php?rest_route=\/wp\/v2\/posts\/436270\/revisions\/436271"}],"wp:featuredmedia":[{"embeddable":true,"href":"https:\/\/diariodominicano.com\/index.php?rest_route=\/wp\/v2\/media\/383715"}],"wp:attachment":[{"href":"https:\/\/diariodominicano.com\/index.php?rest_route=%2Fwp%2Fv2%2Fmedia&parent=436270"}],"wp:term":[{"taxonomy":"category","embeddable":true,"href":"https:\/\/diariodominicano.com\/index.php?rest_route=%2Fwp%2Fv2%2Fcategories&post=436270"},{"taxonomy":"post_tag","embeddable":true,"href":"https:\/\/diariodominicano.com\/index.php?rest_route=%2Fwp%2Fv2%2Ftags&post=436270"}],"curies":[{"name":"wp","href":"https:\/\/api.w.org\/{rel}","templated":true}]}}