{"id":436265,"date":"2023-04-30T21:46:43","date_gmt":"2023-05-01T01:46:43","guid":{"rendered":"http:\/\/diariodominicano.com\/?p=436265"},"modified":"2023-04-30T21:48:19","modified_gmt":"2023-05-01T01:48:19","slug":"acusado-de-triple-asesinato-intenta-quitarse-la-vida-mp","status":"publish","type":"post","link":"https:\/\/diariodominicano.com\/?p=436265","title":{"rendered":"Acusado de triple asesinato intenta quitarse la vida: MP"},"content":{"rendered":"\n<p>Hospital Pedro Emilio de Marchena<\/p>\n\n\n\n<p><em><u>Recibe Atenciones m\u00e9dicas y se encuentra estable<\/u><\/em><\/p>\n\n\n\n<p>SANTO DOMINGO, Rep\u00fablica Dominicana. &#8211; La Direcci\u00f3n General de Servicios Penitenciarios y Correccionales, (DGSPC) inform\u00f3 que el privado de libertad Carlos Julio Campusano Arias, acusado de triple asesinato en Bonao la semana pasada, intent\u00f3 quitarse la vida, con un objeto corto punzante.<\/p>\n\n\n\n<p>Las autoridades penitenciarias del centro de Cotui&nbsp;&nbsp;&nbsp; informaron, que Carlos Julio Campusano Arias, se introdujo una varilla en el cuello, y al ellos percatarse del hecho trataron de impedir que el privado de libertad continuar\u00e1 agredi\u00e9ndose, pero este arremeti\u00f3 en contra de la seguridad e intent\u00f3 introducirse el objeto corto punzante en el abdomen, siendo detenido por la seguridad.<\/p>\n\n\n\n<p>De inmediato fue llevado al hospital Pedro Emilio de Marchena, de esa localidad, para recibir atenciones m\u00e9dicas, siendo dado de alta horas m\u00e1s tarde.<\/p>\n\n\n\n<p>La Direcci\u00f3n General de Servicios Penitenciarios y Correccionales (DGSPC) dispuso su traslado hasta el centro El Pinito en La Vega, para darle seguimiento.<\/p>\n\n\n\n<p>Carlos Julio Campusano Arias, le quit\u00f3 asenin\u00f3 a tiros a tres personas, e hiri\u00f3 a otras dos, entre ellas a&nbsp; Mayra Mordan Garc\u00eda, quien era su esposa, a Mar\u00eda Juana Ortiz Portorreal&nbsp; y a&nbsp; Basilio Lebr\u00f3n Penales,&nbsp; seguridad del residencial donde trabajaba su compa\u00f1era sentimental.<\/p>\n\n\n\n<p><strong>Direcci\u00f3n General de Comunicaci\u00f3n, Prensa, y RRPP<\/strong><\/p>\n\n\n\n<p>Ministerio P\u00fablico.&nbsp;R.D.<\/p>\n\n\n\n<p>Domingo, 30 de abril de 2023<\/p>\n","protected":false},"excerpt":{"rendered":"<p>Hospital Pedro Emilio de Marchena Recibe Atenciones m\u00e9dicas y se encuentra estable SANTO DOMINGO, Rep\u00fablica Dominicana. &#8211; La Direcci\u00f3n General de Servicios Penitenciarios y Correccionales, (DGSPC) inform\u00f3 que el privado de libertad Carlos Julio Campusano Arias, acusado de triple asesinato en Bonao la semana pasada, intent\u00f3 quitarse la vida, con un objeto corto punzante. Las [&hellip;]<\/p>\n","protected":false},"author":28,"featured_media":436266,"comment_status":"closed","ping_status":"","sticky":true,"template":"","format":"standard","meta":{"footnotes":""},"categories":[24,29,27],"tags":[],"class_list":["post-436265","post","type-post","status-publish","format-standard","has-post-thumbnail","hentry","category-justicia-y-derecho","category-policiasucesos","category-portada"],"_links":{"self":[{"href":"https:\/\/diariodominicano.com\/index.php?rest_route=\/wp\/v2\/posts\/436265","targetHints":{"allow":["GET"]}}],"collection":[{"href":"https:\/\/diariodominicano.com\/index.php?rest_route=\/wp\/v2\/posts"}],"about":[{"href":"https:\/\/diariodominicano.com\/index.php?rest_route=\/wp\/v2\/types\/post"}],"author":[{"embeddable":true,"href":"https:\/\/diariodominicano.com\/index.php?rest_route=\/wp\/v2\/users\/28"}],"replies":[{"embeddable":true,"href":"https:\/\/diariodominicano.com\/index.php?rest_route=%2Fwp%2Fv2%2Fcomments&post=436265"}],"version-history":[{"count":3,"href":"https:\/\/diariodominicano.com\/index.php?rest_route=\/wp\/v2\/posts\/436265\/revisions"}],"predecessor-version":[{"id":436269,"href":"https:\/\/diariodominicano.com\/index.php?rest_route=\/wp\/v2\/posts\/436265\/revisions\/436269"}],"wp:featuredmedia":[{"embeddable":true,"href":"https:\/\/diariodominicano.com\/index.php?rest_route=\/wp\/v2\/media\/436266"}],"wp:attachment":[{"href":"https:\/\/diariodominicano.com\/index.php?rest_route=%2Fwp%2Fv2%2Fmedia&parent=436265"}],"wp:term":[{"taxonomy":"category","embeddable":true,"href":"https:\/\/diariodominicano.com\/index.php?rest_route=%2Fwp%2Fv2%2Fcategories&post=436265"},{"taxonomy":"post_tag","embeddable":true,"href":"https:\/\/diariodominicano.com\/index.php?rest_route=%2Fwp%2Fv2%2Ftags&post=436265"}],"curies":[{"name":"wp","href":"https:\/\/api.w.org\/{rel}","templated":true}]}}