{"id":436203,"date":"2023-04-30T16:52:13","date_gmt":"2023-04-30T20:52:13","guid":{"rendered":"http:\/\/diariodominicano.com\/?p=436203"},"modified":"2023-04-30T16:52:13","modified_gmt":"2023-04-30T20:52:13","slug":"cifra-de-muertos-por-masacre-en-ecuador-sube-a-10","status":"publish","type":"post","link":"https:\/\/diariodominicano.com\/?p=436203","title":{"rendered":"Cifra de muertos por masacre en Ecuador sube a 10"},"content":{"rendered":"\n<p>Quito, 30 abr (Prensa Latina) El n\u00famero de muertos debido a la masacre que tuvo lugar la noche de este s\u00e1bado en la ciudad de Guayaquil, en la provincia de Guayas en Ecuador ,subi\u00f3 hoy a 10.&nbsp;&nbsp;&nbsp;&nbsp;<\/p>\n\n\n\n<ul class=\"wp-block-list\"><li>abril 30, 2023<\/li><li>CDT15:56 (GMT) -0400<\/li><\/ul>\n\n\n\n<p>Un reporte de la Fiscal\u00eda del pa\u00eds andino revel\u00f3 que tres de los cinco heridos que dej\u00f3 el ataque fallecieron este domingo. Las dos personas que permanecen hospitalizadas tienen pron\u00f3stico reservado de acuerdo con el \u00f3rgano de justicia.<\/p>\n\n\n\n<p>De acuerdo con el comandante de la denominada Zona 8, de esa urbe costera, Marco Villarroel, cuatro de los fallecidos ten\u00edan antecedentes penales y otra de las v\u00edctimas registra seis detenciones, todas por robo.<\/p>\n\n\n\n<p>Villarroel revel\u00f3 que entre los heridos hay una ni\u00f1a de 5 a\u00f1os, que ser\u00e1 operada para extraerle las esquirlas.<\/p>\n\n\n\n<p>El suceso ocurri\u00f3 en las inmediaciones de un taller mec\u00e1nico, donde varios sujetos armados con fusiles dispararon contra las personas que observaban all\u00ed el partido de f\u00fatbol de Barcelona ante T\u00e9cnico Universitario.<\/p>\n\n\n\n<p>Guayaquil se encuentra bajo un estado de excepci\u00f3n decretado por el presidente Guillermo Lasso, para contrarrestar la violencia, seg\u00fan se\u00f1al\u00f3 el mandatario al aplicar la medida restrictiva.<\/p>\n\n\n\n<p>Esta nueva masacre tiene lugar dos d\u00edas despu\u00e9s de que el Gobierno declar\u00f3 al terrorismo, perpetrado por bandas criminales, como una amenaza contra la estructura del Estado.<\/p>\n\n\n\n<p>El pasado 13 de marzo, cerca de 30 hombres armados dispararon contra un puerto pesquero de la provincia de Esmeraldas. La balacera caus\u00f3 la muerte de nueve personas, la mayor\u00eda de ellas, trabajaban en ese puerto.<\/p>\n\n\n\n<p>Debido al incremento de la violencia, el ministro de Defensa de Ecuador, Luis Lara anunci\u00f3 que actuar\u00e1n contra las organizaciones terroristas en el pa\u00eds andino una vez sea emitido el decreto ejecutivo que lo autorice.<\/p>\n\n\n\n<p>El anuncio del titular de Defensa ecuatoriano tuvo lugar tras la reuni\u00f3n del Consejo de Seguridad P\u00fablica y del Estado (Cosepe), la tarde del jueves, donde declararon al terrorismo como una amenaza que ser\u00e1 enfrentada de manera firme en medio de la creciente ola de violencia en Ecuador.<\/p>\n\n\n\n<p>La declaratoria, de acuerdo con Lara, permitir\u00e1 a la Fueras Armadas iniciar operaciones militares contra las bandas narcodelictivas que operan en el pa\u00eds sudamericano.<\/p>\n\n\n\n<p>Ecuador sufre una ola de violencia sin precedentes que el Gobierno atribuye a organizaciones delictivas asociadas al tr\u00e1fico de drogas y a la respuesta de esos grupos a las acciones para enfrentarlas.<\/p>\n\n\n\n<p>Las provincias de Esmeraldas y Guayas se han convertido en el epicentro de la criminalidad en esta naci\u00f3n sudamericana, ambas bajo el estado de excepci\u00f3n decretado recientemente por el presidente Lasso.<\/p>\n\n\n\n<p>jcm\/nta<\/p>\n","protected":false},"excerpt":{"rendered":"<p>Quito, 30 abr (Prensa Latina) El n\u00famero de muertos debido a la masacre que tuvo lugar la noche de este s\u00e1bado en la ciudad de Guayaquil, en la provincia de Guayas en Ecuador ,subi\u00f3 hoy a 10.&nbsp;&nbsp;&nbsp;&nbsp; abril 30, 2023 CDT15:56 (GMT) -0400 Un reporte de la Fiscal\u00eda del pa\u00eds andino revel\u00f3 que tres de [&hellip;]<\/p>\n","protected":false},"author":28,"featured_media":436205,"comment_status":"closed","ping_status":"","sticky":true,"template":"","format":"standard","meta":{"footnotes":""},"categories":[23,29,27],"tags":[],"class_list":["post-436203","post","type-post","status-publish","format-standard","has-post-thumbnail","hentry","category-internacional","category-policiasucesos","category-portada"],"_links":{"self":[{"href":"https:\/\/diariodominicano.com\/index.php?rest_route=\/wp\/v2\/posts\/436203","targetHints":{"allow":["GET"]}}],"collection":[{"href":"https:\/\/diariodominicano.com\/index.php?rest_route=\/wp\/v2\/posts"}],"about":[{"href":"https:\/\/diariodominicano.com\/index.php?rest_route=\/wp\/v2\/types\/post"}],"author":[{"embeddable":true,"href":"https:\/\/diariodominicano.com\/index.php?rest_route=\/wp\/v2\/users\/28"}],"replies":[{"embeddable":true,"href":"https:\/\/diariodominicano.com\/index.php?rest_route=%2Fwp%2Fv2%2Fcomments&post=436203"}],"version-history":[{"count":1,"href":"https:\/\/diariodominicano.com\/index.php?rest_route=\/wp\/v2\/posts\/436203\/revisions"}],"predecessor-version":[{"id":436206,"href":"https:\/\/diariodominicano.com\/index.php?rest_route=\/wp\/v2\/posts\/436203\/revisions\/436206"}],"wp:featuredmedia":[{"embeddable":true,"href":"https:\/\/diariodominicano.com\/index.php?rest_route=\/wp\/v2\/media\/436205"}],"wp:attachment":[{"href":"https:\/\/diariodominicano.com\/index.php?rest_route=%2Fwp%2Fv2%2Fmedia&parent=436203"}],"wp:term":[{"taxonomy":"category","embeddable":true,"href":"https:\/\/diariodominicano.com\/index.php?rest_route=%2Fwp%2Fv2%2Fcategories&post=436203"},{"taxonomy":"post_tag","embeddable":true,"href":"https:\/\/diariodominicano.com\/index.php?rest_route=%2Fwp%2Fv2%2Ftags&post=436203"}],"curies":[{"name":"wp","href":"https:\/\/api.w.org\/{rel}","templated":true}]}}