{"id":436106,"date":"2023-04-30T12:45:56","date_gmt":"2023-04-30T16:45:56","guid":{"rendered":"http:\/\/diariodominicano.com\/?p=436106"},"modified":"2023-04-30T13:21:26","modified_gmt":"2023-04-30T17:21:26","slug":"el-temor-y-zozobra-se-apoderan-de-moradores-de-los-guandules-por-recudecimiento-de-atracos-robos-y-asaltos","status":"publish","type":"post","link":"https:\/\/diariodominicano.com\/?p=436106","title":{"rendered":"El temor y zozobra se apoderan de moradores de Los Guandules por recrudecimiento de atracos, robos y asaltos"},"content":{"rendered":"\n<p><\/p>\n\n\n\n<p>El temor y la desesperaci\u00f3n se est\u00e1 apoderando de los moradores del barrio Domingo Savio (Los Guandules) de la capital por el recrudecimiento de los atracos, robos y asaltos, por la ausencia de una efectiva vigilancia de parte de las autoridades policiales.<\/p>\n\n\n\n<p>Est\u00e1n a la orden del d\u00eda las quejas y las denuncias por el azote de grupo de antisociales, atracadores que mantienen en zozobra a los residentes en el sector, que operan sin temer a ser reprimidos por la Polic\u00eda.<\/p>\n\n\n\n<p>Este s\u00e1bado casi a la medianoche se produjo un atraco que ha llenado de temor a la barriada de Los Guandules, cuando un grupo de malhechores armados irrumpi\u00f3 durante la celebraci\u00f3n de un cumplea\u00f1os.<\/p>\n\n\n\n<p>A punta de pistolas y rev\u00f3lveres los antisociales despojaron de celulares, prendas y dinero a los que participaban en el cumplea\u00f1os, en la parte trasera del Edificio # 5 de la Manzana C de la avenida de Circunvalaci\u00f3n Francisco del Rosario S\u00e1nchez, pr\u00f3ximo a la calle Santa Rita,<\/p>\n\n\n\n<p>La acci\u00f3n delictiva caus\u00f3 p\u00e1nico entre los participantes en la celebraci\u00f3n del cumplea\u00f1os, que se suma a otras tropel\u00edas cometidas por grupos de atracadores que mantienen en zozobra al sector, por el temor de que se produjera una balacera en el lugar, con un saldo de varias v\u00edctimas<\/p>\n\n\n\n<p>Tanto residentes como grupos comunitarios del barrio Domingo Savio (LOS GUANDULES) est\u00e1n desesperados y atemorizados por las repetidas acciones de los grupos bandoleros, sin&nbsp;&nbsp;que las autoridades policiales hagan nada para enfrentarlos.&nbsp;<\/p>\n\n\n\n<p>La gente est\u00e1 preocupada por la forma que act\u00faan los atracadores, con armas de fuego y blanca, sin temor a ser identificados, dando a entender que nadie los detendr\u00e1, como si se sintieran protegidos.&nbsp;<\/p>\n\n\n\n<p>jose antonio vargas gerrero<a target=\"_blank\" href=\"mailto:jvargas6481@gmail.com\" rel=\"noreferrer noopener\">jvargas6481@gmail.com<\/a><\/p>\n","protected":false},"excerpt":{"rendered":"<p>El temor y la desesperaci\u00f3n se est\u00e1 apoderando de los moradores del barrio Domingo Savio (Los Guandules) de la capital por el recrudecimiento de los atracos, robos y asaltos, por la ausencia de una efectiva vigilancia de parte de las autoridades policiales. Est\u00e1n a la orden del d\u00eda las quejas y las denuncias por el [&hellip;]<\/p>\n","protected":false},"author":28,"featured_media":436108,"comment_status":"closed","ping_status":"","sticky":true,"template":"","format":"standard","meta":{"footnotes":""},"categories":[29,27],"tags":[],"class_list":["post-436106","post","type-post","status-publish","format-standard","has-post-thumbnail","hentry","category-policiasucesos","category-portada"],"_links":{"self":[{"href":"https:\/\/diariodominicano.com\/index.php?rest_route=\/wp\/v2\/posts\/436106","targetHints":{"allow":["GET"]}}],"collection":[{"href":"https:\/\/diariodominicano.com\/index.php?rest_route=\/wp\/v2\/posts"}],"about":[{"href":"https:\/\/diariodominicano.com\/index.php?rest_route=\/wp\/v2\/types\/post"}],"author":[{"embeddable":true,"href":"https:\/\/diariodominicano.com\/index.php?rest_route=\/wp\/v2\/users\/28"}],"replies":[{"embeddable":true,"href":"https:\/\/diariodominicano.com\/index.php?rest_route=%2Fwp%2Fv2%2Fcomments&post=436106"}],"version-history":[{"count":3,"href":"https:\/\/diariodominicano.com\/index.php?rest_route=\/wp\/v2\/posts\/436106\/revisions"}],"predecessor-version":[{"id":436139,"href":"https:\/\/diariodominicano.com\/index.php?rest_route=\/wp\/v2\/posts\/436106\/revisions\/436139"}],"wp:featuredmedia":[{"embeddable":true,"href":"https:\/\/diariodominicano.com\/index.php?rest_route=\/wp\/v2\/media\/436108"}],"wp:attachment":[{"href":"https:\/\/diariodominicano.com\/index.php?rest_route=%2Fwp%2Fv2%2Fmedia&parent=436106"}],"wp:term":[{"taxonomy":"category","embeddable":true,"href":"https:\/\/diariodominicano.com\/index.php?rest_route=%2Fwp%2Fv2%2Fcategories&post=436106"},{"taxonomy":"post_tag","embeddable":true,"href":"https:\/\/diariodominicano.com\/index.php?rest_route=%2Fwp%2Fv2%2Ftags&post=436106"}],"curies":[{"name":"wp","href":"https:\/\/api.w.org\/{rel}","templated":true}]}}