{"id":43592,"date":"2019-06-05T23:31:48","date_gmt":"2019-06-05T23:31:48","guid":{"rendered":"http:\/\/diariodominicano.ddns.net\/?p=43592"},"modified":"2019-06-05T23:31:48","modified_gmt":"2019-06-05T23:31:48","slug":"el-poder-en-republica-dominicana-y-mas-alla","status":"publish","type":"post","link":"https:\/\/diariodominicano.com\/?p=43592","title":{"rendered":"EL PODER EN REP\u00daBLICA DOMINICANA&#8230; Y M\u00c1S ALL\u00c1"},"content":{"rendered":"<p><body><\/p>\n<p><strong>   Por Narciso Isa Conde  <\/strong><\/p>\n<\/p>\n<p>Sobre la dictadura de clase se monta una dictadura pol\u00edtica.<\/p>\n<\/p>\n<p>No se trata de una tiran\u00eda, ni de una dictadura militar o c\u00edvico-militar tradicional.<\/p>\n<\/p>\n<p>No es un r\u00e9gimen que aplasta todas las libertades, porque carece de esa posibilidad.<\/p>\n<\/p>\n<p>Es una dictadura constitucional disfrazada de democracia.<\/p>\n<\/p>\n<p>Me parece \u00fatil dar a conocer el devenir del modelo neoliberal y de las instituciones de la llamada democracia representativa, donde la cultura caudillista-autoritaria conserva una enorme influencia, contaminando todo el sistema de partidos y el ejerci\u00f3 de la pol\u00edtica.<\/p>\n<\/p>\n<p>Pienso, por lo que conozco, que el tema NO es de la exclusividad del pa\u00eds donde habito y actu\u00f3, sino que hay expresiones parecidas en una parte de la naciones del continente y del mundo, merecedoras de an\u00e1lisis comparativos y respuestas parecidas a los graves problemas que genera esta modalidad de las llamadas dictadura blandas, diferente, aunque con algunos componentes parecidos, a las de las dictaduras duras y las tiran\u00edas.<\/p>\n<\/p>\n<p> Es  com\u00fan que a un capitalismo dependiente, neoliberal y altamente gansterizado le corresponda  una dictadura de clase a tono con su esencia derivada de las restructuraciones propias de la denominada era neoliberal o neo-conservadora.<\/p>\n<\/p>\n<p>\u00b7         LA DICTADURA DE CLASE EN DOMINICANA.<\/p>\n<\/p>\n<p> Aqu\u00ed esto se traduce en  que la preeminente lumpen burgues\u00eda transnacional de estos tiempos se amalgama con una lumpen burgues\u00eda nativa subordinada a ella.<\/p>\n<\/p>\n<p>En ambas vertientes de ese poder (o dictadura de clase) predomina el parasitismo, la usura, la especulaci\u00f3n y la acumulaci\u00f3n de riquezas v\u00eda sobre-explotaci\u00f3n, corrupci\u00f3n, saqueo y depredaci\u00f3n.<\/p>\n<\/p>\n<p>La vieja burgues\u00eda se lumpeniza y la nueva nace lumpen, generalmente a trav\u00e9s de la conversi\u00f3n de pol\u00edticos mafiosos en empresarios o socios de empresarios.<\/p>\n<\/p>\n<p>El poder de clase es en s\u00ed mismo negador de democracia y fomentador de desigualdades abismales.<\/p>\n<\/p>\n<p>Es un poder altamente concentrado, integrado por monopolios y oligopolios propios de pa\u00edses capitalista de \u00abdesarrollo medio\u00bb con elevada gravitaci\u00f3n sobre el Estado. Un poder de  de especies de asociaciones delictivas estatales-privadas que ocupan la punta de la pir\u00e1mide social.<\/p>\n<\/p>\n<p>\u00b7         LA DICTADURA POL\u00cdTICA.<\/p>\n<\/p>\n<p>Sobre la dictadura de clase se monta una dictadura pol\u00edtica.<\/p>\n<\/p>\n<p>No se trata de una tiran\u00eda, ni de una dictadura militar o c\u00edvico-militar tradicional.<\/p>\n<\/p>\n<p>No es un r\u00e9gimen que aplasta todas las libertades, porque carece de esa posibilidad.<\/p>\n<\/p>\n<p>Es una dictadura constitucional disfrazada de democracia, en la que todas las instituciones, electas o no, est\u00e1n controladas desde un centro que se llama Presidencia de la Rep\u00fablica o Poder Ejecutivo, no importa qui\u00e9n sea el titular, y no siempre es el mismo.<\/p>\n<\/p>\n<p>Esa dictadura institucionalizada crea y reproduce un mecanismo de corrupci\u00f3n protegido por un r\u00e9gimen de impunidad que se engendra en el sistema policial, el ministerio p\u00fablico y el poder judicial.<\/p>\n<\/p>\n<p>Ese mecanismo y ese r\u00e9gimen operan mancomunadamente a todos los niveles, a todas las alturas y en todas las dimensiones y vol\u00famenes de los delitos de Estado. Grandes, medianos, peque\u00f1os y peque\u00f1itos.<\/p>\n<\/p>\n<p>Quien tiene dinero, influencia o conexiones pol\u00edticas, empresariales o militares est\u00e1 libre de condenas duraderas.<\/p>\n<\/p>\n<p>Una gran parte de los funcionarios, (altos, medianos y chiquitos)  entran a formar parte de ese mecanismo perverso.<\/p>\n<\/p>\n<p>Las instituciones civiles y militares son los escenarios donde se despliegan esa maquinaria, mientras el sistema de partido y el capital privado gansterizados son sus gestores y beneficiarios.<\/p>\n<\/p>\n<p>\u00b7         EL PODER DOMINANTE COMO SUMA Y SUS MODALIDADES DE CONTINUISMO.<\/p>\n<\/p>\n<p>El poder dominante es la suma  y mezcla de esos factores.<\/p>\n<\/p>\n<p>El sistema de partidos opera dentro de un escenario controlado por componentes de esas dos dictaduras combinadas, con preeminencia de una u otra de sus grandes facciones pol\u00edticas y empresariales.<\/p>\n<\/p>\n<p>Las mayores ventajas generalmente las tiene quien controla el Poder Ejecutivo y la c\u00fapula del partido de gobierno, generalmente trasformado en partido-estado-corporaci\u00f3n de la corrupci\u00f3n.<\/p>\n<\/p>\n<p>Pero eso no es inexorable.<\/p>\n<\/p>\n<p>A veces el desgaste es tal, la ilegitimidad es tan grande, que obliga a otras variantes de continuismo.<\/p>\n<\/p>\n<p>A veces, sectores claves del poder de clase y facciones pol\u00edticas asociadas a ellos, obligan a quitarle presi\u00f3n a la olla, ya sea auspiciando relevo en la corporaci\u00f3n pol\u00edtica o favoreciendo una oposici\u00f3n de igual cala\u00f1a. General el peso determinante respecto a esas decisiones lo tiene la potencia re-colonizadora.<\/p>\n<\/p>\n<p>Precisamente ahora en nuestra Rep\u00fablica Dominicana est\u00e1 en fase previa al  desenlace de la pelea, pendiente de definiciones de cara a los comicios del 2020, respecto cu\u00e1l de los continuismos se impone.<\/p>\n<\/p>\n<p>Lo que s\u00ed est\u00e1 claro es que las v\u00edas institucionales del poder establecido conserva, hasta que no sea quebrado en confrontaci\u00f3n de calle, capacidad para bloquear toda opci\u00f3n que implique derrotar su preeminencia.<\/p>\n<\/p>\n<p>Por eso, es pertinente salirse de la trampa electorera y procurar que el pueblo tome las calles y se transforme en poder constituyente capaz de destituir y desmontar el poder constituido.<\/p>\n<\/p>\n<p>Donde se han producido cambios pol\u00edticos de significaci\u00f3n, han tenido lugar fen\u00f3menos pol\u00edtico-sociales de ese talante. Validos para este territorio y m\u00e1s all\u00e1.<\/p>\n<\/p>\n<p> 3 de Junio 2019<\/p>\n<h6> 2019-06-05 23:31:48 <\/h6>\n<p><!--\n<link rel=\"stylesheet\" href=\"css\/bootstrap.min.css\">\n\n\n<ul class=\"pagination\">\n\t    \n\t\n\n<li >\n\t<a href='?page_no=648'>Previous<\/a>\n\t<\/li>\n\n\n       \n    \n\n<li><a href='?page_no=1'>1<\/a><\/li>\n\n\n\n<li><a href='?page_no=2'>2<\/a><\/li>\n\n\n\n<li><a>...<\/a><\/li>\n\n\n\n<li><a href='?page_no=647'>647<\/a><\/li>\n\n\n\n<li><a href='?page_no=648'>648<\/a><\/li>\n\n\n\n<li class='active'><a>649<\/a><\/li>\n\n\n\n<li><a href='?page_no=650'>650<\/a><\/li>\n\n\n\n<li><a href='?page_no=651'>651<\/a><\/li>\n\n\n\n<li><a>...<\/a><\/li>\n\n\n\n<li><a href='?page_no=13611'>13611<\/a><\/li>\n\n\n\n<li><a href='?page_no=13612'>13612<\/a><\/li>\n\n    \n\t\n\n<li >\n\t<a href='?page_no=650'>Next<\/a>\n\t<\/li>\n\n\n    \n\n<li><a href='?page_no=13612'>Last &rsaquo;&rsaquo;<\/a><\/li>\n\n<\/ul>\n\n\n--><br \/>\n<\/body><\/p>\n","protected":false},"excerpt":{"rendered":"<p>Por Narciso Isa Conde Sobre la dictadura de clase se monta una dictadura pol\u00edtica. No se trata de una tiran\u00eda, ni de una dictadura militar o c\u00edvico-militar tradicional. No es un r\u00e9gimen que aplasta todas las libertades, porque carece de esa posibilidad. Es una dictadura constitucional disfrazada de democracia. Me parece \u00fatil dar a conocer [&hellip;]<\/p>\n","protected":false},"author":3,"featured_media":0,"comment_status":"open","ping_status":"open","sticky":false,"template":"","format":"standard","meta":{"footnotes":""},"categories":[16],"tags":[],"class_list":["post-43592","post","type-post","status-publish","format-standard","hentry","category-opiniones"],"_links":{"self":[{"href":"https:\/\/diariodominicano.com\/index.php?rest_route=\/wp\/v2\/posts\/43592","targetHints":{"allow":["GET"]}}],"collection":[{"href":"https:\/\/diariodominicano.com\/index.php?rest_route=\/wp\/v2\/posts"}],"about":[{"href":"https:\/\/diariodominicano.com\/index.php?rest_route=\/wp\/v2\/types\/post"}],"author":[{"embeddable":true,"href":"https:\/\/diariodominicano.com\/index.php?rest_route=\/wp\/v2\/users\/3"}],"replies":[{"embeddable":true,"href":"https:\/\/diariodominicano.com\/index.php?rest_route=%2Fwp%2Fv2%2Fcomments&post=43592"}],"version-history":[{"count":0,"href":"https:\/\/diariodominicano.com\/index.php?rest_route=\/wp\/v2\/posts\/43592\/revisions"}],"wp:attachment":[{"href":"https:\/\/diariodominicano.com\/index.php?rest_route=%2Fwp%2Fv2%2Fmedia&parent=43592"}],"wp:term":[{"taxonomy":"category","embeddable":true,"href":"https:\/\/diariodominicano.com\/index.php?rest_route=%2Fwp%2Fv2%2Fcategories&post=43592"},{"taxonomy":"post_tag","embeddable":true,"href":"https:\/\/diariodominicano.com\/index.php?rest_route=%2Fwp%2Fv2%2Ftags&post=43592"}],"curies":[{"name":"wp","href":"https:\/\/api.w.org\/{rel}","templated":true}]}}