{"id":435868,"date":"2023-04-28T22:24:02","date_gmt":"2023-04-29T02:24:02","guid":{"rendered":"http:\/\/diariodominicano.com\/?p=435868"},"modified":"2023-04-28T22:26:28","modified_gmt":"2023-04-29T02:26:28","slug":"codue-apoya-reforma-de-la-policia-nacional","status":"publish","type":"post","link":"https:\/\/diariodominicano.com\/?p=435868","title":{"rendered":"CODUE apoya reforma de la Polic\u00eda Nacional"},"content":{"rendered":"\n<p>Participantes en la reuni\u00f3n<\/p>\n\n\n\n<p><\/p>\n\n\n\n<p>SANTO DOMINGO. El Consejo Dominicano de Unidad Evang\u00e9lica (CODUE), sostuvo una reuni\u00f3n en el d\u00eda de hoy con la Comisi\u00f3n T\u00e9cnica para la Reestructuraci\u00f3n del Sistema Educativo de la Polic\u00eda Nacional, la cual valor\u00f3 como muy positiva en cuanto a los avances de la misma.<\/p>\n\n\n\n<figure class=\"wp-block-image size-large\"><img loading=\"lazy\" decoding=\"async\" width=\"1024\" height=\"576\" src=\"https:\/\/diariodominicano.com\/wp-content\/uploads\/2023\/04\/Reunion-CODUE-Policia-Nacional-1-1024x576.jpeg\" alt=\"\" class=\"wp-image-435879\" srcset=\"https:\/\/diariodominicano.com\/wp-content\/uploads\/2023\/04\/Reunion-CODUE-Policia-Nacional-1-1024x576.jpeg 1024w, https:\/\/diariodominicano.com\/wp-content\/uploads\/2023\/04\/Reunion-CODUE-Policia-Nacional-1-300x169.jpeg 300w, https:\/\/diariodominicano.com\/wp-content\/uploads\/2023\/04\/Reunion-CODUE-Policia-Nacional-1-768x432.jpeg 768w, https:\/\/diariodominicano.com\/wp-content\/uploads\/2023\/04\/Reunion-CODUE-Policia-Nacional-1-1536x864.jpeg 1536w, https:\/\/diariodominicano.com\/wp-content\/uploads\/2023\/04\/Reunion-CODUE-Policia-Nacional-1-816x459.jpeg 816w, https:\/\/diariodominicano.com\/wp-content\/uploads\/2023\/04\/Reunion-CODUE-Policia-Nacional-1.jpeg 1600w\" sizes=\"auto, (max-width: 1024px) 100vw, 1024px\" \/><\/figure>\n\n\n\n<p>Al encuentro asistieron en representaci\u00f3n de CODUE el pastor Feliciano Lacen junto a parte de su Junta de Directores y, por parte de la Comisi\u00f3n T\u00e9cnica, estuvieron presentes Mu-Kien Adriana Sang, Radham\u00e9s Garc\u00eda Gonz\u00e1lez, Osvaldo Santana, el Gral. Guzm\u00e1n Bad\u00eda y Yarisa Soto, as\u00ed como Elena Villeya, integrante de la Junta Directiva\u00a0para la gesti\u00f3n de la transici\u00f3n del Instituto Policial de Educaci\u00f3n (IPE), y el Gral. Francisco Ovalles, rector del Instituto Superior para la Defensa (INSUDE).<\/p>\n\n\n\n<p>El CODUE se siente comprometido con esta comisi\u00f3n y la reforma, la cual considera debe ser un plan de pa\u00eds, en el que cada ciudadano trabaje para mantener y garantizar la seguridad ciudadana, ya que de esto b\u00e1sicamente depende la estabilidad y la econom\u00eda nacional, por ser una econom\u00eda de servicio.<\/p>\n\n\n\n<p>CODUE estar\u00e1 colaborando para que los programas de ense\u00f1anza lleguen a todo el territorio de nuestra naci\u00f3n, contribuyendo a su divulgaci\u00f3n e implementaci\u00f3n. El pastor Feliciano Lacen, dijo que el tema de la seguridad no se debe politizar, ya que esta no tiene color pol\u00edtico, ni religioso pues es un compromiso de todos. \u201cNuestro llamado es que as\u00ed como el 4% para la educaci\u00f3n que los aspirantes firmaron como garant\u00eda de aplicar o asumirlo como propio de pa\u00eds, esto no debe pasarse por alto y que se haga un acuerdo de continuidad\u00a0 para garantizar que este proyecto se mantenga para la posteridad\u201d, argument\u00f3.<\/p>\n\n\n\n<p>Consejo Dominicano Unidad Evangelica<a target=\"_blank\" href=\"mailto:asistentecodue@gmail.com\" rel=\"noreferrer noopener\">asistentecodue@gmail.com<\/a><\/p>\n\n\n\n<p><br>&#8212;<\/p>\n\n\n\n<p><\/p>\n","protected":false},"excerpt":{"rendered":"<p>Participantes en la reuni\u00f3n SANTO DOMINGO. El Consejo Dominicano de Unidad Evang\u00e9lica (CODUE), sostuvo una reuni\u00f3n en el d\u00eda de hoy con la Comisi\u00f3n T\u00e9cnica para la Reestructuraci\u00f3n del Sistema Educativo de la Polic\u00eda Nacional, la cual valor\u00f3 como muy positiva en cuanto a los avances de la misma. Al encuentro asistieron en representaci\u00f3n de [&hellip;]<\/p>\n","protected":false},"author":28,"featured_media":435874,"comment_status":"closed","ping_status":"","sticky":false,"template":"","format":"standard","meta":{"footnotes":""},"categories":[20,29],"tags":[],"class_list":["post-435868","post","type-post","status-publish","format-standard","has-post-thumbnail","hentry","category-dominicana-hoy","category-policiasucesos"],"_links":{"self":[{"href":"https:\/\/diariodominicano.com\/index.php?rest_route=\/wp\/v2\/posts\/435868","targetHints":{"allow":["GET"]}}],"collection":[{"href":"https:\/\/diariodominicano.com\/index.php?rest_route=\/wp\/v2\/posts"}],"about":[{"href":"https:\/\/diariodominicano.com\/index.php?rest_route=\/wp\/v2\/types\/post"}],"author":[{"embeddable":true,"href":"https:\/\/diariodominicano.com\/index.php?rest_route=\/wp\/v2\/users\/28"}],"replies":[{"embeddable":true,"href":"https:\/\/diariodominicano.com\/index.php?rest_route=%2Fwp%2Fv2%2Fcomments&post=435868"}],"version-history":[{"count":5,"href":"https:\/\/diariodominicano.com\/index.php?rest_route=\/wp\/v2\/posts\/435868\/revisions"}],"predecessor-version":[{"id":435885,"href":"https:\/\/diariodominicano.com\/index.php?rest_route=\/wp\/v2\/posts\/435868\/revisions\/435885"}],"wp:featuredmedia":[{"embeddable":true,"href":"https:\/\/diariodominicano.com\/index.php?rest_route=\/wp\/v2\/media\/435874"}],"wp:attachment":[{"href":"https:\/\/diariodominicano.com\/index.php?rest_route=%2Fwp%2Fv2%2Fmedia&parent=435868"}],"wp:term":[{"taxonomy":"category","embeddable":true,"href":"https:\/\/diariodominicano.com\/index.php?rest_route=%2Fwp%2Fv2%2Fcategories&post=435868"},{"taxonomy":"post_tag","embeddable":true,"href":"https:\/\/diariodominicano.com\/index.php?rest_route=%2Fwp%2Fv2%2Ftags&post=435868"}],"curies":[{"name":"wp","href":"https:\/\/api.w.org\/{rel}","templated":true}]}}