{"id":435794,"date":"2023-04-28T20:11:38","date_gmt":"2023-04-29T00:11:38","guid":{"rendered":"http:\/\/diariodominicano.com\/?p=435794"},"modified":"2023-04-28T20:46:13","modified_gmt":"2023-04-29T00:46:13","slug":"ministerio-publico-de-sde-obtiene-30-anos-de-prision-contra-hombre-acusado-de-matar-a-otro-en-el-sector-cancino","status":"publish","type":"post","link":"https:\/\/diariodominicano.com\/?p=435794","title":{"rendered":"Ministerio P\u00fablico de SDE obtiene 30 a\u00f1os de prisi\u00f3n contra hombre acusado de matar a otro en el sector Cancino"},"content":{"rendered":"\n<p>SANTO DOMINGO, Rep\u00fablica Dominicana.- La Fiscal\u00eda de Santo Domingo Este y Norte obtuvo una condena de 30 a\u00f1os de reclusi\u00f3n mayor en contra de un hombre que le quit\u00f3 la vida a otro tras generar una balacera, en un hecho ocurrido en el a\u00f1o 2022, en el sector Cancino, Santo Domingo Este, cuando la v\u00edctima participaba en un cumplea\u00f1os.&nbsp;<\/p>\n\n\n\n<p>La condena le fue impuesta por el Primer Tribunal Colegiado, que preside la jueza Elizabeth Rodr\u00edguez, a Manuel Rafael Valverde Ortiz (Chelito), quien fue enviado a la Penitenciar\u00eda Nacional de La Victoria a cumplir la sentencia condenatoria por el hecho cometido en perjuicio del hoy occiso Jos\u00e9 Manuel Marte.&nbsp;<\/p>\n\n\n\n<p>El expediente instrumentado por el fiscal investigador Wilson D\u00edaz relata que el suceso ocurri\u00f3 el 15 de marzo del pasado a\u00f1o, aproximadamente a las 12:30 de la madrugada, mientras el hoy occiso compart\u00eda con amigos en la celebraci\u00f3n de un cumplea\u00f1os en las afueras de un drink del referido sector.&nbsp;<\/p>\n\n\n\n<p>El expediente establece que el hecho se produjo por viejas rencillas personales entre Manuel Rafael Valverde Ortiz y Jancel Yasel Tineo Fragoso, alias el Menor. Relata que justo cuando las personas que estaban en la actividad se dispon\u00edan a salir del lugar, lleg\u00f3 el hoy condenado y se par\u00f3 a varios metros de ellos, llamando a Jancel Yasel Tineo Fragoso, a lo que \u00e9ste respondi\u00f3 que no ir\u00eda, siendo en esas circunstancias que el procesado hal\u00f3 de su cinto un arma de fuego y empez\u00f3 a disparar, resultando herido Jos\u00e9 Manuel Marte en la regi\u00f3n tor\u00e1cica abdominal, caus\u00e1ndole la muerte.&nbsp;&nbsp;<\/p>\n\n\n\n<p>Durante el juicio el fiscal litigante Ignacio Rojas demostr\u00f3 con diferentes pruebas documentales, testimoniales, materiales y periciales que el hoy condenado actu\u00f3 con premeditaci\u00f3n y asechanza para cometer el crimen, en violaci\u00f3n a los art\u00edculos 295, 296, 297, 298 y 302 del C\u00f3digo Penal Dominicano, y los art\u00edculos 66 y 67 de la Ley 631-16, para el Control y Regulaci\u00f3n de Armas, Municiones y Materiales Relacionados.&nbsp;<\/p>\n\n\n\n<p>comunicaciones@pgr.gob.do<\/p>\n","protected":false},"excerpt":{"rendered":"<p>SANTO DOMINGO, Rep\u00fablica Dominicana.- La Fiscal\u00eda de Santo Domingo Este y Norte obtuvo una condena de 30 a\u00f1os de reclusi\u00f3n mayor en contra de un hombre que le quit\u00f3 la vida a otro tras generar una balacera, en un hecho ocurrido en el a\u00f1o 2022, en el sector Cancino, Santo Domingo Este, cuando la v\u00edctima [&hellip;]<\/p>\n","protected":false},"author":28,"featured_media":265615,"comment_status":"closed","ping_status":"","sticky":true,"template":"","format":"standard","meta":{"footnotes":""},"categories":[24,29,27],"tags":[],"class_list":["post-435794","post","type-post","status-publish","format-standard","has-post-thumbnail","hentry","category-justicia-y-derecho","category-policiasucesos","category-portada"],"_links":{"self":[{"href":"https:\/\/diariodominicano.com\/index.php?rest_route=\/wp\/v2\/posts\/435794","targetHints":{"allow":["GET"]}}],"collection":[{"href":"https:\/\/diariodominicano.com\/index.php?rest_route=\/wp\/v2\/posts"}],"about":[{"href":"https:\/\/diariodominicano.com\/index.php?rest_route=\/wp\/v2\/types\/post"}],"author":[{"embeddable":true,"href":"https:\/\/diariodominicano.com\/index.php?rest_route=\/wp\/v2\/users\/28"}],"replies":[{"embeddable":true,"href":"https:\/\/diariodominicano.com\/index.php?rest_route=%2Fwp%2Fv2%2Fcomments&post=435794"}],"version-history":[{"count":2,"href":"https:\/\/diariodominicano.com\/index.php?rest_route=\/wp\/v2\/posts\/435794\/revisions"}],"predecessor-version":[{"id":435803,"href":"https:\/\/diariodominicano.com\/index.php?rest_route=\/wp\/v2\/posts\/435794\/revisions\/435803"}],"wp:featuredmedia":[{"embeddable":true,"href":"https:\/\/diariodominicano.com\/index.php?rest_route=\/wp\/v2\/media\/265615"}],"wp:attachment":[{"href":"https:\/\/diariodominicano.com\/index.php?rest_route=%2Fwp%2Fv2%2Fmedia&parent=435794"}],"wp:term":[{"taxonomy":"category","embeddable":true,"href":"https:\/\/diariodominicano.com\/index.php?rest_route=%2Fwp%2Fv2%2Fcategories&post=435794"},{"taxonomy":"post_tag","embeddable":true,"href":"https:\/\/diariodominicano.com\/index.php?rest_route=%2Fwp%2Fv2%2Ftags&post=435794"}],"curies":[{"name":"wp","href":"https:\/\/api.w.org\/{rel}","templated":true}]}}