{"id":435752,"date":"2023-04-28T19:09:06","date_gmt":"2023-04-28T23:09:06","guid":{"rendered":"http:\/\/diariodominicano.com\/?p=435752"},"modified":"2023-04-28T19:09:06","modified_gmt":"2023-04-28T23:09:06","slug":"decomisaron-en-costa-rica-901-kilogramos-de-cocaina","status":"publish","type":"post","link":"https:\/\/diariodominicano.com\/?p=435752","title":{"rendered":"Decomisaron en Costa Rica 901 kilogramos de coca\u00edna"},"content":{"rendered":"\n<p>San Jos\u00e9, 28 abr (Prensa Latina) El director de la Polic\u00eda de Control de Drogas (PCD) de Costa Rica, Stephen Madden, inform\u00f3 hoy la detecci\u00f3n y decomiso de 901 kilogramos de coca\u00edna en un contenedor de bananos con destino a Espa\u00f1a.&nbsp;&nbsp;&nbsp;&nbsp;<\/p>\n\n\n\n<ul class=\"wp-block-list\"><li>abril 28, 2023<\/li><li>CDT17:06 (GMT) -0400<\/li><\/ul>\n\n\n\n<p>En conferencia de prensa, Madden precis\u00f3 que el hallazgo de la droga en un contenedor en APM Terminals, en Mo\u00edn, en la provincia de Lim\u00f3n, result\u00f3 de las sospechas provocadas por una serie de caracter\u00edsticas particulares e inconsistencias.<\/p>\n\n\n\n<p>Adem\u00e1s, agreg\u00f3 que tras una inspecci\u00f3n encontraron 48 cajas de bananos contaminadas con el estupefaciente.<\/p>\n\n\n\n<p>El viceministro de Seguridad Mart\u00edn Arias refiri\u00f3 que con este decomiso el narcotr\u00e1fico internacional dejar\u00e1 de recibir entre 45 y 72 millones de d\u00f3lares, valor en que se calcula esa cantidad.<\/p>\n\n\n\n<p>De su lado, el titular de Seguridad Jorge Torres coloc\u00f3 esta detecci\u00f3n como parte de los esfuerzos de la Operaci\u00f3n Costa Rica Segura, iniciativa presentada por el Gobierno la semana anterior y destinada a combatir la creciente ola de cr\u00edmenes, atribuida en buena medida a la guerra entre bandas dedicadas al narcotr\u00e1fico.<\/p>\n\n\n\n<p>\u00abNos damos por satisfechos al sacar esta gran cantidad de coca\u00edna y mandamos un mensaje a estas estructuras de narcotr\u00e1fico de lo fuerte que est\u00e1 Costa Rica y lo que estar\u00e1 cuando entren a operar los esc\u00e1neres\u00bb, subray\u00f3 Torres.<\/p>\n\n\n\n<p>gas\/ale<\/p>\n","protected":false},"excerpt":{"rendered":"<p>San Jos\u00e9, 28 abr (Prensa Latina) El director de la Polic\u00eda de Control de Drogas (PCD) de Costa Rica, Stephen Madden, inform\u00f3 hoy la detecci\u00f3n y decomiso de 901 kilogramos de coca\u00edna en un contenedor de bananos con destino a Espa\u00f1a.&nbsp;&nbsp;&nbsp;&nbsp; abril 28, 2023 CDT17:06 (GMT) -0400 En conferencia de prensa, Madden precis\u00f3 que el [&hellip;]<\/p>\n","protected":false},"author":28,"featured_media":0,"comment_status":"closed","ping_status":"","sticky":false,"template":"","format":"standard","meta":{"footnotes":""},"categories":[23,29],"tags":[],"class_list":["post-435752","post","type-post","status-publish","format-standard","hentry","category-internacional","category-policiasucesos"],"_links":{"self":[{"href":"https:\/\/diariodominicano.com\/index.php?rest_route=\/wp\/v2\/posts\/435752","targetHints":{"allow":["GET"]}}],"collection":[{"href":"https:\/\/diariodominicano.com\/index.php?rest_route=\/wp\/v2\/posts"}],"about":[{"href":"https:\/\/diariodominicano.com\/index.php?rest_route=\/wp\/v2\/types\/post"}],"author":[{"embeddable":true,"href":"https:\/\/diariodominicano.com\/index.php?rest_route=\/wp\/v2\/users\/28"}],"replies":[{"embeddable":true,"href":"https:\/\/diariodominicano.com\/index.php?rest_route=%2Fwp%2Fv2%2Fcomments&post=435752"}],"version-history":[{"count":1,"href":"https:\/\/diariodominicano.com\/index.php?rest_route=\/wp\/v2\/posts\/435752\/revisions"}],"predecessor-version":[{"id":435753,"href":"https:\/\/diariodominicano.com\/index.php?rest_route=\/wp\/v2\/posts\/435752\/revisions\/435753"}],"wp:attachment":[{"href":"https:\/\/diariodominicano.com\/index.php?rest_route=%2Fwp%2Fv2%2Fmedia&parent=435752"}],"wp:term":[{"taxonomy":"category","embeddable":true,"href":"https:\/\/diariodominicano.com\/index.php?rest_route=%2Fwp%2Fv2%2Fcategories&post=435752"},{"taxonomy":"post_tag","embeddable":true,"href":"https:\/\/diariodominicano.com\/index.php?rest_route=%2Fwp%2Fv2%2Ftags&post=435752"}],"curies":[{"name":"wp","href":"https:\/\/api.w.org\/{rel}","templated":true}]}}