{"id":43570,"date":"2019-06-10T07:28:15","date_gmt":"2019-06-10T07:28:15","guid":{"rendered":"http:\/\/diariodominicano.ddns.net\/?p=43570"},"modified":"2019-06-10T07:28:15","modified_gmt":"2019-06-10T07:28:15","slug":"destituira-al-ministro-de-economia","status":"publish","type":"post","link":"https:\/\/diariodominicano.com\/?p=43570","title":{"rendered":"\u00bfDestituir\u00e1 al ministro de econom\u00eda?"},"content":{"rendered":"<p><body><\/p>\n<p><strong><span class=\"text1noticias\">Franklin Almeyda Rancier  <\/span><\/strong><\/p>\n<p><span class=\"text1noticias\">El Ministro de Econom\u00eda, Planificaci\u00f3n y Desarrollo, Isidoro Santana, ofreci\u00f3 unas declaraciones con mucha entereza, que me llev\u00f3 a dudar sobre su permanencia en el cargo. Declar\u00f3, entre otras cosas, lo siguiente:<\/span><\/p>\n<\/p>\n<p><span class=\"text1noticias\">\u00ab&#8230; no es correcto una modificaci\u00f3n constitucional. Es m\u00e1s, entiendo que el presidente Danilo Medina, despu\u00e9s de haber hecho una de las mejores gestiones de gobierno que se han hecho en la Rep\u00fablica Dominicana en la \u00e9poca moderna, no va a manchar su nombre frente a la historia embarc\u00e1ndose en una situaci\u00f3n de esta naturaleza\u00bb<\/span><\/p>\n<\/p>\n<p><span class=\"text1noticias\">Me dije, en el Palacio se supondr\u00eda que el Dr. Leonel Fern\u00e1ndez le pidi\u00f3 al Ministro Isidoro Santana que diera esas declaraciones. Luego, supuse que el Presidente Medina recordar\u00eda que ese Ministro no es del PLD y que sus declaraciones son de su iniciativa.<\/span><\/p>\n<\/p>\n<p><span class=\"text1noticias\">Estas conjeturas vienen a cuentas, porque el Presidente destituy\u00f3 al arquitecto Franklin Labour y luego cancel\u00f3 a Jos\u00e9 Paulino, su mano derecha, porque en el Congreso Extraordinario del PLD, celebrado el pasado 30 de mayo, el Dr. Leonel Fern\u00e1ndez fue ovacionado varias veces por los miles de delegados presentes, la mayor\u00eda dirigentes intermedios, municipales, de circunscripciones, seccionales, provinciales y CC.<\/span><\/p>\n<\/p>\n<p><span class=\"text1noticias\">La espontaneidad con que se produjeron esos aplausos, les resultan inexplicables al Presidente y a su entorno reeleccionista, que por estar gobernando creen tener la simpat\u00eda en las bases y direcciones medias del PLD. Creyeron en encuestas acomodadas y pregonadas en especial por el Ministro Administrativo, se\u00f1or Jos\u00e9 Ram\u00f3n Peralta, quien afirmaba en los medios que el liderazgo partidario lo ten\u00eda el Presidente Medina. Las cosas no son como se quiere, sino como son. El Presidente Medina tiene a su favor el mayor porcentaje en el CP y CC, y el Dr. Leonel Fern\u00e1ndez el menor. Pero en los mandos medios y las bases es invertido; Leonel tiene el mayor porcentaje. Esto mismo ocurre en el seno del pueblo, el Dr. Fern\u00e1ndez est\u00e0 posicionado como favorito.<\/span><\/p>\n<\/p>\n<p><span class=\"text1noticias\">En su lenguaje espont\u00e1neo, el pueblo lo expresa a cada paso. El Palacio se resiste a aceptarlo, por eso cuando ocurre busca un \u00abchivo expiatorio\u00bb y le cuesta el empleo a los responsables de organizar el evento, porque los asistentes se desbordan en simpat\u00edas hacia Leonel Fern\u00e1ndez.<\/span><\/p>\n<\/p>\n<p><span class=\"text1noticias\">Si es un legislador del mismo entorno, que se le ocurre decir que no \u00ablogran\u00bb los votos para aprobar la reforma constitucional, como no puede ser destituido por decreto o cancelado, lo llaman a Palacio y sale calladito.<\/span><\/p>\n<\/p>\n<p><span class=\"text1noticias\">Imponer una reforma para la reelecci\u00f3n y \u00abperpetuarse en el poder\u00bb, como lo ha dicho la hermana del Presidente, ha creado una resistencia en la poblaci\u00f3n dominicana que m\u00e1s creciente no puede ser.<\/span><\/p>\n<\/p>\n<p><span class=\"text1noticias\">Columnistas atribuyen la crisis al encono del Presidente Medina contra el Dr. Fern\u00e1ndez; puede ser as\u00ed, porque no se supon\u00eda la firmeza que muestra el Dr. Fern\u00e1ndez; hombre prudente pero que no est\u00e1 de acuerdo en tocar la Constituci\u00f3n, ni para reelecci\u00f3n ni para otros caprichos.<\/span><\/p>\n<\/p>\n<p><span class=\"text1noticias\">Se debe saber que la posici\u00f3n del Dr. Leonel Fern\u00e1ndez, sustentando una causa que ha hecho suya el pueblo, se impone y gana. No lo lograr\u00eda una tercera persona, porque el conflicto se asemeja a una guerra de una sola batalla y un solo comandante en jefe, a ser librada y decidida finalmente por el pueblo, que es donde reside el poder.<\/span><\/p>\n<\/p>\n<h6> 2019-06-10 07:28:15 <\/h6>\n<p><!--\n<link rel=\"stylesheet\" href=\"css\/bootstrap.min.css\">\n\n\n<ul class=\"pagination\">\n\t    \n\t\n\n<li >\n\t<a href='?page_no=646'>Previous<\/a>\n\t<\/li>\n\n\n       \n    \n\n<li><a href='?page_no=1'>1<\/a><\/li>\n\n\n\n<li><a href='?page_no=2'>2<\/a><\/li>\n\n\n\n<li><a>...<\/a><\/li>\n\n\n\n<li><a href='?page_no=645'>645<\/a><\/li>\n\n\n\n<li><a href='?page_no=646'>646<\/a><\/li>\n\n\n\n<li class='active'><a>647<\/a><\/li>\n\n\n\n<li><a href='?page_no=648'>648<\/a><\/li>\n\n\n\n<li><a href='?page_no=649'>649<\/a><\/li>\n\n\n\n<li><a>...<\/a><\/li>\n\n\n\n<li><a href='?page_no=13611'>13611<\/a><\/li>\n\n\n\n<li><a href='?page_no=13612'>13612<\/a><\/li>\n\n    \n\t\n\n<li >\n\t<a href='?page_no=648'>Next<\/a>\n\t<\/li>\n\n\n    \n\n<li><a href='?page_no=13612'>Last &rsaquo;&rsaquo;<\/a><\/li>\n\n<\/ul>\n\n\n--><br \/>\n<\/body><\/p>\n","protected":false},"excerpt":{"rendered":"<p>Franklin Almeyda Rancier El Ministro de Econom\u00eda, Planificaci\u00f3n y Desarrollo, Isidoro Santana, ofreci\u00f3 unas declaraciones con mucha entereza, que me llev\u00f3 a dudar sobre su permanencia en el cargo. Declar\u00f3, entre otras cosas, lo siguiente: \u00ab&#8230; no es correcto una modificaci\u00f3n constitucional. Es m\u00e1s, entiendo que el presidente Danilo Medina, despu\u00e9s de haber hecho una [&hellip;]<\/p>\n","protected":false},"author":3,"featured_media":0,"comment_status":"open","ping_status":"open","sticky":false,"template":"","format":"standard","meta":{"footnotes":""},"categories":[16],"tags":[],"class_list":["post-43570","post","type-post","status-publish","format-standard","hentry","category-opiniones"],"_links":{"self":[{"href":"https:\/\/diariodominicano.com\/index.php?rest_route=\/wp\/v2\/posts\/43570","targetHints":{"allow":["GET"]}}],"collection":[{"href":"https:\/\/diariodominicano.com\/index.php?rest_route=\/wp\/v2\/posts"}],"about":[{"href":"https:\/\/diariodominicano.com\/index.php?rest_route=\/wp\/v2\/types\/post"}],"author":[{"embeddable":true,"href":"https:\/\/diariodominicano.com\/index.php?rest_route=\/wp\/v2\/users\/3"}],"replies":[{"embeddable":true,"href":"https:\/\/diariodominicano.com\/index.php?rest_route=%2Fwp%2Fv2%2Fcomments&post=43570"}],"version-history":[{"count":0,"href":"https:\/\/diariodominicano.com\/index.php?rest_route=\/wp\/v2\/posts\/43570\/revisions"}],"wp:attachment":[{"href":"https:\/\/diariodominicano.com\/index.php?rest_route=%2Fwp%2Fv2%2Fmedia&parent=43570"}],"wp:term":[{"taxonomy":"category","embeddable":true,"href":"https:\/\/diariodominicano.com\/index.php?rest_route=%2Fwp%2Fv2%2Fcategories&post=43570"},{"taxonomy":"post_tag","embeddable":true,"href":"https:\/\/diariodominicano.com\/index.php?rest_route=%2Fwp%2Fv2%2Ftags&post=43570"}],"curies":[{"name":"wp","href":"https:\/\/api.w.org\/{rel}","templated":true}]}}