{"id":43548,"date":"2019-06-16T16:23:42","date_gmt":"2019-06-16T16:23:42","guid":{"rendered":"http:\/\/diariodominicano.ddns.net\/?p=43548"},"modified":"2019-06-16T16:23:42","modified_gmt":"2019-06-16T16:23:42","slug":"nuevas-pasiones-para-activar-otro-porvenir","status":"publish","type":"post","link":"https:\/\/diariodominicano.com\/?p=43548","title":{"rendered":"NUEVAS PASIONES PARA ACTIVAR OTRO PORVENIR"},"content":{"rendered":"<p><body><\/p>\n<p>ALGO M\u00c1S QUE PALABRAS<\/p>\n<\/p>\n<p>NUEVAS PASIONES PARA ACTIVAR OTRO PORVENIR<\/p>\n<p>\u00abNo desgarremos con nuestras propias u\u00f1as, nuestros oportunos latidos\u00bb. <\/p>\n<p> ========================<\/p>\n<p>V\u00edctor Corcoba Herrero\/ Escritor<\/p>\n<p>corcoba@telefonica.net<\/p>\n<p>========================= <\/p>\n<\/p>\n<p>\t Es tiempo de unir voluntades hacia esa cultura del abrazo, de la consideraci\u00f3n hacia todo ser humano por min\u00fasculo que nos parezca, de reflexionar conjuntamente sobre nuestras andanzas globales, de priorizar a la persona sobre la sociedad, la familia sobre otras instituciones, la \u00e9tica sobre la pol\u00edtica; m\u00e1xime cuando algunas gobernanzas, fomentan descaradamente la discriminaci\u00f3n y la xenofobia. Nos merecemos otros horizontes m\u00e1s justos, m\u00e1s respetuosos con la vida de todos; y, en este sentido, es primordial contar con una actividad laboral decente en todo el planeta. Hay que hacer posible una participaci\u00f3n equitativa entre los moradores en las riquezas a cuya creaci\u00f3n contribuyeron, cada cual desde su misi\u00f3n, pues todos tenemos el derecho, as\u00ed como el deber, de poder desarrollar plenamente el potencial humano. No desgarremos con nuestras propias u\u00f1as, nuestros oportunos latidos.<\/p>\n<\/p>\n<p>Naturalmente, hacen falta nuevas pasiones, creativos impulsos al compromiso social y gubernativo, ciudadanos libres y fuertes orientados a trabajar responsablemente por la humanidad, individuos con coraje dispuestos a servir m\u00e1s que a ostentar poder, gentes de palabra, con anhelo y esperanzados con la verdad, seres con valor que hagan de su historia de vida, un tiempo de entrega, que sin duda influir\u00e1 positivamente tanto en el escenario moral privado de cada cual, como en el contexto p\u00fablico al que todos nos debemos, con miras a fermentar ese bien colectivo del que todos hablamos, pero apenas hacemos nada por ello.<\/p>\n<\/p>\n<p>\tEn efecto, se requieren otras pasiones m\u00e1s aut\u00e9nticas, de menos arrogancia y m\u00e1s humildad, con otro esp\u00edritu m\u00e1s solidario, pues si es esencial trabajar unidos por el bien colectivo, tambi\u00e9n se precisa otra hospitalidad m\u00e1s fraterna, otro cobijo en el que nadie se encuentre avasallado, esclavo de los dominadores. En nuestra legendaria hemeroteca hemos tenido so\u00f1adores valientes, se me ocurre pensar en los fundadores de una Europa unida. Ahora el mundo ha de hermanarse. Por eso, hemos de propiciar otros v\u00ednculos, con otra pol\u00edtica m\u00e1s po\u00e9tica, de sabia tolerancia y de ilustrado quehacer por lo arm\u00f3nico. Sin duda, tenemos que salir definitivamente de los callejones de la intransigencia y el odio. Al fin y al cabo, todos somos supervivientes de nuestras contrariedades. <\/p>\n<\/p>\n<p>Precisamente, este 2019 marca el d\u00e9cimo aniversario de un cambio de paradigma, en la manera de entender el flagelo de la violencia sexual relacionada con el conflicto y su impacto en la paz y la seguridad internacionales, as\u00ed como en la respuesta que debe darse para prevenir tales delitos y los servicios multidimensionales que necesitan los sobrevivientes de este tipo de barbarie. A pesar de este canje de paradigma, hemos de reconocer que contin\u00faa siendo esencial garantizar la justicia para dichas personas y sus proles, al tiempo que ha de ponerse fin a la impunidad de los perpetradores de la crueldad sexual en absurdas luchas. <\/p>\n<\/p>\n<p>\tQuiz\u00e1s, hoy m\u00e1s que nunca, tengamos que echar una mirada retrospectiva sobre lo recorrido, y tambi\u00e9n ser\u00e1 saludable que sepamos mirar, m\u00e1s y mejor, a nuestro alrededor; al menos, para ahuyentar las nuevas formas de injusticia y de esclavitud. No podemos seguir degrad\u00e1ndonos como especie pensante. La actual deshumanizaci\u00f3n es un gran peligro. Que no nos paralice el miedo a la correcci\u00f3n. Hemos de hacer algo. A prop\u00f3sito, se demandan otras actitudes entre semejantes para activar otro porvenir, para que cada morador pueda dar su aportaci\u00f3n espec\u00edfica al bien com\u00fan, hallando al mismo tiempo un sost\u00e9n beneficioso para desplegar lo mejor posible sus propias cualidades. Sea como fuere, cualquier situaci\u00f3n se puede superar, con dedicaci\u00f3n y desvelo hacia lo que se hace y se quiere conseguir. As\u00ed, todos en mayor o en menor medida, tenemos la posibilidad de superar esta crisis, desbordada por corazones de piedra. Cuando en verdad despertemos y no neguemos al pr\u00f3jimo su humanidad, que es tambi\u00e9n de un modo u otro nuestra naturaleza, tomando otra actitud menos hip\u00f3crita, pues nuestra primera misi\u00f3n tal vez sea la de actuar libremente, la de pensar y hablar sin doblez, la de ser uno mismo, lejos del ropaje de lo pol\u00edticamente correcto y de las modas ideol\u00f3gicas, entonces se producir\u00e1 la aut\u00e9ntica confluencia de culturas. <\/p>\n<\/p>\n<p>Pero la situaci\u00f3n es la que es, y lo cierto es que el desempleo es ver\u00eddico, que la coacci\u00f3n est\u00e1 en cualquier esquina del mundo, que la corrupci\u00f3n campea a sus anchas por doquier, que la crisis de identidad es real, que el vaciamiento de los principios democr\u00e1ticos es innegable. Toda esta atm\u00f3sfera, que entra\u00f1a un grave peligro para  la propia especie en su conjunto, lo que debe hacernos es activar la visi\u00f3n hacia otro camino, en el que todos contemos, con firmeza y esp\u00edritu conciliador. La receta de San Francisco de As\u00eds, puede contribuir a mejorar el ambiente, apliqu\u00e9mosla: \u00aball\u00ed donde haya odio, que yo ponga el amor, all\u00ed donde haya ofensa, que yo ponga el perd\u00f3n; all\u00ed donde haya discordia, que yo ponga la uni\u00f3n; all\u00ed donde haya error, que yo ponga la verdad\u00bb. Esta f\u00f3rmula, desde luego, que me parece una saludable emoci\u00f3n para salir adelante. A mi juicio, es un sano fervor, que contribuye a acrecentar una n\u00edvea pasi\u00f3n, el sue\u00f1o de una definitiva muda de aires hacia la concordia. Bienvenido sea el lenguaje del alma.<\/p>\n<p>V\u00edctor Corcoba Herrero\/ Escritor<\/p>\n<p>corcoba@telefonica.net<\/p>\n<p>16 de junio de 2019<\/p>\n<h6> 2019-06-16 16:23:42 <\/h6>\n<p><!--\n<link rel=\"stylesheet\" href=\"css\/bootstrap.min.css\">\n\n\n<ul class=\"pagination\">\n\t    \n\t\n\n<li >\n\t<a href='?page_no=644'>Previous<\/a>\n\t<\/li>\n\n\n       \n    \n\n<li><a href='?page_no=1'>1<\/a><\/li>\n\n\n\n<li><a href='?page_no=2'>2<\/a><\/li>\n\n\n\n<li><a>...<\/a><\/li>\n\n\n\n<li><a href='?page_no=643'>643<\/a><\/li>\n\n\n\n<li><a href='?page_no=644'>644<\/a><\/li>\n\n\n\n<li class='active'><a>645<\/a><\/li>\n\n\n\n<li><a href='?page_no=646'>646<\/a><\/li>\n\n\n\n<li><a href='?page_no=647'>647<\/a><\/li>\n\n\n\n<li><a>...<\/a><\/li>\n\n\n\n<li><a href='?page_no=13611'>13611<\/a><\/li>\n\n\n\n<li><a href='?page_no=13612'>13612<\/a><\/li>\n\n    \n\t\n\n<li >\n\t<a href='?page_no=646'>Next<\/a>\n\t<\/li>\n\n\n    \n\n<li><a href='?page_no=13612'>Last &rsaquo;&rsaquo;<\/a><\/li>\n\n<\/ul>\n\n\n--><br \/>\n<\/body><\/p>\n","protected":false},"excerpt":{"rendered":"<p>ALGO M\u00c1S QUE PALABRAS NUEVAS PASIONES PARA ACTIVAR OTRO PORVENIR \u00abNo desgarremos con nuestras propias u\u00f1as, nuestros oportunos latidos\u00bb. ======================== V\u00edctor Corcoba Herrero\/ Escritor corcoba@telefonica.net ========================= Es tiempo de unir voluntades hacia esa cultura del abrazo, de la consideraci\u00f3n hacia todo ser humano por min\u00fasculo que nos parezca, de reflexionar conjuntamente sobre nuestras andanzas globales, [&hellip;]<\/p>\n","protected":false},"author":3,"featured_media":0,"comment_status":"open","ping_status":"open","sticky":false,"template":"","format":"standard","meta":{"footnotes":""},"categories":[16],"tags":[],"class_list":["post-43548","post","type-post","status-publish","format-standard","hentry","category-opiniones"],"_links":{"self":[{"href":"https:\/\/diariodominicano.com\/index.php?rest_route=\/wp\/v2\/posts\/43548","targetHints":{"allow":["GET"]}}],"collection":[{"href":"https:\/\/diariodominicano.com\/index.php?rest_route=\/wp\/v2\/posts"}],"about":[{"href":"https:\/\/diariodominicano.com\/index.php?rest_route=\/wp\/v2\/types\/post"}],"author":[{"embeddable":true,"href":"https:\/\/diariodominicano.com\/index.php?rest_route=\/wp\/v2\/users\/3"}],"replies":[{"embeddable":true,"href":"https:\/\/diariodominicano.com\/index.php?rest_route=%2Fwp%2Fv2%2Fcomments&post=43548"}],"version-history":[{"count":0,"href":"https:\/\/diariodominicano.com\/index.php?rest_route=\/wp\/v2\/posts\/43548\/revisions"}],"wp:attachment":[{"href":"https:\/\/diariodominicano.com\/index.php?rest_route=%2Fwp%2Fv2%2Fmedia&parent=43548"}],"wp:term":[{"taxonomy":"category","embeddable":true,"href":"https:\/\/diariodominicano.com\/index.php?rest_route=%2Fwp%2Fv2%2Fcategories&post=43548"},{"taxonomy":"post_tag","embeddable":true,"href":"https:\/\/diariodominicano.com\/index.php?rest_route=%2Fwp%2Fv2%2Ftags&post=43548"}],"curies":[{"name":"wp","href":"https:\/\/api.w.org\/{rel}","templated":true}]}}