{"id":43526,"date":"2019-06-17T01:15:22","date_gmt":"2019-06-17T01:15:22","guid":{"rendered":"http:\/\/diariodominicano.ddns.net\/?p=43526"},"modified":"2019-06-17T01:15:22","modified_gmt":"2019-06-17T01:15:22","slug":"nunca-pierde-quien-encarna-una-causa","status":"publish","type":"post","link":"https:\/\/diariodominicano.com\/?p=43526","title":{"rendered":"\u00a1Nunca pierde quien encarna una causa!"},"content":{"rendered":"<p><body><\/p>\n<p>Franklin Almeyda Rancier  <\/p>\n<\/p>\n<p>Alguien escribi\u00f3 un tuit que por su contenido invita a estas reflexiones. Se trata de Jos\u00e9 Luis Taveras, personaje que por su forma de escritura del Barroco, he seguido; \u00abpluma sin receso y una caligraf\u00eda de aire rimbombante, exageradamente agitada y viva, despierta y sugerente\u00bb.<\/p>\n<\/p>\n<p>Es el autor de la \u00abCarta a Leonel\u00bb, publicada el 4 de noviembre del 2014, en la que le requer\u00eda su retiro de la vida pol\u00edtica, porque, entre otras cosas, \u00abperdi\u00f3 la fuerza de seducci\u00f3n y que su discurso, adem\u00e1s de predecible, es inveros\u00edmil porque detr\u00e1s de cada palabra habr\u00e1 una historia que la desmienta\u00bb.<\/p>\n<\/p>\n<p>Guard\u00e9 en mis archivos esa carta porque estaba seguro, ya en el 2014, que el proceso pol\u00edtico llevar\u00eda a su autor a reconocer la importancia del liderazgo de Leonel en circunstancias como las actuales. En 2014 era a\u00fan temprano para que \u00e9l llegara a comprender ese proceso, por sujetar (as\u00ed lo escribi\u00f3 en su carta) sus \u00abdecisiones personales a una simple ecuaci\u00f3n financiera: costo-beneficio; es decir, qu\u00e9 gano, qu\u00e9 pierdo\u00bb.<\/p>\n<\/p>\n<p>Esa ecuaci\u00f3n de \u00abqu\u00e9 gano, qu\u00e9 pierdo\u00bb est\u00e1 asociada a un inter\u00e9s individual y no general. Se asemeja, en sus prop\u00f3sitos, a aquella otra utilizada por algunos de que \u00aben pol\u00edtica se hace lo que conviene\u00bb.<\/p>\n<\/p>\n<p>Leonel se ha enfocado en el inter\u00e9s general y entendi\u00f3 los agravios contra \u00e9l, desde su salida del poder en 2012, como una forma de descalificaci\u00f3n por ser una figura p\u00fablica con perfil de Estado y sentido hist\u00f3rico.<\/p>\n<\/p>\n<p>Con hidalgu\u00eda y prudencia se detuvo a tratar de entender el origen de tantos agravios. Fue obvio que por su perfil y caracter\u00edsticas se ve\u00eda en \u00e9l un personaje capaz de frenar la involuci\u00f3n institucional. El error fue calcularle debilidades por ser prudente, y creer que ceder\u00eda. Se produjo un efecto contrario, la presi\u00f3n lo templar\u00eda, como se templa el acero.<\/p>\n<\/p>\n<p>El Leonel que el autor de aquella carta ayer pidi\u00f3 retirarse, hoy, sin decir su nombre, le pide en su tuit: \u00abJos\u00e9 Luis Taveras (@Josel_taveras) El proyecto de reelecci\u00f3n agoniza. Lo tienen en carpeta como armadura de negociaci\u00f3n. Espero que los que se oponen no cedan a una reforma que habilite a Danilo a futuro con tal de ellos poder llegar ahora. Negociar sobre esa base es m\u00e1s p\u00e9rfido que permitirla\u00bb.<\/p>\n<\/p>\n<p>Impl\u00edcitamente reconoce que el proyecto reeleccionista \u00abagoniza\u00bb porque Leonel, por su perfil de Estado, supo centrar su posici\u00f3n en la defensa a la Constituci\u00f3n, como patrimonio intangible a no ser tocado para saciar apetitos pol\u00edticos personales, por ser el marco regulador de todos.<\/p>\n<\/p>\n<p>Eso le ha dado un liderazgo \u00fanico en amplios sectores del pa\u00eds. Lo lleva, por consecuencia, a ser el activo (habilitado) m\u00e1s valioso del PLD y preferido del pa\u00eds.<\/p>\n<\/p>\n<p>Lo que pueda estar en \u00abcarpeta como armadura de negociaci\u00f3n\u00bb a serle presentada, tiene la premisa de que \u00abla Constituci\u00f3n no se toca\u00bb; mucho menos que \u00abla Constituci\u00f3n no est\u00e1 en venta\u00bb.<\/p>\n<p>Hemos llegado ah\u00ed porque Leonel no est\u00e1 entre los que consideran la actividad pol\u00edtica como una \u00abecuaci\u00f3n financiera: costo-beneficio; es decir, qu\u00e9 gano, qu\u00e9 pierdo\u00bb.<\/p>\n<\/p>\n<p>Leonel encarna una causa, expresada en la aplicaci\u00f3n invariable de las normas constitucionales. Alejarse equivale a una negaci\u00f3n hist\u00f3rica y a la renuncia del liderazgo. \u00c9l lo sabe, por eso yo conf\u00edo.<\/p>\n<h6> 2019-06-17 01:15:22 <\/h6>\n<p><!--\n<link rel=\"stylesheet\" href=\"css\/bootstrap.min.css\">\n\n\n<ul class=\"pagination\">\n\t    \n\t\n\n<li >\n\t<a href='?page_no=642'>Previous<\/a>\n\t<\/li>\n\n\n       \n    \n\n<li><a href='?page_no=1'>1<\/a><\/li>\n\n\n\n<li><a href='?page_no=2'>2<\/a><\/li>\n\n\n\n<li><a>...<\/a><\/li>\n\n\n\n<li><a href='?page_no=641'>641<\/a><\/li>\n\n\n\n<li><a href='?page_no=642'>642<\/a><\/li>\n\n\n\n<li class='active'><a>643<\/a><\/li>\n\n\n\n<li><a href='?page_no=644'>644<\/a><\/li>\n\n\n\n<li><a href='?page_no=645'>645<\/a><\/li>\n\n\n\n<li><a>...<\/a><\/li>\n\n\n\n<li><a href='?page_no=13611'>13611<\/a><\/li>\n\n\n\n<li><a href='?page_no=13612'>13612<\/a><\/li>\n\n    \n\t\n\n<li >\n\t<a href='?page_no=644'>Next<\/a>\n\t<\/li>\n\n\n    \n\n<li><a href='?page_no=13612'>Last &rsaquo;&rsaquo;<\/a><\/li>\n\n<\/ul>\n\n\n--><br \/>\n<\/body><\/p>\n","protected":false},"excerpt":{"rendered":"<p>Franklin Almeyda Rancier Alguien escribi\u00f3 un tuit que por su contenido invita a estas reflexiones. Se trata de Jos\u00e9 Luis Taveras, personaje que por su forma de escritura del Barroco, he seguido; \u00abpluma sin receso y una caligraf\u00eda de aire rimbombante, exageradamente agitada y viva, despierta y sugerente\u00bb. Es el autor de la \u00abCarta a [&hellip;]<\/p>\n","protected":false},"author":3,"featured_media":0,"comment_status":"open","ping_status":"open","sticky":false,"template":"","format":"standard","meta":{"footnotes":""},"categories":[16],"tags":[],"class_list":["post-43526","post","type-post","status-publish","format-standard","hentry","category-opiniones"],"_links":{"self":[{"href":"https:\/\/diariodominicano.com\/index.php?rest_route=\/wp\/v2\/posts\/43526","targetHints":{"allow":["GET"]}}],"collection":[{"href":"https:\/\/diariodominicano.com\/index.php?rest_route=\/wp\/v2\/posts"}],"about":[{"href":"https:\/\/diariodominicano.com\/index.php?rest_route=\/wp\/v2\/types\/post"}],"author":[{"embeddable":true,"href":"https:\/\/diariodominicano.com\/index.php?rest_route=\/wp\/v2\/users\/3"}],"replies":[{"embeddable":true,"href":"https:\/\/diariodominicano.com\/index.php?rest_route=%2Fwp%2Fv2%2Fcomments&post=43526"}],"version-history":[{"count":0,"href":"https:\/\/diariodominicano.com\/index.php?rest_route=\/wp\/v2\/posts\/43526\/revisions"}],"wp:attachment":[{"href":"https:\/\/diariodominicano.com\/index.php?rest_route=%2Fwp%2Fv2%2Fmedia&parent=43526"}],"wp:term":[{"taxonomy":"category","embeddable":true,"href":"https:\/\/diariodominicano.com\/index.php?rest_route=%2Fwp%2Fv2%2Fcategories&post=43526"},{"taxonomy":"post_tag","embeddable":true,"href":"https:\/\/diariodominicano.com\/index.php?rest_route=%2Fwp%2Fv2%2Ftags&post=43526"}],"curies":[{"name":"wp","href":"https:\/\/api.w.org\/{rel}","templated":true}]}}