{"id":435221,"date":"2023-04-26T23:41:39","date_gmt":"2023-04-27T03:41:39","guid":{"rendered":"http:\/\/diariodominicano.com\/?p=435221"},"modified":"2023-04-26T23:42:23","modified_gmt":"2023-04-27T03:42:23","slug":"la-procuraduria-especializada-para-la-defensa-del-medio-ambiente-llevara-a-los-tribunales-los-casos-en-flagrancia-por-contaminacion-sonica","status":"publish","type":"post","link":"https:\/\/diariodominicano.com\/?p=435221","title":{"rendered":"La Procuradur\u00eda Especializada para la Defensa del Medio Ambiente  llevar\u00e1 a los tribunales los casos en flagrancia por contaminaci\u00f3n s\u00f3nica"},"content":{"rendered":"\n<p> El procurador de corte Francisco Contreras <\/p>\n\n\n\n<p><strong> <\/strong><\/p>\n\n\n\n<figure class=\"wp-block-image size-large\"><img loading=\"lazy\" decoding=\"async\" width=\"1024\" height=\"683\" src=\"https:\/\/diariodominicano.com\/wp-content\/uploads\/2023\/04\/2023-04-26-PROEDEMAREN-juntas-de-vecionos-y-otras-autoridades-contra-contaminacion-sonica_016-1024x683.jpg\" alt=\"\" class=\"wp-image-435223\" srcset=\"https:\/\/diariodominicano.com\/wp-content\/uploads\/2023\/04\/2023-04-26-PROEDEMAREN-juntas-de-vecionos-y-otras-autoridades-contra-contaminacion-sonica_016-1024x683.jpg 1024w, https:\/\/diariodominicano.com\/wp-content\/uploads\/2023\/04\/2023-04-26-PROEDEMAREN-juntas-de-vecionos-y-otras-autoridades-contra-contaminacion-sonica_016-300x200.jpg 300w, https:\/\/diariodominicano.com\/wp-content\/uploads\/2023\/04\/2023-04-26-PROEDEMAREN-juntas-de-vecionos-y-otras-autoridades-contra-contaminacion-sonica_016-768x512.jpg 768w, https:\/\/diariodominicano.com\/wp-content\/uploads\/2023\/04\/2023-04-26-PROEDEMAREN-juntas-de-vecionos-y-otras-autoridades-contra-contaminacion-sonica_016-1536x1024.jpg 1536w, https:\/\/diariodominicano.com\/wp-content\/uploads\/2023\/04\/2023-04-26-PROEDEMAREN-juntas-de-vecionos-y-otras-autoridades-contra-contaminacion-sonica_016-2048x1365.jpg 2048w, https:\/\/diariodominicano.com\/wp-content\/uploads\/2023\/04\/2023-04-26-PROEDEMAREN-juntas-de-vecionos-y-otras-autoridades-contra-contaminacion-sonica_016-816x544.jpg 816w\" sizes=\"auto, (max-width: 1024px) 100vw, 1024px\" \/><figcaption>Procurador de Cortes Francisco Contreras.<\/figcaption><\/figure>\n\n\n\n<p>SANTO DOMINGO, Rep\u00fablica Dominicana.- En ocasi\u00f3n de la conmemoraci\u00f3n del D\u00eda Internacional de la Conciencia sobre el Problema del Ruido, la Procuradur\u00eda Especializada para la Defensa del Medio Ambiente y los Recursos Naturales (Proedemaren), realiz\u00f3 este mi\u00e9rcoles un encuentro en el que participaron la senadora del Distrito Nacional, Farides Raf\u00fal, autoridades del Ministerio de Interior y Polic\u00eda y representantes de las Juntas de Vecinos Contra el Ruido, en el cual se trat\u00f3 el tema de la contaminaci\u00f3n s\u00f3nica en el pa\u00eds.<\/p>\n\n\n\n<p>El evento se llev\u00f3 cabo en un sal\u00f3n del Colegio Dominicano de Periodista, donde el procurador de corte Francisco Contreras, titular de la Proedemaren, resalt\u00f3 el hecho de que hace 18 a\u00f1o, el 26 de abril se conmemora el \u201cD\u00eda Internacional de la Concientizaci\u00f3n Sobre el Ruido\u201d, mediante el cual se busca hacer conciencia sobre esta problem\u00e1tica.<\/p>\n\n\n\n<figure class=\"wp-block-image size-large\"><img loading=\"lazy\" decoding=\"async\" width=\"1024\" height=\"683\" src=\"https:\/\/diariodominicano.com\/wp-content\/uploads\/2023\/04\/2023-04-26-PROEDEMAREN-juntas-de-vecionos-y-otras-autoridades-contra-contaminacion-sonica_023-copia-1024x683.jpg\" alt=\"\" class=\"wp-image-435225\" srcset=\"https:\/\/diariodominicano.com\/wp-content\/uploads\/2023\/04\/2023-04-26-PROEDEMAREN-juntas-de-vecionos-y-otras-autoridades-contra-contaminacion-sonica_023-copia-1024x683.jpg 1024w, https:\/\/diariodominicano.com\/wp-content\/uploads\/2023\/04\/2023-04-26-PROEDEMAREN-juntas-de-vecionos-y-otras-autoridades-contra-contaminacion-sonica_023-copia-300x200.jpg 300w, https:\/\/diariodominicano.com\/wp-content\/uploads\/2023\/04\/2023-04-26-PROEDEMAREN-juntas-de-vecionos-y-otras-autoridades-contra-contaminacion-sonica_023-copia-768x512.jpg 768w, https:\/\/diariodominicano.com\/wp-content\/uploads\/2023\/04\/2023-04-26-PROEDEMAREN-juntas-de-vecionos-y-otras-autoridades-contra-contaminacion-sonica_023-copia-1536x1024.jpg 1536w, https:\/\/diariodominicano.com\/wp-content\/uploads\/2023\/04\/2023-04-26-PROEDEMAREN-juntas-de-vecionos-y-otras-autoridades-contra-contaminacion-sonica_023-copia-2048x1365.jpg 2048w, https:\/\/diariodominicano.com\/wp-content\/uploads\/2023\/04\/2023-04-26-PROEDEMAREN-juntas-de-vecionos-y-otras-autoridades-contra-contaminacion-sonica_023-copia-816x544.jpg 816w\" sizes=\"auto, (max-width: 1024px) 100vw, 1024px\" \/><\/figure>\n\n\n\n<p>Contreras realiz\u00f3 un llamado a la ciudadan\u00eda, para crear conciencia de los graves da\u00f1os a la salud que provoca la contaminaci\u00f3n s\u00f3nica, como ha sido determinado por estudios realizados por la Organizaci\u00f3n Mundial de la Salud (OMS).<\/p>\n\n\n\n<p>\u201cDe acuerdo a lo que advierte la Organizaci\u00f3n Mundial de la Salud, por su rango de impacto, la contaminaci\u00f3n s\u00f3nica o ac\u00fastica es la segunda causa de enfermedad por motivos medioambientales, por detr\u00e1s de la poluci\u00f3n atmosf\u00e9rica, constituy\u00e9ndose no s\u00f3lo en una molestia ambiental, sino tambi\u00e9n una amenaza para la salud\u201d<\/p>\n\n\n\n<p>Contreras afirm\u00f3 que los esfuerzos interinstitucionales por frenar este delito y mal contra el medio ambiente y la salud, \u201cvan en consonancia con las instrucciones emanadas de la honorable magistrada Miriam Germ\u00e1n Brito, sobre un Ministerio P\u00fablico conectado con la ciudadan\u00eda\u201d.&nbsp;<\/p>\n\n\n\n<p>Durante el evento se inform\u00f3 que los miembros de la Polic\u00eda Nacional proceder\u00e1n a arrestar a los ciudadanos que incurran en delitos ambientales de contaminaci\u00f3n s\u00f3nica, cuando sean sorprendidos en fragante delito, y tras ser detenidos ser\u00e1n sometidos ante la Proedemaren<\/p>\n\n\n\n<p>La actividad tambi\u00e9n cont\u00f3 con la presencia del general Ernesto Rodr\u00edguez, director regional de la Polic\u00eda en el Distrito Nacional (D.N), acompa\u00f1ado de los comandantes encargados de los diferentes pol\u00edgonos del D.N.&nbsp;<\/p>\n\n\n\n<p>Adem\u00e1s, estuvo presente por la Direcci\u00f3n General d de Seguridad de Tr\u00e1nsito y Transporte Terrestre (Digesett), el subcomandante del Distrito Nacional, mayor Francisco Valdez.&nbsp;<\/p>\n\n\n\n<p>Asimismo, Jos\u00e9 Paulino, director de Control de Expendio de Bebidas Alcoh\u00f3licas (COBA) y representantes de las juntas de vecinos del Distrito Nacional.<\/p>\n\n\n\n<p><strong>Direcci\u00f3n General de Comunicaci\u00f3n, Prensa, y RRPP<\/strong><\/p>\n\n\n\n<p>Ministerio P\u00fablico.&nbsp;R.D.<\/p>\n\n\n\n<p>Mi\u00e9rcoles, 26 de abril de 2023<\/p>\n","protected":false},"excerpt":{"rendered":"<p>El procurador de corte Francisco Contreras SANTO DOMINGO, Rep\u00fablica Dominicana.- En ocasi\u00f3n de la conmemoraci\u00f3n del D\u00eda Internacional de la Conciencia sobre el Problema del Ruido, la Procuradur\u00eda Especializada para la Defensa del Medio Ambiente y los Recursos Naturales (Proedemaren), realiz\u00f3 este mi\u00e9rcoles un encuentro en el que participaron la senadora del Distrito Nacional, Farides [&hellip;]<\/p>\n","protected":false},"author":28,"featured_media":435222,"comment_status":"closed","ping_status":"","sticky":true,"template":"","format":"standard","meta":{"footnotes":""},"categories":[36,24,29,27],"tags":[],"class_list":["post-435221","post","type-post","status-publish","format-standard","has-post-thumbnail","hentry","category-hombresmujeresycosas","category-justicia-y-derecho","category-policiasucesos","category-portada"],"_links":{"self":[{"href":"https:\/\/diariodominicano.com\/index.php?rest_route=\/wp\/v2\/posts\/435221","targetHints":{"allow":["GET"]}}],"collection":[{"href":"https:\/\/diariodominicano.com\/index.php?rest_route=\/wp\/v2\/posts"}],"about":[{"href":"https:\/\/diariodominicano.com\/index.php?rest_route=\/wp\/v2\/types\/post"}],"author":[{"embeddable":true,"href":"https:\/\/diariodominicano.com\/index.php?rest_route=\/wp\/v2\/users\/28"}],"replies":[{"embeddable":true,"href":"https:\/\/diariodominicano.com\/index.php?rest_route=%2Fwp%2Fv2%2Fcomments&post=435221"}],"version-history":[{"count":3,"href":"https:\/\/diariodominicano.com\/index.php?rest_route=\/wp\/v2\/posts\/435221\/revisions"}],"predecessor-version":[{"id":435227,"href":"https:\/\/diariodominicano.com\/index.php?rest_route=\/wp\/v2\/posts\/435221\/revisions\/435227"}],"wp:featuredmedia":[{"embeddable":true,"href":"https:\/\/diariodominicano.com\/index.php?rest_route=\/wp\/v2\/media\/435222"}],"wp:attachment":[{"href":"https:\/\/diariodominicano.com\/index.php?rest_route=%2Fwp%2Fv2%2Fmedia&parent=435221"}],"wp:term":[{"taxonomy":"category","embeddable":true,"href":"https:\/\/diariodominicano.com\/index.php?rest_route=%2Fwp%2Fv2%2Fcategories&post=435221"},{"taxonomy":"post_tag","embeddable":true,"href":"https:\/\/diariodominicano.com\/index.php?rest_route=%2Fwp%2Fv2%2Ftags&post=435221"}],"curies":[{"name":"wp","href":"https:\/\/api.w.org\/{rel}","templated":true}]}}