{"id":43504,"date":"2019-06-23T21:11:15","date_gmt":"2019-06-23T21:11:15","guid":{"rendered":"http:\/\/diariodominicano.ddns.net\/?p=43504"},"modified":"2019-06-23T21:11:15","modified_gmt":"2019-06-23T21:11:15","slug":"la-democracia-del-presidentico-colombiano-ivan-duque","status":"publish","type":"post","link":"https:\/\/diariodominicano.com\/?p=43504","title":{"rendered":"La democracia del presidentico colombiano, Iv\u00e1n Duque"},"content":{"rendered":"<p><body><\/p>\n<p><strong>Mar\u00eda Fernanda Quintero Alzate<\/strong><\/p>\n<\/p>\n<p>No s\u00e9, si estoy en \u00abaquello\u00bb que llaman Democracia o en una \u00abdictadura de voto\u00bb Ante ello, se\u00f1or lector me pregunto:- \u00bfQui\u00e9n decide en Colombia?- Bien denso el tema, pues si nos enfrascamos en el concepto de Democracia bueno la primera l\u00ednea que sale es justamente lo pol\u00edtico y ah\u00ed se vuelve un enredo el tema. Colombia es tediosa, es sufrible no es el mejor pa\u00eds del mundo. No. Donde desaparecen gente no puede ser el mejor pa\u00eds del mundo, ni el m\u00e1s feliz. Nadie es feliz en un pa\u00eds que agota, inflado por unos, y desarticulado por otros. Que le vaya bien a un sector de la poblaci\u00f3n, no es indicio que esto es un buen vividero, porque tiene un paisaje deslumbrante: una topograf\u00eda din\u00e1mica, r\u00edos, monta\u00f1as, selva, llanos, sabanas, y todo aquello que empieza a delirar ante las pupilas de un ciudadano. Eso s\u00ed, pasamos del delirio urbano al romanticismo agrario. Ah\u00ed se transita en contrav\u00eda del tiempo.<\/p>\n<\/p>\n<\/p>\n<p>Se\u00f1or lector &#8211;  detengamos no solo en  las instituciones del estado, como la fiscal\u00eda que dicho de paso el ex-fiscal N\u00e9stor Humberto Mart\u00ednez huy\u00f3 sin m\u00e1s&#8230;Vamos a la presencia del congreso: unos por el tema de la dignidad, la defensa de los derechos y otros, que con desmedida prevalecen  defendiendo un  dispositivo de represi\u00f3n, llamada seguridad democr\u00e1tica. Esta Democracia de bolsillo no la coge ni la bruma. Ante esta cat\u00e1strofe en el tiempo, Colombia es la repetici\u00f3n de su pasado p\u00e9rfido y de su presente fracturado. <\/p>\n<\/p>\n<\/p>\n<p>Pregunt\u00e9monos:-\u00bfC\u00f3mo podemos hablar de Democracia en Colombia?   \u00bfSer\u00e1 aquella que seg\u00fan los expertos se halla en el voto popular?<\/p>\n<\/p>\n<\/p>\n<p>Yo insisto \u00bfSer\u00e1 esto democracia con estas p\u00e9rfidas instituciones?  Empecemos por el presidentico Iv\u00e1n Duque que soportamos: primero le digo a usted, no s\u00e9 si estamos de acuerdo; pero le expreso es de un insoportable, de un sinuoso- como me dijo alguien que solo ve la punta de su nariz- nuestro presidente &#8211; toca guitarra, sale a bailar&#8230;, un presidentico que zarandea a una mujer en un set de televisi\u00f3n para demostrar sus dotes de hombre sabelotodo, es un \u00abagua lulo para gobernar\u00bb, ni refresca, ni alivia la densidad del tiempo.  Sigui\u00e9ndole la pista, ahora le ha dado por gritar cuando hace una locuci\u00f3n en televisi\u00f3n de perseguir seg\u00fan \u00e9l; a los asesinos de los l\u00edderes, y de perseguir a los alias. Como si gritando y hablando como patr\u00f3n de finca, el pueblo todo le va a creer. Unos a lo mejor y otros en otra orilla estar\u00e1n por verse.<\/p>\n<\/p>\n<\/p>\n<p>Usted se\u00f1or lector me dir\u00e1 \u00a1eso es lo de menos! \u00a1Yo le replico eso es m\u00e1s! El presidentico pasa de  jugar a ser un gobernante de turno a querer delirar como estadista. Mire usted, sus locuciones en televisi\u00f3n son a todo grito, no parece hablando, sino rega\u00f1ando. Eso s\u00ed aprende de su mentor, el hombre de la fusta, el caballista y de su cong\u00e9neres de partido pol\u00edtico que habitan de manera sinuosa en el congreso: gritos, improperios, ofensas, algunos con un pasadito bien cuestionable, pero ellos parecieran que gobernar es gritar, ofender y sentenciar con una moral a lo medieval. \u00a1Qu\u00e9 tiempos en los que estamos! Lea usted la grav\u00edsima violaci\u00f3n permanente y sistem\u00e1tica de desaparici\u00f3n  de ciudadanos, la continuaci\u00f3n de las ejecuciones extrajudiciales, falsos positivos, repoblamiento paramilitar, los nuevos desplazamientos y repoblamiento geogr\u00e1ficos, es decir la guerra viva en el amanecer. Sin duda, nuestro presidentico centra su gobernabilidad en omitir las demandas del movimiento ind\u00edgena, afro, campesino como si ello fuera una respuesta. Eso s\u00ed, enreda este presidentico al pueblo con las improntas ret\u00f3ricas, sobre las falsas judicializaciones mediante los organismos del Estado y su endeble pol\u00edtica p\u00fablica que no revierte a la paz, ni a crear escenarios de convivencia en las regiones. \u00bfD\u00f3nde est\u00e1 el presidentico Duque? \u00bfPara quienes gobiernan?<\/p>\n<\/p>\n<\/p>\n<p>Mire se\u00f1or lector le cuento- Este presidentico se la pasa de reuni\u00f3n en reuni\u00f3n gremial, solo atisba a anunciar su m\u00e1gica f\u00f3rmula de las TIC y los nuevos emprendedores, bajo la falacia que se van a convertir en el gran modelo empresarial. En esas se la pasa. A m\u00ed me late que esta \u00abDemocracia de voto\u00bb- parece instaurada por un r\u00e9gimen militar, -se\u00f1or lector a veces creo que estoy ante una venta de ilusiones.<\/p>\n<\/p>\n<\/p>\n<p>Me pregunto:- \u00bfQu\u00e9 le dice a usted este presidentico que habla como mago dizque de una \u00abeconom\u00eda naranja\u00bb?  \u00bfA ello, usted le llamar\u00eda Democracia?<\/p>\n<\/p>\n<\/p>\n<p>Yo le digo- esto va mal, nuestro \u00abse\u00f1or presidente\u00bb como dir\u00eda una matrona de pueblo, para m\u00ed &#8211; este presidentico va al despe\u00f1adero con sus \u00ednfulas de estadista, que a todo le da un toquecito de perversidad o dir\u00eda de perfidia democr\u00e1tica- Nuestro presidentico con su palabras de retoricismo vulgar f\u00edjese usted, que esa noci\u00f3n la encontr\u00e9 en el gran Plat\u00f3n, seg\u00fan mi pensar solo atraviesa una verborrea medi\u00e1tica: Habla una cosa y hace otra. En este gobierno, los demonios asechan y a\u00fan no se sabe d\u00f3nde se gesta el infierno&#8230;<\/p>\n<\/p>\n<\/p>\n<p>Me pregunto: \u00bfEsa es la \u00abDemocracia que usted, yo queremos\u00bb?<\/p>\n<\/p>\n<p>31\/05\/2019<\/p>\n<\/p>\n<\/p>\n<p>Maria Fernanda Quintero Alzate <\/p>\n<\/p>\n<p>Memoria -Territorio -Derechos Humanos<\/p>\n<\/p>\n<p>Ge\u00f3grafa Mag\u00edster en Colombia<\/p>\n<\/p>\n<p>Par\u00eds  III ( IHEAL) Universit\u00e9 de la Sorbornn<\/p>\n<\/p>\n<p>https:\/\/www.alainet.org\/es\/articulo\/200169<\/p>\n<p>Facebook11 Twitter Pinterest LinkedIn WhatsApp Compartir<\/p>\n<p>Del mismo autor<\/p>\n<p>La democracia del presidentico colombiano, Iv\u00e1n Duque    31\/05\/2019<\/p>\n<p>Los asesinatos de l\u00edderes en Colombia: \u00bfun tema nacional o internacional?    10\/05\/2019<\/p>\n<p>La semilla del odio: la agresi\u00f3n ante el CRIC    04\/04\/2019<\/p>\n<p>La Minga Ind\u00edgena en su defensa del territorio, \u00bfes el mismo inter\u00e9s del presidente Duque?    03\/04\/2019<\/p>\n<p>Quind\u00edo: Amenazas de muerte a defensores de Derechos Humanos    08\/09\/2017<\/p>\n<p>La Geograf\u00eda de los muertos: los mapas de fosas comunes en Colombia    28\/06\/2017<\/p>\n<p>A m\u00ed me han amenazado, me van a matar: Bernardo Cuero    09\/06\/2017<\/p>\n<p>La b\u00fasqueda de personas en Antioquia: \u00bfEfectiva la implementaci\u00f3n del acuerdo de La Habana?    20\/02\/2017<\/p>\n<p>Movimiento de Campesino de Cultivadores de Coca, Amapola y Marihuana (COCCAM)    26\/01\/2017<\/p>\n<p>El paro \u00e9tnico y de organizaciones sociales: un nuevo mapa territorial    08\/06\/2016<\/p>\n<h6> 2019-06-23 21:11:15 <\/h6>\n<p><!--\n<link rel=\"stylesheet\" href=\"css\/bootstrap.min.css\">\n\n\n<ul class=\"pagination\">\n\t    \n\t\n\n<li >\n\t<a href='?page_no=640'>Previous<\/a>\n\t<\/li>\n\n\n       \n    \n\n<li><a href='?page_no=1'>1<\/a><\/li>\n\n\n\n<li><a href='?page_no=2'>2<\/a><\/li>\n\n\n\n<li><a>...<\/a><\/li>\n\n\n\n<li><a href='?page_no=639'>639<\/a><\/li>\n\n\n\n<li><a href='?page_no=640'>640<\/a><\/li>\n\n\n\n<li class='active'><a>641<\/a><\/li>\n\n\n\n<li><a href='?page_no=642'>642<\/a><\/li>\n\n\n\n<li><a href='?page_no=643'>643<\/a><\/li>\n\n\n\n<li><a>...<\/a><\/li>\n\n\n\n<li><a href='?page_no=13611'>13611<\/a><\/li>\n\n\n\n<li><a href='?page_no=13612'>13612<\/a><\/li>\n\n    \n\t\n\n<li >\n\t<a href='?page_no=642'>Next<\/a>\n\t<\/li>\n\n\n    \n\n<li><a href='?page_no=13612'>Last &rsaquo;&rsaquo;<\/a><\/li>\n\n<\/ul>\n\n\n--><br \/>\n<\/body><\/p>\n","protected":false},"excerpt":{"rendered":"<p>Mar\u00eda Fernanda Quintero Alzate No s\u00e9, si estoy en \u00abaquello\u00bb que llaman Democracia o en una \u00abdictadura de voto\u00bb Ante ello, se\u00f1or lector me pregunto:- \u00bfQui\u00e9n decide en Colombia?- Bien denso el tema, pues si nos enfrascamos en el concepto de Democracia bueno la primera l\u00ednea que sale es justamente lo pol\u00edtico y ah\u00ed se [&hellip;]<\/p>\n","protected":false},"author":3,"featured_media":0,"comment_status":"open","ping_status":"open","sticky":false,"template":"","format":"standard","meta":{"footnotes":""},"categories":[16],"tags":[],"class_list":["post-43504","post","type-post","status-publish","format-standard","hentry","category-opiniones"],"_links":{"self":[{"href":"https:\/\/diariodominicano.com\/index.php?rest_route=\/wp\/v2\/posts\/43504","targetHints":{"allow":["GET"]}}],"collection":[{"href":"https:\/\/diariodominicano.com\/index.php?rest_route=\/wp\/v2\/posts"}],"about":[{"href":"https:\/\/diariodominicano.com\/index.php?rest_route=\/wp\/v2\/types\/post"}],"author":[{"embeddable":true,"href":"https:\/\/diariodominicano.com\/index.php?rest_route=\/wp\/v2\/users\/3"}],"replies":[{"embeddable":true,"href":"https:\/\/diariodominicano.com\/index.php?rest_route=%2Fwp%2Fv2%2Fcomments&post=43504"}],"version-history":[{"count":0,"href":"https:\/\/diariodominicano.com\/index.php?rest_route=\/wp\/v2\/posts\/43504\/revisions"}],"wp:attachment":[{"href":"https:\/\/diariodominicano.com\/index.php?rest_route=%2Fwp%2Fv2%2Fmedia&parent=43504"}],"wp:term":[{"taxonomy":"category","embeddable":true,"href":"https:\/\/diariodominicano.com\/index.php?rest_route=%2Fwp%2Fv2%2Fcategories&post=43504"},{"taxonomy":"post_tag","embeddable":true,"href":"https:\/\/diariodominicano.com\/index.php?rest_route=%2Fwp%2Fv2%2Ftags&post=43504"}],"curies":[{"name":"wp","href":"https:\/\/api.w.org\/{rel}","templated":true}]}}