{"id":434959,"date":"2023-04-26T08:58:37","date_gmt":"2023-04-26T12:58:37","guid":{"rendered":"http:\/\/diariodominicano.com\/?p=434959"},"modified":"2023-04-26T09:11:20","modified_gmt":"2023-04-26T13:11:20","slug":"ministerio-publico-reitera-defensa-de-exprocurador-jean-alain-rodriguez-no-esta-lista-para-conocer-contundente-acusacion-en-operacion-medusa","status":"publish","type":"post","link":"https:\/\/diariodominicano.com\/?p=434959","title":{"rendered":"El Ministerio P\u00fablico reitera defensa del exprocurador Jean Alain Rodr\u00edguez no est\u00e1 lista para conocer contundente acusaci\u00f3n en Operaci\u00f3n Medusa"},"content":{"rendered":"\n<p><em><u>El procurador fiscal Emmanuel Ram\u00edrez se\u00f1ala defensa sigue fracasando en intento evitar se conozca el proceso<\/u><\/em><\/p>\n\n\n\n<figure class=\"wp-block-image size-large\"><img loading=\"lazy\" decoding=\"async\" width=\"1024\" height=\"683\" src=\"https:\/\/diariodominicano.com\/wp-content\/uploads\/2023\/04\/2023-04-25-Revision-Medida-de-Coercion-Jean-Alain-Rodriguez-Caso-Medusa_003-1024x683.jpg\" alt=\"\" class=\"wp-image-434962\" srcset=\"https:\/\/diariodominicano.com\/wp-content\/uploads\/2023\/04\/2023-04-25-Revision-Medida-de-Coercion-Jean-Alain-Rodriguez-Caso-Medusa_003-1024x683.jpg 1024w, https:\/\/diariodominicano.com\/wp-content\/uploads\/2023\/04\/2023-04-25-Revision-Medida-de-Coercion-Jean-Alain-Rodriguez-Caso-Medusa_003-300x200.jpg 300w, https:\/\/diariodominicano.com\/wp-content\/uploads\/2023\/04\/2023-04-25-Revision-Medida-de-Coercion-Jean-Alain-Rodriguez-Caso-Medusa_003-768x512.jpg 768w, https:\/\/diariodominicano.com\/wp-content\/uploads\/2023\/04\/2023-04-25-Revision-Medida-de-Coercion-Jean-Alain-Rodriguez-Caso-Medusa_003-1536x1024.jpg 1536w, https:\/\/diariodominicano.com\/wp-content\/uploads\/2023\/04\/2023-04-25-Revision-Medida-de-Coercion-Jean-Alain-Rodriguez-Caso-Medusa_003-2048x1365.jpg 2048w, https:\/\/diariodominicano.com\/wp-content\/uploads\/2023\/04\/2023-04-25-Revision-Medida-de-Coercion-Jean-Alain-Rodriguez-Caso-Medusa_003-816x544.jpg 816w\" sizes=\"auto, (max-width: 1024px) 100vw, 1024px\" \/><\/figure>\n\n\n\n<p>SANTO DOMINGO, Rep\u00fablica Dominicana.- El procurador fiscal Emmanuel Ram\u00edrez se\u00f1al\u00f3 la madrugada de este mi\u00e9rcoles, que la defensas del exprocurador de la Rep\u00fablica, Jean Alain Rodr\u00edguez, principal acusado de la Operaci\u00f3n Medusa, contin\u00faa sin estar lista para responder ante la acusaci\u00f3n del Ministerio P\u00fablico y contin\u00faa fracasando en su objetivo de entorpecer el proceso.<\/p>\n\n\n\n<p>\u201cEn el d\u00eda de hoy, en uno de sus m\u00faltiples intentos para que no se conozca la audiencia preliminar, el acusado Jean Alain Rodr\u00edguez fracas\u00f3, argument\u00f3 ante el tribunal que el Ministerio P\u00fablico no le hab\u00eda hecho entrega de varias documentaciones que fueron entregadas anteriormente a este juzgado, lo cual el tribunal pudo contactar que no era cierto, ya que el Ministerio P\u00fablico cumpli\u00f3 cada una de las entregas que fueron ordenadas, tanto por dependencia del Ministerio P\u00fablico, como por instituciones p\u00fablicas\u201d, explic\u00f3 el litigante.<\/p>\n\n\n\n<p>Ram\u00edrez, quien habl\u00f3 a la prensa a su salida de la audiencia de revisi\u00f3n obligatoria a la medida de coerci\u00f3n impuesta a Jean Alain Rodr\u00edguez, destac\u00f3 que el Ministerio P\u00fablico volvi\u00f3 a demostrar en estrado que est\u00e1 listo para conocer este proceso, no as\u00ed las defensas del exprocurador.<\/p>\n\n\n\n<figure class=\"wp-block-image size-large\"><img loading=\"lazy\" decoding=\"async\" width=\"1024\" height=\"683\" src=\"https:\/\/diariodominicano.com\/wp-content\/uploads\/2023\/04\/2023-04-25-Revision-Medida-de-Coercion-Jean-Alain-Rodriguez-Caso-Medusa_007-1024x683.jpg\" alt=\"\" class=\"wp-image-434964\" srcset=\"https:\/\/diariodominicano.com\/wp-content\/uploads\/2023\/04\/2023-04-25-Revision-Medida-de-Coercion-Jean-Alain-Rodriguez-Caso-Medusa_007-1024x683.jpg 1024w, https:\/\/diariodominicano.com\/wp-content\/uploads\/2023\/04\/2023-04-25-Revision-Medida-de-Coercion-Jean-Alain-Rodriguez-Caso-Medusa_007-300x200.jpg 300w, https:\/\/diariodominicano.com\/wp-content\/uploads\/2023\/04\/2023-04-25-Revision-Medida-de-Coercion-Jean-Alain-Rodriguez-Caso-Medusa_007-768x512.jpg 768w, https:\/\/diariodominicano.com\/wp-content\/uploads\/2023\/04\/2023-04-25-Revision-Medida-de-Coercion-Jean-Alain-Rodriguez-Caso-Medusa_007-1536x1024.jpg 1536w, https:\/\/diariodominicano.com\/wp-content\/uploads\/2023\/04\/2023-04-25-Revision-Medida-de-Coercion-Jean-Alain-Rodriguez-Caso-Medusa_007-2048x1365.jpg 2048w, https:\/\/diariodominicano.com\/wp-content\/uploads\/2023\/04\/2023-04-25-Revision-Medida-de-Coercion-Jean-Alain-Rodriguez-Caso-Medusa_007-816x544.jpg 816w\" sizes=\"auto, (max-width: 1024px) 100vw, 1024px\" \/><\/figure>\n\n\n\n<p>\u201cEsta es una muestra de que el Ministerio P\u00fablico est\u00e1 listo para conocer la audiencia preliminar, pese a los intentos de las defensas, que no est\u00e1n preparadas para conocer la contundente acusaci\u00f3n que present\u00f3 el Ministerio P\u00fablico en su contra\u201d, puntualiz\u00f3.<\/p>\n\n\n\n<p>Adem\u00e1s de Ram\u00edrez, en la audiencia, el Ministerio P\u00fablico estuvo representado por el procurador adjunto titular de la Procuradur\u00eda Especializada de Persecuci\u00f3n a la Corrupci\u00f3n Administrativa (Pepca), Wilson Camacho y por&nbsp; la procuradora de corte coordinadora de Litigaci\u00f3n de la Pepca, Mirna Ortiz.<\/p>\n\n\n\n<p>Ante los argumentos presentados por la defensa t\u00e9cnica de Rodr\u00edguez, en la que se\u00f1alaba que no hab\u00edan recibido una documentaci\u00f3n por parte del Ministerio Publico, Ram\u00edrez, mostr\u00f3 al tribunal los informes que indican cu\u00e1ndo y c\u00f3mo fueron entregados por el Ministerio P\u00fablico los documentos solicitados por la defensa del principal acusado de la Operaci\u00f3n Medusa.<\/p>\n\n\n\n<p>Frente a los informes presentados por el \u00f3rgano de justicia el juez Amauri Mart\u00ednez, del Tercer Juzgado de la Instrucci\u00f3n del Distrito Nacional, rechaz\u00f3 lo solicitado por la defensa del exprocurador.<\/p>\n\n\n\n<p>El juez Mart\u00ednez, quien inici\u00f3 el conocimiento de la revisi\u00f3n obligatoria de la medida de coerci\u00f3n a las 2:00 de la tarde de este martes, decidi\u00f3, tras superar las 12 horas de litigio, a las 1:30 de la ma\u00f1ana del mi\u00e9rcoles, aplazar la continuaci\u00f3n de la audiencia para el pr\u00f3ximo martes 2 de mayo a las 2:00 de la tarde.<\/p>\n\n\n\n<p>En el expediente de la Operaci\u00f3n Medusa, adem\u00e1s de Rodr\u00edguez, el proceso tambi\u00e9n se sigue en contra Alfredo Alexander Solano, ex subdirector administrativo del Ministerio P\u00fablico; contra Javier Alejandro Forteza Ibarra,&nbsp; exdirector de Tecnolog\u00eda de la Informaci\u00f3n y la Comunicaci\u00f3n del Ministerio P\u00fablico, y contra Jonathan Joel Rodr\u00edguez Imbert, ex director administrativo.<\/p>\n\n\n\n<p>Igualmente, contra Jenny Marte Pe\u00f1a, exencargada de Proyectos; la ex subdirectora administrativa, Altagracia Guill\u00e9n Calzado, as\u00ed como de Rafael Antonio Mercedes Marte, exdirector de Contabilidad, y el exasesor Miguel Jos\u00e9 Moya.<\/p>\n\n\n\n<p>Los acusados de la Operaci\u00f3n Medusa enfrentan cargos criminales por coalici\u00f3n de funcionarios, prevaricaci\u00f3n, asociaci\u00f3n de malhechores y estafa contra el Estado. Tambi\u00e9n, por sobornos, cr\u00edmenes y delitos de alta tecnolog\u00eda y lavado de activos.<\/p>\n\n\n\n<p>En este caso el Ministerio P\u00fablico present\u00f3 una acusaci\u00f3n mediante un voluminoso expediente de 12,274 p\u00e1ginas, acompa\u00f1ado de m\u00e1s de 3,500 pruebas, incluyendo m\u00e1s de 400 testigos. La acusaci\u00f3n fue presentada contra 41 personas f\u00edsicas y 22 empresas.<\/p>\n\n\n\n<p>El ex procurador general Jean Alain Rodr\u00edguez S\u00e1nchez es acusado de dirigir el entramado de corrupci\u00f3n administrativa cuando estuvo al frente del Ministerio P\u00fablico en el per\u00edodo del 2016 al 2020.<\/p>\n\n\n\n<p>Comunicaciones PGR<a target=\"_blank\" href=\"mailto:comunicaciones@pgr.gob.do\" rel=\"noreferrer noopener\">comunicaciones@pgr.gob.do<\/a><\/p>\n\n\n\n<p>Direcci\u00f3n General de Comunicaci\u00f3n, Prensa, y RRPP<\/p>\n\n\n\n<p>&nbsp;&nbsp;&nbsp;&nbsp;&nbsp;&nbsp;&nbsp; Ministerio P\u00fablico.&nbsp;R.D.<\/p>\n\n\n\n<p>&nbsp;&nbsp;&nbsp;&nbsp;&nbsp;&nbsp; Mi\u00e9rcoles, 26 de abril de 2023.<\/p>\n","protected":false},"excerpt":{"rendered":"<p>El procurador fiscal Emmanuel Ram\u00edrez se\u00f1ala defensa sigue fracasando en intento evitar se conozca el proceso SANTO DOMINGO, Rep\u00fablica Dominicana.- El procurador fiscal Emmanuel Ram\u00edrez se\u00f1al\u00f3 la madrugada de este mi\u00e9rcoles, que la defensas del exprocurador de la Rep\u00fablica, Jean Alain Rodr\u00edguez, principal acusado de la Operaci\u00f3n Medusa, contin\u00faa sin estar lista para responder ante [&hellip;]<\/p>\n","protected":false},"author":28,"featured_media":434960,"comment_status":"closed","ping_status":"","sticky":true,"template":"","format":"standard","meta":{"footnotes":""},"categories":[24,29,27],"tags":[],"class_list":["post-434959","post","type-post","status-publish","format-standard","has-post-thumbnail","hentry","category-justicia-y-derecho","category-policiasucesos","category-portada"],"_links":{"self":[{"href":"https:\/\/diariodominicano.com\/index.php?rest_route=\/wp\/v2\/posts\/434959","targetHints":{"allow":["GET"]}}],"collection":[{"href":"https:\/\/diariodominicano.com\/index.php?rest_route=\/wp\/v2\/posts"}],"about":[{"href":"https:\/\/diariodominicano.com\/index.php?rest_route=\/wp\/v2\/types\/post"}],"author":[{"embeddable":true,"href":"https:\/\/diariodominicano.com\/index.php?rest_route=\/wp\/v2\/users\/28"}],"replies":[{"embeddable":true,"href":"https:\/\/diariodominicano.com\/index.php?rest_route=%2Fwp%2Fv2%2Fcomments&post=434959"}],"version-history":[{"count":4,"href":"https:\/\/diariodominicano.com\/index.php?rest_route=\/wp\/v2\/posts\/434959\/revisions"}],"predecessor-version":[{"id":434973,"href":"https:\/\/diariodominicano.com\/index.php?rest_route=\/wp\/v2\/posts\/434959\/revisions\/434973"}],"wp:featuredmedia":[{"embeddable":true,"href":"https:\/\/diariodominicano.com\/index.php?rest_route=\/wp\/v2\/media\/434960"}],"wp:attachment":[{"href":"https:\/\/diariodominicano.com\/index.php?rest_route=%2Fwp%2Fv2%2Fmedia&parent=434959"}],"wp:term":[{"taxonomy":"category","embeddable":true,"href":"https:\/\/diariodominicano.com\/index.php?rest_route=%2Fwp%2Fv2%2Fcategories&post=434959"},{"taxonomy":"post_tag","embeddable":true,"href":"https:\/\/diariodominicano.com\/index.php?rest_route=%2Fwp%2Fv2%2Ftags&post=434959"}],"curies":[{"name":"wp","href":"https:\/\/api.w.org\/{rel}","templated":true}]}}