{"id":434827,"date":"2023-04-25T21:54:53","date_gmt":"2023-04-26T01:54:53","guid":{"rendered":"http:\/\/diariodominicano.com\/?p=434827"},"modified":"2023-04-25T21:54:53","modified_gmt":"2023-04-26T01:54:53","slug":"el-ministerio-publico-presenta-acusacion-contra-fausto-miguel-cruz-por-muerte-del-ministro-de-medio-ambiente-orlando-jorge-mera","status":"publish","type":"post","link":"https:\/\/diariodominicano.com\/?p=434827","title":{"rendered":"El Ministerio P\u00fablico presenta acusaci\u00f3n contra Fausto Miguel Cruz por muerte del ministro de Medio Ambiente Orlando Jorge Mera"},"content":{"rendered":"\n<p><em><u>La audiencia fue recesada hasta ma\u00f1ana mi\u00e9rcoles a las 2:00 de la tarde<\/u><\/em><em><u>&nbsp;<\/u><\/em><em><u><\/u><\/em><\/p>\n\n\n\n<p>SANTO DOMINGO, Rep\u00fablica Dominicana.-El Ministerio P\u00fablico present\u00f3 este martes ante los jueces del Cuarto Tribunal Colegiado del Distrito Nacional formal acusaci\u00f3n de asesinato premeditado contra Fausto Miguel Cruz de la Mota (Carandai), acusado de matar a tiros al ministro de Medio Ambiente, Orlando Jorge Mera, en un incidente registrado el 6 de junio de 2022 en su despacho del edificio gubernamental, ubicado en la avenida Luper\u00f3n, en el Distrito Nacional.\u00a0\u00a0<\/p>\n\n\n\n<p>En la audiencia, que se inici\u00f3 pasadas a las 11:00 de la ma\u00f1ana y se reces\u00f3 a las 6:40 de la tarde, fueron escuchados diez testigos de cargo aportados por el Ministerio P\u00fablico, entre los que se destacan Orlando Salvador Jorge Villegas, hijo del finado funcionario, y el general de brigada del Ej\u00e9rcito Nacional, Ambiorix de Jes\u00fas Cepeda Hern\u00e1ndez, jefe del Servicio Nacional de Protecci\u00f3n Ambiental (Senpa), y Juan Manuel Cuervo Desangles, ex coordinador nacional de ese ministerio.&nbsp;<\/p>\n\n\n\n<p>Tambi\u00e9n, el coronel del Ej\u00e9rcito Wascar Adolfo Montilla Alm\u00e1nzar, el exjefe de Seguridad de Medio Ambiente; el jurista Edilio Segundo Flori\u00e1n Santana, ex consultor jur\u00eddico de Medio Ambiente; los ex funcionarios y abogados Alfonso Mar\u00eda Mendoza Rinc\u00f3n, Porfirio Leonardo, el teniente de la Polic\u00eda Nicol\u00e1s Montero, encargado de la seguridad de Jorge Mera; el cura p\u00e1rroco Jos\u00e9 Arismendy Le\u00f3n, y las asistentes del despacho Erika Altagracia Ram\u00edrez y Maribel del Carmen Mart\u00ednez.&nbsp;<\/p>\n\n\n\n<p>El tribunal, integrado por los jueces Keila P\u00e9rez Santana, El\u00edas Santini Pereira y Arisleida M\u00e9ndez Batista, reces\u00f3 la audiencia acogiendo un pedimento de las representantes del Ministerio P\u00fablico, magistradas Magalis S\u00e1nchez, Mar\u00eda Silvestre y Laura Toledo, quienes fundamentaron su pedimento a los fines de escuchar en calidad de testigos a los t\u00e9cnicos e investigadores policiales que manejaron las investigaciones y la escena del crimen.&nbsp;<\/p>\n\n\n\n<p>Las fiscales calificaron la acci\u00f3n del acusado como \u201casesinato y porte ilegal de armas de fuego\u201d, delitos est\u00e1n tipificados por los art\u00edculos 295, 296, 297, 298 y 302 del C\u00f3digo Penal Dominicano, as\u00ed como los art\u00edculos 66 y 67 de la Ley 631-16 sobre Armas, Municiones y Materiales Relacionados, que penalizan el asesinato y el porte y tenencia ilegal de arma de fuego.&nbsp;<\/p>\n\n\n\n<p>Se recuerda que la jueza del Cuarto Juzgado de la Instrucci\u00f3n del Distrito Nacional dict\u00f3 auto de apertura a juicio en contra de Fausto Miguel Cruz de la Mota, acusado de asesinar a balazos al ministro de Medio Ambiente y Recursos Naturales, Orlando Jorge Mera, en un hecho ocurrido el 6 de junio del a\u00f1o pasado en las instalaciones del organismo estatal.&nbsp;<\/p>\n\n\n\n<p>El acusado Cruz de la Mota actualmente cumple una medida de coerci\u00f3n de un a\u00f1o de prisi\u00f3n preventiva en el Centro de Correcci\u00f3n y Rehabilitaci\u00f3n (CCR) Najayo-Hombres, en San Crist\u00f3bal, dictada en su contra por el magistrado Rigoberto Sena Ferreras, del Juzgado de Atenci\u00f3n Permanente del Distrito Nacional. Luego de ocurrido el crimen, Cruz de la Mota fue detenido y sometido a la justicia por la muerte de su amigo de infancia.&nbsp;<\/p>\n\n\n\n<p>El expediente instrumentado por el \u00f3rgano acusador contra Fausto Miguel de la Cruz establece que el acusado planific\u00f3 el asesinato del ministro, alegadamente porque \u00e9ste se opon\u00eda a otorgarle unos permisos para exportar 5,000 toneladas de bater\u00edas usadas a trav\u00e9s de la empresa Aurum Gavia, S.A, por no cumplir con los requisitos exigidos por el organismo para el otorgamiento de ese tipo de licencia medioambiental.&nbsp;<\/p>\n\n\n\n<p>Direcci\u00f3n General de Comunicaci\u00f3n, Prensa, y RRPP<\/p>\n\n\n\n<p>&nbsp;&nbsp;&nbsp;&nbsp;&nbsp;&nbsp;&nbsp; Ministerio P\u00fablico.&nbsp;R.D.<\/p>\n\n\n\n<p>&nbsp;&nbsp;&nbsp; Martes, 25 de abril de 2023&#8230;.<\/p>\n","protected":false},"excerpt":{"rendered":"<p>La audiencia fue recesada hasta ma\u00f1ana mi\u00e9rcoles a las 2:00 de la tarde&nbsp; SANTO DOMINGO, Rep\u00fablica Dominicana.-El Ministerio P\u00fablico present\u00f3 este martes ante los jueces del Cuarto Tribunal Colegiado del Distrito Nacional formal acusaci\u00f3n de asesinato premeditado contra Fausto Miguel Cruz de la Mota (Carandai), acusado de matar a tiros al ministro de Medio Ambiente, [&hellip;]<\/p>\n","protected":false},"author":28,"featured_media":350450,"comment_status":"closed","ping_status":"","sticky":true,"template":"","format":"standard","meta":{"footnotes":""},"categories":[24,29,27],"tags":[],"class_list":["post-434827","post","type-post","status-publish","format-standard","has-post-thumbnail","hentry","category-justicia-y-derecho","category-policiasucesos","category-portada"],"_links":{"self":[{"href":"https:\/\/diariodominicano.com\/index.php?rest_route=\/wp\/v2\/posts\/434827","targetHints":{"allow":["GET"]}}],"collection":[{"href":"https:\/\/diariodominicano.com\/index.php?rest_route=\/wp\/v2\/posts"}],"about":[{"href":"https:\/\/diariodominicano.com\/index.php?rest_route=\/wp\/v2\/types\/post"}],"author":[{"embeddable":true,"href":"https:\/\/diariodominicano.com\/index.php?rest_route=\/wp\/v2\/users\/28"}],"replies":[{"embeddable":true,"href":"https:\/\/diariodominicano.com\/index.php?rest_route=%2Fwp%2Fv2%2Fcomments&post=434827"}],"version-history":[{"count":1,"href":"https:\/\/diariodominicano.com\/index.php?rest_route=\/wp\/v2\/posts\/434827\/revisions"}],"predecessor-version":[{"id":434828,"href":"https:\/\/diariodominicano.com\/index.php?rest_route=\/wp\/v2\/posts\/434827\/revisions\/434828"}],"wp:featuredmedia":[{"embeddable":true,"href":"https:\/\/diariodominicano.com\/index.php?rest_route=\/wp\/v2\/media\/350450"}],"wp:attachment":[{"href":"https:\/\/diariodominicano.com\/index.php?rest_route=%2Fwp%2Fv2%2Fmedia&parent=434827"}],"wp:term":[{"taxonomy":"category","embeddable":true,"href":"https:\/\/diariodominicano.com\/index.php?rest_route=%2Fwp%2Fv2%2Fcategories&post=434827"},{"taxonomy":"post_tag","embeddable":true,"href":"https:\/\/diariodominicano.com\/index.php?rest_route=%2Fwp%2Fv2%2Ftags&post=434827"}],"curies":[{"name":"wp","href":"https:\/\/api.w.org\/{rel}","templated":true}]}}