{"id":434806,"date":"2023-04-25T20:57:44","date_gmt":"2023-04-26T00:57:44","guid":{"rendered":"http:\/\/diariodominicano.com\/?p=434806"},"modified":"2023-04-25T20:58:31","modified_gmt":"2023-04-26T00:58:31","slug":"capturan-a-cuatro-y-se-incautan-692-paquetes-de-cocaina","status":"publish","type":"post","link":"https:\/\/diariodominicano.com\/?p=434806","title":{"rendered":"Capturan a cuatro y se incautan 692 paquetes de coca\u00edna"},"content":{"rendered":"\n<p>DNCD informa los arrestos se produjeron en intensa persecuci\u00f3n .<\/p>\n\n\n\n<figure class=\"wp-block-image size-large\"><img loading=\"lazy\" decoding=\"async\" width=\"1024\" height=\"576\" src=\"https:\/\/diariodominicano.com\/wp-content\/uploads\/2023\/04\/PHOTO-2023-04-25-11-01-08_7-1024x576.jpg\" alt=\"\" class=\"wp-image-434808\" srcset=\"https:\/\/diariodominicano.com\/wp-content\/uploads\/2023\/04\/PHOTO-2023-04-25-11-01-08_7-1024x576.jpg 1024w, https:\/\/diariodominicano.com\/wp-content\/uploads\/2023\/04\/PHOTO-2023-04-25-11-01-08_7-300x169.jpg 300w, https:\/\/diariodominicano.com\/wp-content\/uploads\/2023\/04\/PHOTO-2023-04-25-11-01-08_7-768x432.jpg 768w, https:\/\/diariodominicano.com\/wp-content\/uploads\/2023\/04\/PHOTO-2023-04-25-11-01-08_7-1536x864.jpg 1536w, https:\/\/diariodominicano.com\/wp-content\/uploads\/2023\/04\/PHOTO-2023-04-25-11-01-08_7-816x459.jpg 816w, https:\/\/diariodominicano.com\/wp-content\/uploads\/2023\/04\/PHOTO-2023-04-25-11-01-08_7.jpg 1600w\" sizes=\"auto, (max-width: 1024px) 100vw, 1024px\" \/><\/figure>\n\n\n\n<p><br><br><strong>D<\/strong>iariodominicano.com<\/p>\n\n\n\n<p><strong>Santo Domingo<\/strong>, RD.-\u00a0En el marco del reforzamiento en el combate al narcotr\u00e1fico, la Direcci\u00f3n Nacional de Control de Control de Drogas (DNCD), la Armada y la Fuerza A\u00e9rea de Rep\u00fablica Dominicana, apoyados por agencias de Inteligencia del Estado y coordinados por miembros del Ministerio P\u00fablico, se incautaron 692 paquetes presumiblemente coca\u00edna, durante una operaci\u00f3n de interdicci\u00f3n conjunta, desarrollada frente a las costas de la provincia La Altagracia, inform\u00f3 el martes la DNCD.<br><br>Los agentes de la DNCD y militares, tras recibir informes de inteligencia montaron un amplio operativo de persecuci\u00f3n a\u00e9rea, mar\u00edtima y terrestre, para interceptar a los ocupantes de una lancha r\u00e1pida (tipo Go Fast), quienes pretend\u00edan introducir a territorio dominicano, una importante cantidad de sustancias controladas.<br><br>Luego de 15 horas de intensa persecuci\u00f3n, las autoridades, lograron abordar la embarcaci\u00f3n de  32 pies de eslora, donde confiscaron 28 sacos de nylon, conteniendo en su interior los 692 paquetes de la sustancia.<\/p>\n\n\n\n<figure class=\"wp-block-image size-large\"><img loading=\"lazy\" decoding=\"async\" width=\"1024\" height=\"768\" src=\"https:\/\/diariodominicano.com\/wp-content\/uploads\/2023\/04\/PHOTO-2023-04-25-11-01-08_5-1024x768.jpg\" alt=\"\" class=\"wp-image-434809\" srcset=\"https:\/\/diariodominicano.com\/wp-content\/uploads\/2023\/04\/PHOTO-2023-04-25-11-01-08_5-1024x768.jpg 1024w, https:\/\/diariodominicano.com\/wp-content\/uploads\/2023\/04\/PHOTO-2023-04-25-11-01-08_5-300x225.jpg 300w, https:\/\/diariodominicano.com\/wp-content\/uploads\/2023\/04\/PHOTO-2023-04-25-11-01-08_5-768x576.jpg 768w, https:\/\/diariodominicano.com\/wp-content\/uploads\/2023\/04\/PHOTO-2023-04-25-11-01-08_5-1536x1152.jpg 1536w, https:\/\/diariodominicano.com\/wp-content\/uploads\/2023\/04\/PHOTO-2023-04-25-11-01-08_5-816x612.jpg 816w, https:\/\/diariodominicano.com\/wp-content\/uploads\/2023\/04\/PHOTO-2023-04-25-11-01-08_5.jpg 1600w\" sizes=\"auto, (max-width: 1024px) 100vw, 1024px\" \/><\/figure>\n\n\n\n<figure class=\"wp-block-image size-large\"><img loading=\"lazy\" decoding=\"async\" width=\"1024\" height=\"768\" src=\"https:\/\/diariodominicano.com\/wp-content\/uploads\/2023\/04\/PHOTO-2023-04-25-11-01-08_8-1024x768.jpg\" alt=\"\" class=\"wp-image-434810\" srcset=\"https:\/\/diariodominicano.com\/wp-content\/uploads\/2023\/04\/PHOTO-2023-04-25-11-01-08_8-1024x768.jpg 1024w, https:\/\/diariodominicano.com\/wp-content\/uploads\/2023\/04\/PHOTO-2023-04-25-11-01-08_8-300x225.jpg 300w, https:\/\/diariodominicano.com\/wp-content\/uploads\/2023\/04\/PHOTO-2023-04-25-11-01-08_8-768x576.jpg 768w, https:\/\/diariodominicano.com\/wp-content\/uploads\/2023\/04\/PHOTO-2023-04-25-11-01-08_8-1536x1152.jpg 1536w, https:\/\/diariodominicano.com\/wp-content\/uploads\/2023\/04\/PHOTO-2023-04-25-11-01-08_8-816x612.jpg 816w, https:\/\/diariodominicano.com\/wp-content\/uploads\/2023\/04\/PHOTO-2023-04-25-11-01-08_8.jpg 1600w\" sizes=\"auto, (max-width: 1024px) 100vw, 1024px\" \/><\/figure>\n\n\n\n<p><br><br>En la operaci\u00f3n combinada, desplegada a varias millas n\u00e1uticas al sureste de Isla Saona, de la referida provincia, fueron apresados tres dominicanos y un venezolano, quienes fueron entregados a las autoridades judiciales de la Altagracia, para conocerles medidas de coerci\u00f3n en las pr\u00f3ximas horas.<\/p>\n\n\n\n<p><br><br>A los detenidos se les ocup\u00f3 adem\u00e1s varios garrafones de combustibles, dos motores Yamaha, fuera de borda, de 115 caballos de fuerza cada uno, un celular, una neverita con agua y comestibles, entre otras evidencias.<br><br>El Ministerio P\u00fablico y la DNCD profundizan la investigaci\u00f3n para determinar si hay otros implicados en esta red de narcotr\u00e1fico internacional, que tiene como modo de operaci\u00f3n, traer importantes cantidades de narc\u00f3ticos en lanchas r\u00e1pidas, desde Sudam\u00e9rica.<\/p>\n\n\n\n<figure class=\"wp-block-image size-full\"><img loading=\"lazy\" decoding=\"async\" width=\"1024\" height=\"768\" src=\"https:\/\/diariodominicano.com\/wp-content\/uploads\/2023\/04\/PHOTO-2023-04-25-11-01-08_3-1.jpg\" alt=\"\" class=\"wp-image-434811\" srcset=\"https:\/\/diariodominicano.com\/wp-content\/uploads\/2023\/04\/PHOTO-2023-04-25-11-01-08_3-1.jpg 1024w, https:\/\/diariodominicano.com\/wp-content\/uploads\/2023\/04\/PHOTO-2023-04-25-11-01-08_3-1-300x225.jpg 300w, https:\/\/diariodominicano.com\/wp-content\/uploads\/2023\/04\/PHOTO-2023-04-25-11-01-08_3-1-768x576.jpg 768w, https:\/\/diariodominicano.com\/wp-content\/uploads\/2023\/04\/PHOTO-2023-04-25-11-01-08_3-1-816x612.jpg 816w\" sizes=\"auto, (max-width: 1024px) 100vw, 1024px\" \/><\/figure>\n\n\n\n<figure class=\"wp-block-image size-full\"><img loading=\"lazy\" decoding=\"async\" width=\"1024\" height=\"768\" src=\"https:\/\/diariodominicano.com\/wp-content\/uploads\/2023\/04\/PHOTO-2023-04-25-11-01-08_1.jpg\" alt=\"\" class=\"wp-image-434812\" srcset=\"https:\/\/diariodominicano.com\/wp-content\/uploads\/2023\/04\/PHOTO-2023-04-25-11-01-08_1.jpg 1024w, https:\/\/diariodominicano.com\/wp-content\/uploads\/2023\/04\/PHOTO-2023-04-25-11-01-08_1-300x225.jpg 300w, https:\/\/diariodominicano.com\/wp-content\/uploads\/2023\/04\/PHOTO-2023-04-25-11-01-08_1-768x576.jpg 768w, https:\/\/diariodominicano.com\/wp-content\/uploads\/2023\/04\/PHOTO-2023-04-25-11-01-08_1-816x612.jpg 816w\" sizes=\"auto, (max-width: 1024px) 100vw, 1024px\" \/><\/figure>\n\n\n\n<p><br><br>La DNCD resalta el firme apoyo de las Fuerzas Armadas (Armada, Fuerza A\u00e9rea, Ej\u00e9rcito), Procuradur\u00eda y agencias de Inteligencia del Estado, cooperaci\u00f3n que ha permitido que solo en este mes de abril se hayan confiscado 3.6 toneladas de drogas.<br><br>Los 692 paquetes ocupados en esta nueva operaci\u00f3n, fueron enviados bajo Cadena de Custodia al Instituto Nacional de Ciencias Forenses (INACIF) que determinar\u00e1 en su an\u00e1lisis el tipo y peso de la sustancia, se\u00f1ala el comunicado de prensa dado por la DNCD.<\/p>\n\n\n\n<p>Dncd Relaciones Publicas<a target=\"_blank\" href=\"mailto:relacionespublicasdncd1@gmail.com\" rel=\"noreferrer noopener\">relacionespublicasdncd1@gma<\/a><\/p>\n\n\n\n<p><br><br><strong>Direcci\u00f3n de Comunicaciones, DNCD.-<br><br>Martes 25 de abril, 2023.-<br><\/strong><\/p>\n","protected":false},"excerpt":{"rendered":"<p>DNCD informa los arrestos se produjeron en intensa persecuci\u00f3n . Diariodominicano.com Santo Domingo, RD.-\u00a0En el marco del reforzamiento en el combate al narcotr\u00e1fico, la Direcci\u00f3n Nacional de Control de Control de Drogas (DNCD), la Armada y la Fuerza A\u00e9rea de Rep\u00fablica Dominicana, apoyados por agencias de Inteligencia del Estado y coordinados por miembros del Ministerio [&hellip;]<\/p>\n","protected":false},"author":28,"featured_media":434807,"comment_status":"closed","ping_status":"","sticky":true,"template":"","format":"standard","meta":{"footnotes":""},"categories":[24,29],"tags":[],"class_list":["post-434806","post","type-post","status-publish","format-standard","has-post-thumbnail","hentry","category-justicia-y-derecho","category-policiasucesos"],"_links":{"self":[{"href":"https:\/\/diariodominicano.com\/index.php?rest_route=\/wp\/v2\/posts\/434806","targetHints":{"allow":["GET"]}}],"collection":[{"href":"https:\/\/diariodominicano.com\/index.php?rest_route=\/wp\/v2\/posts"}],"about":[{"href":"https:\/\/diariodominicano.com\/index.php?rest_route=\/wp\/v2\/types\/post"}],"author":[{"embeddable":true,"href":"https:\/\/diariodominicano.com\/index.php?rest_route=\/wp\/v2\/users\/28"}],"replies":[{"embeddable":true,"href":"https:\/\/diariodominicano.com\/index.php?rest_route=%2Fwp%2Fv2%2Fcomments&post=434806"}],"version-history":[{"count":2,"href":"https:\/\/diariodominicano.com\/index.php?rest_route=\/wp\/v2\/posts\/434806\/revisions"}],"predecessor-version":[{"id":434814,"href":"https:\/\/diariodominicano.com\/index.php?rest_route=\/wp\/v2\/posts\/434806\/revisions\/434814"}],"wp:featuredmedia":[{"embeddable":true,"href":"https:\/\/diariodominicano.com\/index.php?rest_route=\/wp\/v2\/media\/434807"}],"wp:attachment":[{"href":"https:\/\/diariodominicano.com\/index.php?rest_route=%2Fwp%2Fv2%2Fmedia&parent=434806"}],"wp:term":[{"taxonomy":"category","embeddable":true,"href":"https:\/\/diariodominicano.com\/index.php?rest_route=%2Fwp%2Fv2%2Fcategories&post=434806"},{"taxonomy":"post_tag","embeddable":true,"href":"https:\/\/diariodominicano.com\/index.php?rest_route=%2Fwp%2Fv2%2Ftags&post=434806"}],"curies":[{"name":"wp","href":"https:\/\/api.w.org\/{rel}","templated":true}]}}