{"id":434803,"date":"2023-04-25T20:42:48","date_gmt":"2023-04-26T00:42:48","guid":{"rendered":"http:\/\/diariodominicano.com\/?p=434803"},"modified":"2023-04-25T20:42:48","modified_gmt":"2023-04-26T00:42:48","slug":"policia-nacional-en-santiago-reporta-apresa-reconocido-delincuente-buscado-por-diversos-homicidios-cometidos-en-santo-domingo","status":"publish","type":"post","link":"https:\/\/diariodominicano.com\/?p=434803","title":{"rendered":"Polic\u00eda Nacional en Santiago reporta apresa reconocido delincuente buscado por diversos homicidios cometidos en Santo Domingo"},"content":{"rendered":"\n<p>Cuando Tom\u00e1s Alberto P\u00e9rez (Jabal\u00ed) fue detenido  se le ocup\u00f3\u00a0\u00a0la pistola marca Glock, calibre 9 mil\u00edmetros, serie BHNA936 con su cargador una mochila conteniendo en su interior, dos cargadores para pistola de 30 con 49 c\u00e1psulas, una bomba lacrim\u00f3gena, cinco porciones de presunta marihuana, dos unidades de un material rocoso de color amarillo y otra de color azul presumiblemente pastillas \u00e9xtasis, un pasa monta\u00f1a y un celular. <\/p>\n\n\n\n<p><strong>Santiago de los Caballeros, 25 de Abril del 2023.-<\/strong>\u00a0Agentes de investigaciones adscritos a esta Direcci\u00f3n Regional Cibao Central\u00a0\u00a0apresaron a un reconocido\u00a0\u00a0delincuente quien era buscado mediante \u00f3rdenes de arrestos por\u00a0\u00a0varios homicidios cometidos en Santo Domingo en el 2020 y 2021, inform\u00f3 el martes la PN.<\/p>\n\n\n\n<p>El prevenido es Thomas&nbsp;&nbsp;Alberto&nbsp;&nbsp;P\u00e9rez (a) Jabal\u00ed, residente en el sector Hainamosa, provincia Santo Domingo Este.<\/p>\n\n\n\n<p>Jabal\u00ed era buscado mediante la orden de arresto No. 530-2021 EMES-01201 por haberle ocasionado la muerte junto a otros individuos&nbsp;&nbsp;al mayor paracaidista&nbsp;&nbsp;Carlos Eugenio De Los Santos Vicioso,&nbsp;&nbsp;FARD y su hermano Cristian Alberto De Los santos Vicioso, donde tambi\u00e9n result\u00f3 herido un primo hermano de estos Francis Redames Vicioso P\u00e9rez&nbsp;&nbsp;en un hecho ocurrido en fecha 19 de Julio del 2021, en el sector La Ure\u00f1a Santo Domingo Este.<\/p>\n\n\n\n<p>Adem\u00e1s&nbsp;&nbsp;tiene en su contra la orden judicial No. 530-2020-EMES-01004, por ser uno de los presuntos autores de&nbsp;&nbsp;darle muerte por proyectil de arma de fuego al alem\u00e1n Roth&nbsp;&nbsp;Jochen en un hecho registrado el 17 de Enero del 2020, en el sector de Lucerna del referido Municipio, tambi\u00e9n tiene la orden NO. 530 2022 EMES- 00-237,&nbsp;&nbsp;en perjuicio del se\u00f1or Ram\u00f3n Flori\u00e1n.<\/p>\n\n\n\n<p>Al momento de su detenci\u00f3n se le ocup\u00f3&nbsp;&nbsp;la pistola marca Glock, calibre 9 mil\u00edmetros, serie BHNA936 con su cargador una mochila conteniendo en su interior, dos cargadores para pistola de 30 con 49 c\u00e1psulas, una bomba lacrim\u00f3gena, cinco porciones de presunta marihuana, dos unidades de un material rocoso de color amarillo y otra de color azul presumiblemente pastillas \u00e9xtasis, un pasa monta\u00f1a y un celular.<\/p>\n\n\n\n<p>La instituci\u00f3n del orden precis\u00f3 que una persona tambi\u00e9n fue detenida para fines de investigaci\u00f3n quien se encontraba en el lugar donde fue arrestado Jabal\u00ed.<\/p>\n\n\n\n<p>Estas acciones son llevadas a cabo bajo las intrusiones precisas de nuestro director general de la Polic\u00eda Nacional, mayor general Eduardo Alberto Then, emanada por el Director Regional Cibao Central, general Ram\u00f3n Azcona Reyes, con el fin de solucionar los casos pendientes y garantizar la seguridad ciudadana.<\/p>\n\n\n\n<p>El detenido y lo ocupado en las pr\u00f3ximas horas, ser\u00e1n enviados a la Jurisdicci\u00f3n correspondiente para los fines legales.<\/p>\n\n\n\n<p><strong>OFICINA DE INFORMACI\u00d3N Y COMUNICACIONES ESTRAT\u00c9GICAS DIRECCI\u00d3N REGIONAL CIBAO CENTRAL DE LA POLIC\u00cdA NACIONAL.<\/strong><\/p>\n\n\n\n<p>npolicia14@gmail.com<\/p>\n","protected":false},"excerpt":{"rendered":"<p>Cuando Tom\u00e1s Alberto P\u00e9rez (Jabal\u00ed) fue detenido se le ocup\u00f3\u00a0\u00a0la pistola marca Glock, calibre 9 mil\u00edmetros, serie BHNA936 con su cargador una mochila conteniendo en su interior, dos cargadores para pistola de 30 con 49 c\u00e1psulas, una bomba lacrim\u00f3gena, cinco porciones de presunta marihuana, dos unidades de un material rocoso de color amarillo y otra [&hellip;]<\/p>\n","protected":false},"author":28,"featured_media":434804,"comment_status":"closed","ping_status":"","sticky":true,"template":"","format":"standard","meta":{"footnotes":""},"categories":[24,29],"tags":[],"class_list":["post-434803","post","type-post","status-publish","format-standard","has-post-thumbnail","hentry","category-justicia-y-derecho","category-policiasucesos"],"_links":{"self":[{"href":"https:\/\/diariodominicano.com\/index.php?rest_route=\/wp\/v2\/posts\/434803","targetHints":{"allow":["GET"]}}],"collection":[{"href":"https:\/\/diariodominicano.com\/index.php?rest_route=\/wp\/v2\/posts"}],"about":[{"href":"https:\/\/diariodominicano.com\/index.php?rest_route=\/wp\/v2\/types\/post"}],"author":[{"embeddable":true,"href":"https:\/\/diariodominicano.com\/index.php?rest_route=\/wp\/v2\/users\/28"}],"replies":[{"embeddable":true,"href":"https:\/\/diariodominicano.com\/index.php?rest_route=%2Fwp%2Fv2%2Fcomments&post=434803"}],"version-history":[{"count":1,"href":"https:\/\/diariodominicano.com\/index.php?rest_route=\/wp\/v2\/posts\/434803\/revisions"}],"predecessor-version":[{"id":434805,"href":"https:\/\/diariodominicano.com\/index.php?rest_route=\/wp\/v2\/posts\/434803\/revisions\/434805"}],"wp:featuredmedia":[{"embeddable":true,"href":"https:\/\/diariodominicano.com\/index.php?rest_route=\/wp\/v2\/media\/434804"}],"wp:attachment":[{"href":"https:\/\/diariodominicano.com\/index.php?rest_route=%2Fwp%2Fv2%2Fmedia&parent=434803"}],"wp:term":[{"taxonomy":"category","embeddable":true,"href":"https:\/\/diariodominicano.com\/index.php?rest_route=%2Fwp%2Fv2%2Fcategories&post=434803"},{"taxonomy":"post_tag","embeddable":true,"href":"https:\/\/diariodominicano.com\/index.php?rest_route=%2Fwp%2Fv2%2Ftags&post=434803"}],"curies":[{"name":"wp","href":"https:\/\/api.w.org\/{rel}","templated":true}]}}