{"id":434626,"date":"2023-04-25T08:21:44","date_gmt":"2023-04-25T12:21:44","guid":{"rendered":"http:\/\/diariodominicano.com\/?p=434626"},"modified":"2023-04-25T09:13:34","modified_gmt":"2023-04-25T13:13:34","slug":"turba-quema-vivos-a-13-presuntos-pandilleros-en-haiti","status":"publish","type":"post","link":"https:\/\/diariodominicano.com\/?p=434626","title":{"rendered":"Turba quema vivos a 13 presuntos pandilleros en Hait\u00ed"},"content":{"rendered":"\n<p>abril 24, 2023<\/p>\n\n\n\n<ul class=\"wp-block-list\"><li><a href=\"https:\/\/www.vozdeamerica.com\/author\/associated-press\/v_kyr\">Associated Press<\/a><\/li><\/ul>\n\n\n\n<hr class=\"wp-block-separator\"\/>\n\n\n\n<figure class=\"wp-block-image\"><img decoding=\"async\" src=\"https:\/\/gdb.voanews.com\/cf1f0352-b664-49d2-8cc0-1c28a0e261bf_w1023_r1_s.jpg\" alt=\"Los transe\u00fantes se re\u00fanen alrededor de los cuerpos de presuntos pandilleros que fueron incendiados por una turba despu\u00e9s de que la polic\u00eda los detuviera mientras viajaban en un veh\u00edculo en el \u00e1rea de Canape Vert de Puerto Pr\u00edncipe, Hait\u00ed, el lunes 24 de abril de 2023.\"\/><figcaption>Los transe\u00fantes se re\u00fanen alrededor de los cuerpos de presuntos pandilleros que fueron incendiados por una turba despu\u00e9s de que la polic\u00eda los detuviera mientras viajaban en un veh\u00edculo en el \u00e1rea de Canape Vert de Puerto Pr\u00edncipe, Hait\u00ed, el lunes 24 de abril de 2023.<\/figcaption><\/figure>\n\n\n\n<p>Compartir<\/p>\n\n\n\n<ul class=\"wp-block-list\"><li><a href=\"https:\/\/facebook.com\/sharer.php?u=https%3a%2f%2fwww.vozdeamerica.com%2fa%2fturba-quema-vivos-13-presuntos-pandilleros-haiti-%2f7064304.html\" target=\"_blank\" rel=\"noreferrer noopener\"><\/a><\/li><li><a href=\"https:\/\/twitter.com\/share?url=https%3a%2f%2fwww.vozdeamerica.com%2fa%2fturba-quema-vivos-13-presuntos-pandilleros-haiti-%2f7064304.html&amp;text=Turba+quema+vivos+a+13+presuntos+pandilleros+en+Hait%c3%ad\" target=\"_blank\" rel=\"noreferrer noopener\"><\/a><\/li><li><\/li><li><a href=\"mailto:?body=https%3a%2f%2fwww.vozdeamerica.com%2fa%2fturba-quema-vivos-13-presuntos-pandilleros-haiti-%2f7064304.html&amp;subject=Turba%20quema%20vivos%20a%2013%20presuntos%20pandilleros%20en%20Hait%C3%AD\"><\/a><\/li><\/ul>\n\n\n\n<p><a href=\"https:\/\/www.vozdeamerica.com\/a\/turba-quema-vivos-13-presuntos-pandilleros-haiti-\/7064304.html#comments\">Vea comentarios<\/a><\/p>\n\n\n\n<p>&nbsp;Print<\/p>\n\n\n\n<p>Una turba golpe\u00f3 y quem\u00f3 con neum\u00e1ticos empapados de gasolina a 13 presuntos pandilleros hasta causarles la muerte en Puerto Pr\u00edncipe.PUERTO PR\u00cdNCIPE \u2014&nbsp;<\/p>\n\n\n\n<p>Una turba golpe\u00f3 y quem\u00f3 con neum\u00e1ticos empapados de gasolina a 13 presuntos pandilleros hasta causarles la muerte el lunes en la capital haitiana, despu\u00e9s de sacar a los hombres de la custodia policial en una parada de tr\u00e1fico, indicaron la polic\u00eda y testigos.<\/p>\n\n\n\n<p>La terrible agresi\u00f3n puso en evidencia la situaci\u00f3n cada vez m\u00e1s an\u00e1rquica en Puerto Pr\u00edncipe, donde los&nbsp;<strong><a href=\"https:\/\/www.vozdeamerica.com\/a\/onu-187-muertos-por-violencia-entre-pandillas-en-haiti\/7015086.html\" target=\"_blank\" rel=\"noreferrer noopener\">grupos delictivos han tomado el control&nbsp;<\/a><\/strong>de aproximadamente el 60% de la ciudad desde el asesinato del presidente Jovenel Mo\u00efse en julio de 2021.<\/p>\n\n\n\n<p>La Polic\u00eda Nacional de Hait\u00ed afirm\u00f3 en un breve comunicado que agentes de la secci\u00f3n Canape Vert de la ciudad detuvieron y registraron un minib\u00fas en busca de contrabando y confiscaron armas a los sospechosos antes de que fueran \u201clamentablemente linchados por miembros de la poblaci\u00f3n\u201d. El comunicado no ofreci\u00f3 m\u00e1s detalles sobre c\u00f3mo la turba pudo llevarse a los sospechosos.<a href=\"https:\/\/www.vozdeamerica.com\/a\/onu-llamado-haiti-\/7063976.html\"><\/a><a href=\"https:\/\/www.vozdeamerica.com\/a\/onu-llamado-haiti-\/7063976.html\">TAMBI\u00c9N LEALa ONU hace llamado ante \u00abviolencia armada y terror\u00bb en Hait\u00ed<\/a><\/p>\n\n\n\n<p>Un testigo que se identific\u00f3 como Edner Samuel dijo a&nbsp;<em>The Associated Press<\/em>&nbsp;que la multitud se llev\u00f3 a los presuntos pandilleros, los golpe\u00f3 y apedre\u00f3 antes de colocarles neum\u00e1ticos, rociarles gasolina y prenderles fuego.<\/p>\n\n\n\n<p>Un reportero de la&nbsp;<em>AP<\/em>&nbsp;en el lugar vio 13 cad\u00e1veres ardiendo en una calle. Las llamas atrajeron a cientos de espectadores en el suburbio monta\u00f1oso de la ciudad, muchos de ellos protegi\u00e9ndose la nariz de los humos.<\/p>\n\n\n\n<p>Samuel dijo que se cre\u00eda que los sospechosos se dirig\u00edan a otra zona de la ciudad para sumarse a un grupo de pandilleros que se enfrentaba con polic\u00edas. Otro testigo, Jean Josue, dijo haber escuchado muchos disparos en el \u00e1rea desde la madrugada.<\/p>\n\n\n\n<p>La situaci\u00f3n en la capital se manten\u00eda tensa y se escuchaban disparos desde varios barrios.<\/p>\n\n\n\n<p>Testigos en la escena dijeron que se cre\u00eda que los sospechosos eran integrantes de la pandilla Kraze Barye, que se traduce como \u201cRompiendo Barreras\u201d. Las autoridades afirman que el grupo es dirigido por Vitel\u2019Homme Innocent, acusado de ayudar a secuestrar a 17 misioneros estadounidenses en octubre de 2021 y tambi\u00e9n relacionado con el asesinato de Mo\u00efse.<\/p>\n\n\n\n<p>VOA Noticias<\/p>\n","protected":false},"excerpt":{"rendered":"<p>abril 24, 2023 Associated Press Compartir Vea comentarios &nbsp;Print Una turba golpe\u00f3 y quem\u00f3 con neum\u00e1ticos empapados de gasolina a 13 presuntos pandilleros hasta causarles la muerte en Puerto Pr\u00edncipe.PUERTO PR\u00cdNCIPE \u2014&nbsp; Una turba golpe\u00f3 y quem\u00f3 con neum\u00e1ticos empapados de gasolina a 13 presuntos pandilleros hasta causarles la muerte el lunes en la capital [&hellip;]<\/p>\n","protected":false},"author":28,"featured_media":0,"comment_status":"closed","ping_status":"","sticky":true,"template":"","format":"standard","meta":{"footnotes":""},"categories":[112,23,27],"tags":[],"class_list":["post-434626","post","type-post","status-publish","format-standard","hentry","category-haiti","category-internacional","category-portada"],"_links":{"self":[{"href":"https:\/\/diariodominicano.com\/index.php?rest_route=\/wp\/v2\/posts\/434626","targetHints":{"allow":["GET"]}}],"collection":[{"href":"https:\/\/diariodominicano.com\/index.php?rest_route=\/wp\/v2\/posts"}],"about":[{"href":"https:\/\/diariodominicano.com\/index.php?rest_route=\/wp\/v2\/types\/post"}],"author":[{"embeddable":true,"href":"https:\/\/diariodominicano.com\/index.php?rest_route=\/wp\/v2\/users\/28"}],"replies":[{"embeddable":true,"href":"https:\/\/diariodominicano.com\/index.php?rest_route=%2Fwp%2Fv2%2Fcomments&post=434626"}],"version-history":[{"count":1,"href":"https:\/\/diariodominicano.com\/index.php?rest_route=\/wp\/v2\/posts\/434626\/revisions"}],"predecessor-version":[{"id":434628,"href":"https:\/\/diariodominicano.com\/index.php?rest_route=\/wp\/v2\/posts\/434626\/revisions\/434628"}],"wp:attachment":[{"href":"https:\/\/diariodominicano.com\/index.php?rest_route=%2Fwp%2Fv2%2Fmedia&parent=434626"}],"wp:term":[{"taxonomy":"category","embeddable":true,"href":"https:\/\/diariodominicano.com\/index.php?rest_route=%2Fwp%2Fv2%2Fcategories&post=434626"},{"taxonomy":"post_tag","embeddable":true,"href":"https:\/\/diariodominicano.com\/index.php?rest_route=%2Fwp%2Fv2%2Ftags&post=434626"}],"curies":[{"name":"wp","href":"https:\/\/api.w.org\/{rel}","templated":true}]}}