{"id":43448,"date":"2019-07-01T01:54:35","date_gmt":"2019-07-01T01:54:35","guid":{"rendered":"http:\/\/diariodominicano.ddns.net\/?p=43448"},"modified":"2019-07-01T01:54:35","modified_gmt":"2019-07-01T01:54:35","slug":"el-momento-de-abolir-las-carceles-de-ninos-migrantes-es-ahora","status":"publish","type":"post","link":"https:\/\/diariodominicano.com\/?p=43448","title":{"rendered":"El momento de abolir las c\u00e1rceles de ni\u00f1os migrantes es ahora"},"content":{"rendered":"<p><body><\/p>\n<p><strong>Amy Goodman y Denis Moynihan<\/strong><\/p>\n<\/p>\n<p>\u00bfQu\u00e9 vemos al mirar a un ni\u00f1o a los ojos? Hasta el lunes, cerca de 350 ni\u00f1os y ni\u00f1as migrantes permanec\u00edan alojados en condiciones inseguras y antihigi\u00e9nicas en un centro de detenci\u00f3n temporal de la Oficina de Aduanas y Protecci\u00f3n Fronteriza de Estados Unidos en Clint, Texas. Las pocas personas ajenas al organismo que pudieron ver a estos ni\u00f1os migrantes quedaron absolutamente devastadas. Frente a la indignaci\u00f3n nacional, el organismo mud\u00f3 a los j\u00f3venes a otros lugares, aunque al d\u00eda siguiente regres\u00f3 a cien de ellos a las mismas instalaciones. Quien parece conforme con esta pr\u00e1ctica de encarcelar a los ni\u00f1os y ni\u00f1as es el director interino de Inmigraci\u00f3n y Control de Aduanas, Mark Morgan, a quien el presidente Donald Trump acaba de convertir en el carcelero en jefe de estos j\u00f3venes al nombrarlo tambi\u00e9n director interino de la Oficina de Aduanas y Protecci\u00f3n Fronteriza. En enero de este a\u00f1o, Morgan le dijo al presentador de Fox News Tucker Carlson: \u00abMe acerqu\u00e9 a estos individuos a los que se llama ?menores?, de 17 a\u00f1os de edad o menos, y los he mirado. Los mir\u00e9 a los ojos y me dije: ?Estos son los que pronto ser\u00e1n miembros de la pandilla MS-13?\u00bb.<\/p>\n<\/p>\n<p>Son pocas las personas que logran tener acceso a estos ni\u00f1os y j\u00f3venes, por lo que resulta dif\u00edcil obtener informaci\u00f3n precisa sobre su bienestar. Warren Binford, profesora de derecho de la Universidad de Willamette, form\u00f3 parte del equipo jur\u00eddico que expuso las condiciones en Clint. Binford describi\u00f3 lo observado en una entrevista para Democracy Now!:<\/p>\n<\/p>\n<p>\u00abCuando llegamos all\u00ed el lunes por la ma\u00f1ana, inmediatamente nos dieron una lista que mostraba que hab\u00eda m\u00e1s de 350 ni\u00f1os y ni\u00f1as en estas instalaciones. Y entonces, al evaluar la lista, nos descorazon\u00f3 la cantidad de ni\u00f1os muy peque\u00f1os que hab\u00eda all\u00ed. Hab\u00eda m\u00e1s de cien ni\u00f1os peque\u00f1os retenidos all\u00ed. Inmediatamente les pedimos a los guardias que comenzaran a traer a los ni\u00f1os m\u00e1s peque\u00f1os y tambi\u00e9n a los ni\u00f1os que hab\u00edan estado all\u00ed por m\u00e1s tiempo. Vimos que hab\u00eda alrededor de media docena de madres adolescentes con sus beb\u00e9s, por lo que les pedimos a los guardias que tambi\u00e9n las trajeran\u00bb.<\/p>\n<\/p>\n<p>El equipo logr\u00f3 entrevistar a 60 de los ni\u00f1os. La abogada continu\u00f3: \u00abEstaban enfermos. Estaban tosiendo. Les goteaba la nariz. Estaban muy sucios. Inmediatamente comenzaron a describir el nivel de hambre que estaban sufriendo\u00bb. El horror se profundizaba en cada entrevista que hac\u00edan. \u00abDescubrimos que pr\u00e1cticamente nadie estaba cuidando a estos ni\u00f1os directamente, que estaban encerrados en estas celdas las 24 horas del d\u00eda. En muchas de esas celdas solo hay ba\u00f1os abiertos. No hay jab\u00f3n, no hay forma de lavarse las manos. Est\u00e1n siendo alimentados dentro de las celdas con las comidas procesadas instant\u00e1neas que les describ\u00ed antes. Y muchos de ellos se ven obligados a dormir directamente sobre el piso debido a la escasez de camas y colchonetas y espacio para dormir\u00bb. Los guardias les entregaron los ni\u00f1os peque\u00f1os a los ni\u00f1os mayores y les dijeron que los cuidaran.<\/p>\n<\/p>\n<p>Binford prosigui\u00f3 su relato: \u00abDespu\u00e9s del segundo d\u00eda de entrevistar a estos ni\u00f1os tuvimos una reuni\u00f3n urgente ?de alto nivel? en mi habitaci\u00f3n del hotel. Nos preguntamos qu\u00e9 \u00edbamos a hacer con esto, porque alguien iba a morir. Entonces, llamamos a los abogados que estaban a cargo de este caso, les describimos lo que hab\u00edamos visto y les preguntamos qu\u00e9 quer\u00edan que hici\u00e9ramos al respecto. Y, por primera vez en m\u00e1s de 20 a\u00f1os de hacer este tipo de visitas, nos dijeron que contact\u00e1ramos a los medios para poder sacar a los ni\u00f1os de estas instalaciones lo m\u00e1s r\u00e1pido posible\u00bb.<\/p>\n<\/p>\n<p>Clara Long, investigadora de la organizaci\u00f3n Human Rights Watch, tambi\u00e9n formaba parte del equipo. La investigadora relat\u00f3 para Democracy Now! el caso de una ni\u00f1a de 7 u 8 a\u00f1os de edad: \u00abLe dije: ?\u00bfCon qui\u00e9n cruzaste la frontera?? Y ella respondi\u00f3: ?Con mi t\u00eda?. Inmediatamente se puso a llorar tan fuerte que no pod\u00eda emitir palabra. Mientras intento calmarla, frot\u00e1ndole la espalda, veo que ten\u00eda un brazalete que ten\u00eda escrito con marcador permanente las palabras ?padre estadounidense? y un n\u00famero de tel\u00e9fono\u00bb.<\/p>\n<\/p>\n<p>Clara Long continu\u00f3: \u00abEst\u00e1 la sensaci\u00f3n de que no se permite usar tel\u00e9fonos en las instalaciones, pero en ese momento tanto yo como otros miembros del equipo simplemente decidimos, ?Al demonio. Vamos a comenzar a hacer llamadas telef\u00f3nicas?. Tom\u00e9 el tel\u00e9fono, marqu\u00e9 el n\u00famero y me comuniqu\u00e9 con su padre. \u00c9l no ten\u00eda idea de d\u00f3nde estaba retenida su hija\u00bb. Long afirma que hay muchos ni\u00f1os retenidos por la Oficina de Aduanas y Protecci\u00f3n Fronteriza que tienen padres y otros familiares que est\u00e1n en Estados Unidos legalmente.<\/p>\n<\/p>\n<p>El calvario de los migrantes y solicitantes de asilo qued\u00f3 al descubierto cuando el peri\u00f3dico mexicano La Jornada public\u00f3 la foto de un padre y su hija, salvadore\u00f1os, ahogados en el R\u00edo Grande; todav\u00eda se pod\u00eda ver el bracito de ella alrededor del cuello de su padre. Oscar Alberto Mart\u00ednez Ram\u00edrez, de 25 a\u00f1os de edad, y su hija Valeria, de 23 meses, fueron arrastrados por las aguas correntosas entre Matamoros, M\u00e9xico y Brownsville, Texas, tras haber sido rechazados en la frontera en su b\u00fasqueda de asilo legal.<\/p>\n<\/p>\n<p>Al responder una pregunta sobre la foto, Trump fue predecible y culp\u00f3 a los dem\u00f3cratas por su cat\u00e1strofe fronteriza. El sistema de detenci\u00f3n de inmigrantes creci\u00f3 dr\u00e1sticamente durante el gobierno de Obama, pero Trump lo expandi\u00f3 a\u00fan m\u00e1s y con un nivel de crueldad inaudito. Al menos seis ni\u00f1os han muerto mientras se encontraban detenidos por el Departamento de Seguridad Nacional de Trump. Antes de 2018, hab\u00eda pasado m\u00e1s de una d\u00e9cada desde que un ni\u00f1o hab\u00eda muerto bajo custodia de las autoridades de inmigraci\u00f3n de Estados Unidos.<\/p>\n<\/p>\n<p>Esta semana se realizaron los dos primeros debates de candidatos presidenciales dem\u00f3cratas. A menos de una hora de la ciudad que acogi\u00f3 los debates, Miami, en Homestead, Florida, m\u00e1s de 2.000 menores sin acompa\u00f1antes est\u00e1n encarcelados en un centro de detenci\u00f3n con fines de lucro administrado por la empresa Caliburn. El ex jefe de gabinete de Trump, el general John Kelly, forma parte de la junta directiva. Debatir sobre el destino de los ni\u00f1os migrantes encarcelados es importante, pero la crisis de vida o muerte a la que han sido sometidos exige una acci\u00f3n inmediata. Hay que abolir todas las c\u00e1rceles de ni\u00f1os migrantes ahora.<\/p>\n<\/p>\n<p>El momento de abolir las c\u00e1rceles de ni\u00f1os migrantes es ahora<\/p>\n<p>Columna28 DE JUNIO DE 2019<\/p>\n<p>Column default<\/p>\n<p>EscucheOtros formatos<\/p>\n<p>Estas noticias son patrocinadas por nuestra audiencia.<\/p>\n<p>DONAR<\/p>\n<p>TEMAS<\/p>\n<p>Derechos de los inmigrantes<\/p>\n<p>Inmigraci\u00f3n<\/p>\n<\/p>\n<p>\u00a9 2019 Amy Goodman<\/p>\n<\/p>\n<p>Traducci\u00f3n al espa\u00f1ol del texto en ingl\u00e9s: In\u00e9s Coira. Edici\u00f3n: Mar\u00eda Eva Blotta y Democracy Now! en espa\u00f1ol, spanish@democracynow.org<\/p>\n<\/p>\n<p>Amy Goodman es la conductora de Democracy Now!, un noticiero internacional que se emite diariamente en m\u00e1s de 800 emisoras de radio y televisi\u00f3n en ingl\u00e9s y en m\u00e1s de 450 en espa\u00f1ol. Es co-autora del libro \u00abLos que luchan contra el sistema: H\u00e9roes ordinarios en tiempos extraordinarios en Estados Unidos\u00bb, editado por Le Monde Diplomatique Cono Sur.<\/p>\n<\/p>\n<h6> 2019-07-01 01:54:35 <\/h6>\n<p><!--\n<link rel=\"stylesheet\" href=\"css\/bootstrap.min.css\">\n\n\n<ul class=\"pagination\">\n\t    \n\t\n\n<li >\n\t<a href='?page_no=635'>Previous<\/a>\n\t<\/li>\n\n\n       \n    \n\n<li><a href='?page_no=1'>1<\/a><\/li>\n\n\n\n<li><a href='?page_no=2'>2<\/a><\/li>\n\n\n\n<li><a>...<\/a><\/li>\n\n\n\n<li><a href='?page_no=634'>634<\/a><\/li>\n\n\n\n<li><a href='?page_no=635'>635<\/a><\/li>\n\n\n\n<li class='active'><a>636<\/a><\/li>\n\n\n\n<li><a href='?page_no=637'>637<\/a><\/li>\n\n\n\n<li><a href='?page_no=638'>638<\/a><\/li>\n\n\n\n<li><a>...<\/a><\/li>\n\n\n\n<li><a href='?page_no=13611'>13611<\/a><\/li>\n\n\n\n<li><a href='?page_no=13612'>13612<\/a><\/li>\n\n    \n\t\n\n<li >\n\t<a href='?page_no=637'>Next<\/a>\n\t<\/li>\n\n\n    \n\n<li><a href='?page_no=13612'>Last &rsaquo;&rsaquo;<\/a><\/li>\n\n<\/ul>\n\n\n--><br \/>\n<\/body><\/p>\n","protected":false},"excerpt":{"rendered":"<p>Amy Goodman y Denis Moynihan \u00bfQu\u00e9 vemos al mirar a un ni\u00f1o a los ojos? Hasta el lunes, cerca de 350 ni\u00f1os y ni\u00f1as migrantes permanec\u00edan alojados en condiciones inseguras y antihigi\u00e9nicas en un centro de detenci\u00f3n temporal de la Oficina de Aduanas y Protecci\u00f3n Fronteriza de Estados Unidos en Clint, Texas. Las pocas personas [&hellip;]<\/p>\n","protected":false},"author":3,"featured_media":0,"comment_status":"open","ping_status":"open","sticky":false,"template":"","format":"standard","meta":{"footnotes":""},"categories":[16],"tags":[],"class_list":["post-43448","post","type-post","status-publish","format-standard","hentry","category-opiniones"],"_links":{"self":[{"href":"https:\/\/diariodominicano.com\/index.php?rest_route=\/wp\/v2\/posts\/43448","targetHints":{"allow":["GET"]}}],"collection":[{"href":"https:\/\/diariodominicano.com\/index.php?rest_route=\/wp\/v2\/posts"}],"about":[{"href":"https:\/\/diariodominicano.com\/index.php?rest_route=\/wp\/v2\/types\/post"}],"author":[{"embeddable":true,"href":"https:\/\/diariodominicano.com\/index.php?rest_route=\/wp\/v2\/users\/3"}],"replies":[{"embeddable":true,"href":"https:\/\/diariodominicano.com\/index.php?rest_route=%2Fwp%2Fv2%2Fcomments&post=43448"}],"version-history":[{"count":0,"href":"https:\/\/diariodominicano.com\/index.php?rest_route=\/wp\/v2\/posts\/43448\/revisions"}],"wp:attachment":[{"href":"https:\/\/diariodominicano.com\/index.php?rest_route=%2Fwp%2Fv2%2Fmedia&parent=43448"}],"wp:term":[{"taxonomy":"category","embeddable":true,"href":"https:\/\/diariodominicano.com\/index.php?rest_route=%2Fwp%2Fv2%2Fcategories&post=43448"},{"taxonomy":"post_tag","embeddable":true,"href":"https:\/\/diariodominicano.com\/index.php?rest_route=%2Fwp%2Fv2%2Ftags&post=43448"}],"curies":[{"name":"wp","href":"https:\/\/api.w.org\/{rel}","templated":true}]}}