{"id":434468,"date":"2023-04-24T15:36:28","date_gmt":"2023-04-24T19:36:28","guid":{"rendered":"http:\/\/diariodominicano.com\/?p=434468"},"modified":"2023-04-24T15:36:28","modified_gmt":"2023-04-24T19:36:28","slug":"condenan-a-20-anos-de-prision-a-cuatro-colombianos-apresados-con-275-25-kilogramos-de-drogas-en-punta-caucedo","status":"publish","type":"post","link":"https:\/\/diariodominicano.com\/?p=434468","title":{"rendered":"Condenan a 20 a\u00f1os de prisi\u00f3n a cuatro colombianos apresados con 275.25 kilogramos de drogas en Punta Caucedo"},"content":{"rendered":"\n<p>SANTO DOMINGO ESTE, Rep\u00fablica Dominicana.- La Fiscal\u00eda de Santo Domingo Este y Norte obtuvo condenas de 20 a\u00f1os de prisi\u00f3n para cada uno de cuatro colombianos que fueron atrapados en una embarcaci\u00f3n en la que transportaban 264 paquetes de coca\u00edna, con un peso de 275.25 kilogramos, en un hecho registrado en el a\u00f1o 2020, en Punta Caucedo, Boca Chica.\u00a0<\/p>\n\n\n\n<p>El Segundo Tribunal Colegiado, integrado por la jueza Ariela Cedano (presidenta), Yury Cuevas y Josefina Ubiera (miembros), dict\u00f3 la sentencia a Hendris Yohannis P\u00e9rez Cuevas, Jazel de Jes\u00fas Hern\u00e1ndez Mart\u00ednez, Norber Reyna Boya y Osman David \u00c1lvarez \u00c1lvarez, quienes deber\u00e1n cumplir la sentencia en el Centro de Correcci\u00f3n y Rehabilitaci\u00f3n Najayo Hombres, en la provincia San Crist\u00f3bal.&nbsp;<\/p>\n\n\n\n<p>El expediente instrumentado por el fiscal investigador Henry Arias, establece que la droga fue ocupada tras una ardua operaci\u00f3n, realizada en altamar, bajo la coordinaci\u00f3n del Ministerio P\u00fablico, conjuntamente con la Fuerza A\u00e9rea Dominicana (FARD) y la Direcci\u00f3n Nacional de Control de Drogas (DNCD).&nbsp;<\/p>\n\n\n\n<p>Detalla que mientras navegaban en una embarcaci\u00f3n tipo pesquera, por Punta Caucedo, fueron interceptados el 13 de marzo de 2020, aproximadamente a las 1:15 de la madrugada. Posteriormente, la embarcaci\u00f3n fue trasladada al Puerto Sans Souci, para ser registrada.&nbsp;<\/p>\n\n\n\n<p>Tras la requisa, les fueron ocupados 10 sacos de nylon y una funda negra que conten\u00eda en su interior el total de 264 paquetes de un polvo blanco que luego de ser analizados por el Instituto Nacional de Ciencias Forenses (Inacif), result\u00f3 ser coca\u00edna clorhidratada, y la suma de 720 mil pesos colombianos, as\u00ed como diferentes objetos personales, quedando detenidos en flagrante delito.&nbsp;<\/p>\n\n\n\n<p>En el juicio, el fiscal litigante Ignacio Rojas demostr\u00f3 con suficientes elementos probatorios que los cuatro encartados son culpables de traficar de manera internacional con drogas y sustancias controladas, previsto y sancionado por los art\u00edculos 5, letra A; 4, letra D; 28, 58, p\u00e1rrafos 59, p\u00e1rrafo I, 60, 75, p\u00e1rrafo II, y 85, letra (A, B y C), de la Ley No. 50-88, sobre Drogas y Sustancias Controladas.&nbsp;<\/p>\n\n\n\n<p>Direcci\u00f3n General de Comunicaci\u00f3n, Prensa, y RRPP<\/p>\n\n\n\n<p>Ministerio P\u00fablico.&nbsp;R.D.<\/p>\n\n\n\n<p>Lunes, 24 de abril de 2023&#8230;.<\/p>\n","protected":false},"excerpt":{"rendered":"<p>SANTO DOMINGO ESTE, Rep\u00fablica Dominicana.- La Fiscal\u00eda de Santo Domingo Este y Norte obtuvo condenas de 20 a\u00f1os de prisi\u00f3n para cada uno de cuatro colombianos que fueron atrapados en una embarcaci\u00f3n en la que transportaban 264 paquetes de coca\u00edna, con un peso de 275.25 kilogramos, en un hecho registrado en el a\u00f1o 2020, en [&hellip;]<\/p>\n","protected":false},"author":28,"featured_media":368341,"comment_status":"closed","ping_status":"","sticky":true,"template":"","format":"standard","meta":{"footnotes":""},"categories":[24,29,27],"tags":[],"class_list":["post-434468","post","type-post","status-publish","format-standard","has-post-thumbnail","hentry","category-justicia-y-derecho","category-policiasucesos","category-portada"],"_links":{"self":[{"href":"https:\/\/diariodominicano.com\/index.php?rest_route=\/wp\/v2\/posts\/434468","targetHints":{"allow":["GET"]}}],"collection":[{"href":"https:\/\/diariodominicano.com\/index.php?rest_route=\/wp\/v2\/posts"}],"about":[{"href":"https:\/\/diariodominicano.com\/index.php?rest_route=\/wp\/v2\/types\/post"}],"author":[{"embeddable":true,"href":"https:\/\/diariodominicano.com\/index.php?rest_route=\/wp\/v2\/users\/28"}],"replies":[{"embeddable":true,"href":"https:\/\/diariodominicano.com\/index.php?rest_route=%2Fwp%2Fv2%2Fcomments&post=434468"}],"version-history":[{"count":1,"href":"https:\/\/diariodominicano.com\/index.php?rest_route=\/wp\/v2\/posts\/434468\/revisions"}],"predecessor-version":[{"id":434469,"href":"https:\/\/diariodominicano.com\/index.php?rest_route=\/wp\/v2\/posts\/434468\/revisions\/434469"}],"wp:featuredmedia":[{"embeddable":true,"href":"https:\/\/diariodominicano.com\/index.php?rest_route=\/wp\/v2\/media\/368341"}],"wp:attachment":[{"href":"https:\/\/diariodominicano.com\/index.php?rest_route=%2Fwp%2Fv2%2Fmedia&parent=434468"}],"wp:term":[{"taxonomy":"category","embeddable":true,"href":"https:\/\/diariodominicano.com\/index.php?rest_route=%2Fwp%2Fv2%2Fcategories&post=434468"},{"taxonomy":"post_tag","embeddable":true,"href":"https:\/\/diariodominicano.com\/index.php?rest_route=%2Fwp%2Fv2%2Ftags&post=434468"}],"curies":[{"name":"wp","href":"https:\/\/api.w.org\/{rel}","templated":true}]}}