{"id":434412,"date":"2023-04-24T14:16:09","date_gmt":"2023-04-24T18:16:09","guid":{"rendered":"http:\/\/diariodominicano.com\/?p=434412"},"modified":"2023-04-24T14:16:51","modified_gmt":"2023-04-24T18:16:51","slug":"policia-nacional-apresa-tres-hombres-uno-por-porte-ilegal-de-arma-de-fuego","status":"publish","type":"post","link":"https:\/\/diariodominicano.com\/?p=434412","title":{"rendered":"Polic\u00eda Nacional apresa tres hombres, uno por porte ilegal de arma de fuego"},"content":{"rendered":"\n<p><strong>Tambi\u00e9n inform\u00f3 \u00a0son investigados con relaci\u00f3n a varias denuncias por despojo de pertenencias a ciudadanos en la v\u00eda\u00a0\u00a0p\u00fablica.<\/strong><\/p>\n\n\n\n<p><strong>Santiago RD, 24 de Abril 2023.-<\/strong>&nbsp;Durante intervenciones&nbsp;&nbsp;realizadas en diferentes sectores de esta ciudad por agentes preventivos,&nbsp;&nbsp;de investigaci\u00f3n y la Unidad de Acci\u00f3n R\u00e1pida, apresaron tres hombres quienes fueron sorprendidos en actitud sospechosa, en el sector Los Ciruelitos, ocup\u00e1ndole a uno de estos una arma de fuego ilegal.<\/p>\n\n\n\n<p>Los detenidos son Justin Manuel Ram\u00edrez L\u00f3pez,&nbsp;&nbsp;Alberlin Rodr\u00edguez P\u00e9rez (a) El Soco y Malvin Tav\u00e1rez Jim\u00e9nez, apodado El Flaco, quienes se encontraban parados&nbsp;&nbsp;al lado del carro marca Kia, modelo K5, color blanco, propiedad del primero en menci\u00f3n, en el referido sector.<\/p>\n\n\n\n<p>De acuerdo al reporte de los agentes Ram\u00edrez L\u00f3pez al notar la presencia policial emprendi\u00f3 la huida por un callej\u00f3n pr\u00f3ximo al lugar, donde posteriormente fue detenido, ocup\u00e1ndole&nbsp;&nbsp;la pistola marca y numeraci\u00f3n ilegible, calibre 9 mil\u00edmetros, con un cargador y tres c\u00e1psulas, portada sin ning\u00fan tipo de documentos.<\/p>\n\n\n\n<p>Los detenidos&nbsp;&nbsp;son se\u00f1alados por ciudadanos como desaprensivos dedicados a despojar personas de sus&nbsp;&nbsp;pertenec\u00edas y motocicletas en la v\u00eda p\u00fablica, por lo que la instituci\u00f3n del orden profundizar\u00e1 las investigaciones con relaci\u00f3n a las denuncias,&nbsp;&nbsp;para esclarecer dichas actividades il\u00edcitas.<\/p>\n\n\n\n<p>Los detenidos en las pr\u00f3ximas horas ser\u00e1n puestos a disposici\u00f3n\u00a0\u00a0de la justicia para los fines correspondientes de ley.<\/p>\n\n\n\n<p>policia nacional<a rel=\"noreferrer noopener\" target=\"_blank\" href=\"mailto:npolicia14@gmail.com\">npolicia14@gmail.com<\/a><\/p>\n\n\n\n<p><strong>SUBDIRECCI\u00d3N DE COMUNICACIONES ESTRAT\u00c9GICAS DIRECCI\u00d3N REGIONAL CIBAO CENTRAL, P.N.<\/strong><\/p>\n","protected":false},"excerpt":{"rendered":"<p>Tambi\u00e9n inform\u00f3 \u00a0son investigados con relaci\u00f3n a varias denuncias por despojo de pertenencias a ciudadanos en la v\u00eda\u00a0\u00a0p\u00fablica. Santiago RD, 24 de Abril 2023.-&nbsp;Durante intervenciones&nbsp;&nbsp;realizadas en diferentes sectores de esta ciudad por agentes preventivos,&nbsp;&nbsp;de investigaci\u00f3n y la Unidad de Acci\u00f3n R\u00e1pida, apresaron tres hombres quienes fueron sorprendidos en actitud sospechosa, en el sector Los Ciruelitos, [&hellip;]<\/p>\n","protected":false},"author":28,"featured_media":434413,"comment_status":"closed","ping_status":"","sticky":true,"template":"","format":"standard","meta":{"footnotes":""},"categories":[29,27],"tags":[],"class_list":["post-434412","post","type-post","status-publish","format-standard","has-post-thumbnail","hentry","category-policiasucesos","category-portada"],"_links":{"self":[{"href":"https:\/\/diariodominicano.com\/index.php?rest_route=\/wp\/v2\/posts\/434412","targetHints":{"allow":["GET"]}}],"collection":[{"href":"https:\/\/diariodominicano.com\/index.php?rest_route=\/wp\/v2\/posts"}],"about":[{"href":"https:\/\/diariodominicano.com\/index.php?rest_route=\/wp\/v2\/types\/post"}],"author":[{"embeddable":true,"href":"https:\/\/diariodominicano.com\/index.php?rest_route=\/wp\/v2\/users\/28"}],"replies":[{"embeddable":true,"href":"https:\/\/diariodominicano.com\/index.php?rest_route=%2Fwp%2Fv2%2Fcomments&post=434412"}],"version-history":[{"count":2,"href":"https:\/\/diariodominicano.com\/index.php?rest_route=\/wp\/v2\/posts\/434412\/revisions"}],"predecessor-version":[{"id":434415,"href":"https:\/\/diariodominicano.com\/index.php?rest_route=\/wp\/v2\/posts\/434412\/revisions\/434415"}],"wp:featuredmedia":[{"embeddable":true,"href":"https:\/\/diariodominicano.com\/index.php?rest_route=\/wp\/v2\/media\/434413"}],"wp:attachment":[{"href":"https:\/\/diariodominicano.com\/index.php?rest_route=%2Fwp%2Fv2%2Fmedia&parent=434412"}],"wp:term":[{"taxonomy":"category","embeddable":true,"href":"https:\/\/diariodominicano.com\/index.php?rest_route=%2Fwp%2Fv2%2Fcategories&post=434412"},{"taxonomy":"post_tag","embeddable":true,"href":"https:\/\/diariodominicano.com\/index.php?rest_route=%2Fwp%2Fv2%2Ftags&post=434412"}],"curies":[{"name":"wp","href":"https:\/\/api.w.org\/{rel}","templated":true}]}}