{"id":43437,"date":"2019-07-01T01:59:59","date_gmt":"2019-07-01T01:59:59","guid":{"rendered":"http:\/\/diariodominicano.ddns.net\/?p=43437"},"modified":"2019-07-01T01:59:59","modified_gmt":"2019-07-01T01:59:59","slug":"presidente-el-pais-espera-por-ud","status":"publish","type":"post","link":"https:\/\/diariodominicano.com\/?p=43437","title":{"rendered":"\u00a1Presidente, el pa\u00eds espera por Ud.!"},"content":{"rendered":"<p><body><\/p>\n<p>Franklin Almeyda Rancier <\/p>\n<\/p>\n<p>Cuando el Presidente autoriz\u00f3 ocupar, con tropas militares y policiales el Congreso, no se esperaba, porque no hab\u00eda ning\u00fan peligro a la seguridad de los poderes del Estado, ni amenaza terrorista y mucho menos indicaciones de secuestro contra los legisladores.<\/p>\n<\/p>\n<p>Se trataba de una vigilia de j\u00f3venes, artistas, poetas y bohemios, que previamente solicitaron autorizaci\u00f3n a la alcald\u00eda para instalar una carpa en \u00e1reas p\u00fablicas, lo que le fue concedido, para ejercer pac\u00edficamente su derecho constitucional de protestar.<\/p>\n<\/p>\n<p>La ocupaci\u00f3n produjo sorpresa en el pa\u00eds y en la comunidad internacional. La respuesta ofrecida por los dos presidentes de sus respectivos hemiciclos, fue que ellos solicitaron las fuerzas militares y policiales para evitar que las instalaciones del Congreso fueran tomadas por los manifestantes.<\/p>\n<\/p>\n<p>Ellos dos no tienen atribuciones constitucional para mover las Fuerzas Armadas. Sus argumentos nadie se los crey\u00f3.<\/p>\n<\/p>\n<p>Lo que se ha visto es un atropello al manejo del Estado. Es una praxis relacionada a aquello de que en pol\u00edtica se hace lo que conviene, o a lo dicho por un diputado danilista de que \u00abel poder es el poder y el poder no se desaf\u00eda\u00bb y \u00abque se sabe c\u00f3mo se aprueba la reforma constitucional, porque no estamos en Suiza\u00bb.<\/p>\n<\/p>\n<p>Superar esas expresiones, propias de una sociedad de capitalismo tard\u00edo, es necesario. Consolidar el Estado y sus instituciones, es un reto para el PLD; es una de sus razones fundacionales.<\/p>\n<\/p>\n<p>La democracia est\u00e1 secuestrada por un estilo regresivo. Liberarla supone hacer valer las normas constitucionales que la definen y regulan.<\/p>\n<\/p>\n<p>Ha habido un exceso y el Presidente debe echar hacia atr\u00e1s esa ocupaci\u00f3n. Se debe saber que las decisiones que adopte el Congreso, ocupado militarmente, estar\u00edan viciadas en el consentimiento de los legisladores, por lo que ser\u00edan nulas de pleno derecho. Los bloques de legisladores que han solicitado el retiro, pueden hacer reserva de derechos para recurrir ante organismos multilaterales internacionales y requerir respeto a las normas de convivencia democr\u00e1tica y de garant\u00edas de los derechos. Si el prop\u00f3sito fue demostrar que \u00abel poder es el poder\u00bb, para debilitar la fortaleza de los m\u00e1s civilistas, no se logr\u00f3. El Dr. Leonel Fern\u00e1ndez ha dicho y demostrado que su liderazgo se ha templado.<\/p>\n<\/p>\n<p>Los desgarramientos al sistema democr\u00e1tico y a la seguridad jur\u00eddica, est\u00e1n marcando al pa\u00eds. Si bien sectores econ\u00f3micos se acomodan a los beneficios que desde el poder pol\u00edtico se les est\u00e1n concediendo, los resultados finales pueden tener alcances imprevisibles.<\/p>\n<\/p>\n<p>El Presidente tiene la decisi\u00f3n \u00fanica a tomar. Lo que origina tantos desafueros es que no se acoge al mandato constitucional que le inhabilita para repostularse. Insistir aunque no puede \u00abporque no estamos en Suiza\u00bb, ser\u00e1 terminar en un ambiente inmanejable y de desobediencia civil, que sacar\u00eda al PLD del poder.<\/p>\n<\/p>\n<p>Entre sus cercanos se repite que la Vig\u00e9sima Transitoria viola su derecho a ser elegido. Eso es ignorar que, por no tener la edad requerida de los 30 a\u00f1os, la Constituci\u00f3n tambi\u00e9n limita la postulaci\u00f3n a Presidente al 30.1% de la poblaci\u00f3n electoral (2 millones 250 mil). Presidente Medina: aprendimos del profesor Bosch a valorar el Estado y sus instituciones, normado por la Carta Magna. Aproveche esta fecha y haga saber su respeto a la disposici\u00f3n constitucional que lo inhabilita y ordene la desocupaci\u00f3n militar del Congreso.<\/p>\n<\/p>\n<p><strong>El autor es miembro del CP del PLD, ex Ministro de Interior y ex Rector de la UASD.<\/strong><\/p>\n<\/p>\n<h6> 2019-07-01 01:59:59 <\/h6>\n<p><!--\n<link rel=\"stylesheet\" href=\"css\/bootstrap.min.css\">\n\n\n<ul class=\"pagination\">\n\t    \n\t\n\n<li >\n\t<a href='?page_no=634'>Previous<\/a>\n\t<\/li>\n\n\n       \n    \n\n<li><a href='?page_no=1'>1<\/a><\/li>\n\n\n\n<li><a href='?page_no=2'>2<\/a><\/li>\n\n\n\n<li><a>...<\/a><\/li>\n\n\n\n<li><a href='?page_no=633'>633<\/a><\/li>\n\n\n\n<li><a href='?page_no=634'>634<\/a><\/li>\n\n\n\n<li class='active'><a>635<\/a><\/li>\n\n\n\n<li><a href='?page_no=636'>636<\/a><\/li>\n\n\n\n<li><a href='?page_no=637'>637<\/a><\/li>\n\n\n\n<li><a>...<\/a><\/li>\n\n\n\n<li><a href='?page_no=13611'>13611<\/a><\/li>\n\n\n\n<li><a href='?page_no=13612'>13612<\/a><\/li>\n\n    \n\t\n\n<li >\n\t<a href='?page_no=636'>Next<\/a>\n\t<\/li>\n\n\n    \n\n<li><a href='?page_no=13612'>Last &rsaquo;&rsaquo;<\/a><\/li>\n\n<\/ul>\n\n\n--><br \/>\n<\/body><\/p>\n","protected":false},"excerpt":{"rendered":"<p>Franklin Almeyda Rancier Cuando el Presidente autoriz\u00f3 ocupar, con tropas militares y policiales el Congreso, no se esperaba, porque no hab\u00eda ning\u00fan peligro a la seguridad de los poderes del Estado, ni amenaza terrorista y mucho menos indicaciones de secuestro contra los legisladores. Se trataba de una vigilia de j\u00f3venes, artistas, poetas y bohemios, que [&hellip;]<\/p>\n","protected":false},"author":3,"featured_media":0,"comment_status":"open","ping_status":"open","sticky":false,"template":"","format":"standard","meta":{"footnotes":""},"categories":[16],"tags":[],"class_list":["post-43437","post","type-post","status-publish","format-standard","hentry","category-opiniones"],"_links":{"self":[{"href":"https:\/\/diariodominicano.com\/index.php?rest_route=\/wp\/v2\/posts\/43437","targetHints":{"allow":["GET"]}}],"collection":[{"href":"https:\/\/diariodominicano.com\/index.php?rest_route=\/wp\/v2\/posts"}],"about":[{"href":"https:\/\/diariodominicano.com\/index.php?rest_route=\/wp\/v2\/types\/post"}],"author":[{"embeddable":true,"href":"https:\/\/diariodominicano.com\/index.php?rest_route=\/wp\/v2\/users\/3"}],"replies":[{"embeddable":true,"href":"https:\/\/diariodominicano.com\/index.php?rest_route=%2Fwp%2Fv2%2Fcomments&post=43437"}],"version-history":[{"count":0,"href":"https:\/\/diariodominicano.com\/index.php?rest_route=\/wp\/v2\/posts\/43437\/revisions"}],"wp:attachment":[{"href":"https:\/\/diariodominicano.com\/index.php?rest_route=%2Fwp%2Fv2%2Fmedia&parent=43437"}],"wp:term":[{"taxonomy":"category","embeddable":true,"href":"https:\/\/diariodominicano.com\/index.php?rest_route=%2Fwp%2Fv2%2Fcategories&post=43437"},{"taxonomy":"post_tag","embeddable":true,"href":"https:\/\/diariodominicano.com\/index.php?rest_route=%2Fwp%2Fv2%2Ftags&post=43437"}],"curies":[{"name":"wp","href":"https:\/\/api.w.org\/{rel}","templated":true}]}}