{"id":434197,"date":"2023-04-23T19:30:54","date_gmt":"2023-04-23T23:30:54","guid":{"rendered":"http:\/\/diariodominicano.com\/?p=434197"},"modified":"2023-04-23T19:31:18","modified_gmt":"2023-04-23T23:31:18","slug":"consternada-comunidad-de-manzanillo-solicita-de-las-autoridades-mayores-acciones-para-localizar-a-madre-soltera-desaparecida","status":"publish","type":"post","link":"https:\/\/diariodominicano.com\/?p=434197","title":{"rendered":"Consternada: Comunidad de Manzanillo solicita de las autoridades mayores acciones para localizar a madre soltera desaparecida"},"content":{"rendered":"\n<p> Ana Luisa Valdez Tatis <\/p>\n\n\n\n<p><strong>Manzanillo,<\/strong><strong>23 de abril de 2023&nbsp;&#8211;<\/strong>&nbsp;La comunidad de Manzanillo se encuentra en un estado de consternaci\u00f3n ante la desaparici\u00f3n desde hace seis d\u00edas de Ana Luisa Valdez Tatis,&nbsp;una empleada ejemplar del Centro de Salud Pepillo Salcedo de Manzanillo, madre soltera&nbsp;de 42 a\u00f1os,&nbsp;&nbsp;responsable con sus hijos, y trabajadora incansable en otros \u00e1mbitos, razones por las cuales sus familiares y la comunidad est\u00e1n solicitando a las autoridades correspondientes una mayor colaboraci\u00f3n y acciones m\u00e1s efectivas que permitan localizar sana y salva a la desaparecida y de esa manera devolver la tranquilidad a su familia&nbsp;&nbsp;y a la comunidad en este momento dif\u00edcil.<\/p>\n\n\n\n<figure class=\"wp-block-image size-full\"><img loading=\"lazy\" decoding=\"async\" width=\"764\" height=\"960\" src=\"https:\/\/diariodominicano.com\/wp-content\/uploads\/2023\/04\/New-Picture-5.png\" alt=\"\" class=\"wp-image-434200\" srcset=\"https:\/\/diariodominicano.com\/wp-content\/uploads\/2023\/04\/New-Picture-5.png 764w, https:\/\/diariodominicano.com\/wp-content\/uploads\/2023\/04\/New-Picture-5-239x300.png 239w\" sizes=\"auto, (max-width: 764px) 100vw, 764px\" \/><\/figure>\n\n\n\n<p>En medio de la desesperaci\u00f3n y la incertidumbre que embarga a la familia, su hijo Alexander Taveras, conocido como \u00abNegro\u00bb, revelo que su madre&nbsp;sali\u00f3 a hacer una diligencia el pasado 18 de abril y desde entonces no se sabe de su paradero&nbsp;por lo que est\u00e1 haciendo un llamado a las autoridades para que intensifiquen la b\u00fasqueda y se esclarezca lo sucedido.<\/p>\n\n\n\n<p>Agrega que \u00abYa han pasado 6 d\u00edas y mi mam\u00e1 nada de aparecer, y no nos dan informaci\u00f3n de nada, no nos dicen si est\u00e1n resolviendo, nada de nada. Yo le hago un llamado a las autoridades que por favor hagan algo ya que nos han dejado solos\u00bb.<\/p>\n\n\n\n<p>Versiones sin confirmar, aseguran&nbsp;haber visto a Ana Luisa en Dajab\u00f3n, lo que ha aumentado la incertidumbre en torno a su paradero.<\/p>\n\n\n\n<p>Asimismo, personas consultadas de la comunidad han mencionado que&nbsp;supuestamente&nbsp;Ana Luisa recib\u00eda amenazas de muerte desde hace aproximadamente tres a\u00f1os, por lo que han instado a las autoridades a profundizar en las investigaciones y a tomar medidas urgentes para garantizar la seguridad&nbsp;de la desaparecida.<\/p>\n\n\n\n<p>En particular, han solicitado que se averig\u00fce con qui\u00e9n se comunic\u00f3 la desaparecida mujer en las horas previas a su desaparici\u00f3n, si realiz\u00f3 alg\u00fan retiro bancario y, sobre todo, cu\u00e1l ha sido el paradero de la yipeta que fue identificada por las c\u00e1maras de seguridad en la comunidad de Copey.<\/p>\n\n\n\n<p>En ese sentido,&nbsp;La Federaci\u00f3n de Juntas de Vecinos de Pepillo&nbsp;Salcedo, La&nbsp;Federaci\u00f3n de Juntas de Vecinos de Pepillo Salcedo se ha unido al llamado de la familia y ha convocado a toda la comunidad a aunar esfuerzos para la pronta localizaci\u00f3n de Ana Luisa. \u00abContamos con la ayuda de cada uno de ustedes\u00bb, se lee en un comunicado emitido por la organizaci\u00f3n.<\/p>\n\n\n\n<p>Igualmente, en su llamado a&nbsp;la colaboraci\u00f3n ciudadana y al trabajo conjunto para encontrarla cuanto antes&nbsp;destaca que&nbsp;\u201cCualquier informaci\u00f3n que pueda ayudar a encontrar a Ana Luisa es valiosa. Pedimos a cualquier persona que tenga informaci\u00f3n relevante que se comunique con las autoridades para ayudar a resolver este caso\u00bb, enfatiz\u00f3.<\/p>\n\n\n\n<p>As\u00ed mismo, en las redes sociales como Facebook existe una amplia campa\u00f1a de miembros de la comunidad de Manzanillo solicitando la integraci\u00f3n y la colaboraci\u00f3n ciudadana para trabajar y apoyar la b\u00fasqueda de la madre desaparecida.<\/p>\n\n\n\n<p>Destacan los mensajes que \u00abSus amigos, familiares y otros seres queridos manifiestan su preocupaci\u00f3n y desesperaci\u00f3n por dar con su paradero&nbsp;ya que, en momentos&nbsp;como este, es importante recordar que la unidad y la solidaridad son fundamentales para hacer frente a las situaciones dif\u00edciles. La comunidad de Manzanillo est\u00e1 unida en su b\u00fasqueda de Ana Luisa y en su lucha por hacer de su comunidad un lugar m\u00e1s seguro y justo para todos\u00bb.<\/p>\n\n\n\n<p>En momentos como este, es importante recordar que la unidad y la solidaridad son fundamentales para hacer frente a las situaciones dif\u00edciles. La comunidad de Manzanillo est\u00e1 unida en su b\u00fasqueda de Ana Luisa y en su lucha por hacer de su comunidad un lugar m\u00e1s justo para todos.<\/p>\n\n\n\n<p>Bahia Fronteriza<a target=\"_blank\" href=\"mailto:bahiafronteriza@gmail.com\" rel=\"noreferrer noopener\">bahiafronteriza@gmail.com<\/a><\/p>\n","protected":false},"excerpt":{"rendered":"<p>Ana Luisa Valdez Tatis Manzanillo,23 de abril de 2023&nbsp;&#8211;&nbsp;La comunidad de Manzanillo se encuentra en un estado de consternaci\u00f3n ante la desaparici\u00f3n desde hace seis d\u00edas de Ana Luisa Valdez Tatis,&nbsp;una empleada ejemplar del Centro de Salud Pepillo Salcedo de Manzanillo, madre soltera&nbsp;de 42 a\u00f1os,&nbsp;&nbsp;responsable con sus hijos, y trabajadora incansable en otros \u00e1mbitos, razones [&hellip;]<\/p>\n","protected":false},"author":28,"featured_media":434198,"comment_status":"closed","ping_status":"","sticky":true,"template":"","format":"standard","meta":{"footnotes":""},"categories":[20,29,27],"tags":[],"class_list":["post-434197","post","type-post","status-publish","format-standard","has-post-thumbnail","hentry","category-dominicana-hoy","category-policiasucesos","category-portada"],"_links":{"self":[{"href":"https:\/\/diariodominicano.com\/index.php?rest_route=\/wp\/v2\/posts\/434197","targetHints":{"allow":["GET"]}}],"collection":[{"href":"https:\/\/diariodominicano.com\/index.php?rest_route=\/wp\/v2\/posts"}],"about":[{"href":"https:\/\/diariodominicano.com\/index.php?rest_route=\/wp\/v2\/types\/post"}],"author":[{"embeddable":true,"href":"https:\/\/diariodominicano.com\/index.php?rest_route=\/wp\/v2\/users\/28"}],"replies":[{"embeddable":true,"href":"https:\/\/diariodominicano.com\/index.php?rest_route=%2Fwp%2Fv2%2Fcomments&post=434197"}],"version-history":[{"count":2,"href":"https:\/\/diariodominicano.com\/index.php?rest_route=\/wp\/v2\/posts\/434197\/revisions"}],"predecessor-version":[{"id":434201,"href":"https:\/\/diariodominicano.com\/index.php?rest_route=\/wp\/v2\/posts\/434197\/revisions\/434201"}],"wp:featuredmedia":[{"embeddable":true,"href":"https:\/\/diariodominicano.com\/index.php?rest_route=\/wp\/v2\/media\/434198"}],"wp:attachment":[{"href":"https:\/\/diariodominicano.com\/index.php?rest_route=%2Fwp%2Fv2%2Fmedia&parent=434197"}],"wp:term":[{"taxonomy":"category","embeddable":true,"href":"https:\/\/diariodominicano.com\/index.php?rest_route=%2Fwp%2Fv2%2Fcategories&post=434197"},{"taxonomy":"post_tag","embeddable":true,"href":"https:\/\/diariodominicano.com\/index.php?rest_route=%2Fwp%2Fv2%2Ftags&post=434197"}],"curies":[{"name":"wp","href":"https:\/\/api.w.org\/{rel}","templated":true}]}}