{"id":43415,"date":"2019-07-03T19:54:12","date_gmt":"2019-07-03T19:54:12","guid":{"rendered":"http:\/\/diariodominicano.ddns.net\/?p=43415"},"modified":"2019-07-03T19:54:12","modified_gmt":"2019-07-03T19:54:12","slug":"por-que-el-presidente-medina-no-habla","status":"publish","type":"post","link":"https:\/\/diariodominicano.com\/?p=43415","title":{"rendered":"\u00bfPor qu\u00e9 el presidente Medina no habla?"},"content":{"rendered":"<p><body><\/p>\n<p>Nelson Encarnaci\u00f3n <\/p>\n<\/p>\n<p>La necesidad de que el presidente Danilo Medina le hable peri\u00f3dicamente al pa\u00eds ha sido un clamor reiterativo de los distintos sectores de la sociedad dominicana desde el principio mismo de su administraci\u00f3n en agosto de 2012.<\/p>\n<\/p>\n<p>Pero el presidente Medina ha hecho del silencio una costumbre a la que los gobernados han tenido que acostumbrarse, pues resulta dif\u00edcil que vaya a cambiar, ya que al jefe del Estado se le pude aplicar, perfectamente, el viejo adagio conforme al cual \u00abgenio y figura, hasta la sepultura\u00bb.<\/p>\n<\/p>\n<p>El gobernante ha entendido que no tiene porqu\u00e9 comunicarse con los ciudadanos peri\u00f3dicamente y s\u00f3lo cumple con el requisito constitucional de presentar las memorias del Gobierno cada a\u00f1o, lo cual hace el 27 de febrero ante la reuni\u00f3n conjunta de las C\u00e1maras Legislativas.<\/p>\n<\/p>\n<p>Y en las muy contadas oportunidades en que la prensa puede abordarle se despacha con monos\u00edlabos.<\/p>\n<\/p>\n<p>Sin embargo, el presidente de la Rep\u00fablica tiene que saber que si bien \u00e9l quiere manejarse con un estilo diferente a los dem\u00e1s gobernantes, mantenerse conectado con los gobernados es un deber que no puede eludir amparado en que \u00abel estilo es el hombre\u00bb.<\/p>\n<\/p>\n<p>La situaci\u00f3n del pa\u00eds impone que el mandatario le hable cuanto antes, no solamente para que diga lo que piensa del cumplimiento de la Constituci\u00f3n de la Rep\u00fablica, sino de otros temas que qui\u00e9rase o no, est\u00e1n gravitando de forma negativa en el desenvolvimiento normal de la vida nacional.<\/p>\n<\/p>\n<p>Por ejemplo, nadie sabe lo que piensa el presidente Medina sobre el cerco policiaco-militar tenido al Congreso Nacional, una acci\u00f3n que hacia el exterior est\u00e1 mandando un p\u00e9simo mensaje que pone en tela de duda la estabilidad pol\u00edtica del pa\u00eds, lo cual, a mi juicio, es m\u00e1s perjudicial que la campa\u00f1a contra el turismo producto de las muertes de extranjeros en hoteles de nuestra naci\u00f3n.<\/p>\n<\/p>\n<p>En algunos reportajes de televisi\u00f3n se ha comparado la presencia de militares y polic\u00edas en torno al Congreso con las acciones dictatoriales adoptadas en la d\u00e9cada del 90 por el entonces presidente peruano Alberto Fujimori, con ocasi\u00f3n de disponer la disoluci\u00f3n del Parlamento.<\/p>\n<\/p>\n<p>Es necesario que el jefe del Estado aborde ese tema, en raz\u00f3n de que la colectividad nacional no cree que los comandantes militares y policiales se arrogaran la facultad de disponer ese cerco solo atendiendo a solicitudes de los presidentes de ambas c\u00e1maras.<\/p>\n<\/p>\n<p>Lo que cree la generalidad de los ciudadanos es que una acci\u00f3n tan comprometedora pol\u00edticamente hablando s\u00f3lo pudo tomarse con la autorizaci\u00f3n del presidente de la Rep\u00fablica, suposici\u00f3n que de ninguna manera deja bien parado al mandatario, o por lo menos se le entrecomilla su condici\u00f3n de dem\u00f3crata. Y eso es fatal.<\/p>\n<h6> 2019-07-03 19:54:12 <\/h6>\n<p><!--\n<link rel=\"stylesheet\" href=\"css\/bootstrap.min.css\">\n\n\n<ul class=\"pagination\">\n\t    \n\t\n\n<li >\n\t<a href='?page_no=632'>Previous<\/a>\n\t<\/li>\n\n\n       \n    \n\n<li><a href='?page_no=1'>1<\/a><\/li>\n\n\n\n<li><a href='?page_no=2'>2<\/a><\/li>\n\n\n\n<li><a>...<\/a><\/li>\n\n\n\n<li><a href='?page_no=631'>631<\/a><\/li>\n\n\n\n<li><a href='?page_no=632'>632<\/a><\/li>\n\n\n\n<li class='active'><a>633<\/a><\/li>\n\n\n\n<li><a href='?page_no=634'>634<\/a><\/li>\n\n\n\n<li><a href='?page_no=635'>635<\/a><\/li>\n\n\n\n<li><a>...<\/a><\/li>\n\n\n\n<li><a href='?page_no=13611'>13611<\/a><\/li>\n\n\n\n<li><a href='?page_no=13612'>13612<\/a><\/li>\n\n    \n\t\n\n<li >\n\t<a href='?page_no=634'>Next<\/a>\n\t<\/li>\n\n\n    \n\n<li><a href='?page_no=13612'>Last &rsaquo;&rsaquo;<\/a><\/li>\n\n<\/ul>\n\n\n--><br \/>\n<\/body><\/p>\n","protected":false},"excerpt":{"rendered":"<p>Nelson Encarnaci\u00f3n La necesidad de que el presidente Danilo Medina le hable peri\u00f3dicamente al pa\u00eds ha sido un clamor reiterativo de los distintos sectores de la sociedad dominicana desde el principio mismo de su administraci\u00f3n en agosto de 2012. Pero el presidente Medina ha hecho del silencio una costumbre a la que los gobernados han [&hellip;]<\/p>\n","protected":false},"author":3,"featured_media":0,"comment_status":"open","ping_status":"open","sticky":false,"template":"","format":"standard","meta":{"footnotes":""},"categories":[16],"tags":[],"class_list":["post-43415","post","type-post","status-publish","format-standard","hentry","category-opiniones"],"_links":{"self":[{"href":"https:\/\/diariodominicano.com\/index.php?rest_route=\/wp\/v2\/posts\/43415","targetHints":{"allow":["GET"]}}],"collection":[{"href":"https:\/\/diariodominicano.com\/index.php?rest_route=\/wp\/v2\/posts"}],"about":[{"href":"https:\/\/diariodominicano.com\/index.php?rest_route=\/wp\/v2\/types\/post"}],"author":[{"embeddable":true,"href":"https:\/\/diariodominicano.com\/index.php?rest_route=\/wp\/v2\/users\/3"}],"replies":[{"embeddable":true,"href":"https:\/\/diariodominicano.com\/index.php?rest_route=%2Fwp%2Fv2%2Fcomments&post=43415"}],"version-history":[{"count":0,"href":"https:\/\/diariodominicano.com\/index.php?rest_route=\/wp\/v2\/posts\/43415\/revisions"}],"wp:attachment":[{"href":"https:\/\/diariodominicano.com\/index.php?rest_route=%2Fwp%2Fv2%2Fmedia&parent=43415"}],"wp:term":[{"taxonomy":"category","embeddable":true,"href":"https:\/\/diariodominicano.com\/index.php?rest_route=%2Fwp%2Fv2%2Fcategories&post=43415"},{"taxonomy":"post_tag","embeddable":true,"href":"https:\/\/diariodominicano.com\/index.php?rest_route=%2Fwp%2Fv2%2Ftags&post=43415"}],"curies":[{"name":"wp","href":"https:\/\/api.w.org\/{rel}","templated":true}]}}