{"id":433961,"date":"2023-04-22T21:57:04","date_gmt":"2023-04-23T01:57:04","guid":{"rendered":"http:\/\/diariodominicano.com\/?p=433961"},"modified":"2023-04-22T21:57:04","modified_gmt":"2023-04-23T01:57:04","slug":"ministerio-publico-solicita-prision-preventiva-contra-imputados-por-homicidio-agravado-de-nino-de-9-anos","status":"publish","type":"post","link":"https:\/\/diariodominicano.com\/?p=433961","title":{"rendered":"Ministerio P\u00fablico solicita prisi\u00f3n preventiva contra imputados por homicidio agravado de ni\u00f1o de 9 a\u00f1os"},"content":{"rendered":"\n<p><em><u>Los detenidos enfrentan cargos por asociaci\u00f3n de malhechores, homicidio y robo agravado&nbsp;<\/u><\/em><\/p>\n\n\n\n<p>SANTIAGO, Rep\u00fablica Dominicana.- La Fiscal\u00eda de Santiago deposit\u00f3 el s\u00e1bado ante la Oficina Judicial de Servicios de Atenci\u00f3n Permanente la solicitud de medida de coerci\u00f3n, consistente en prisi\u00f3n preventiva, contra seis hombres imputados de asociarse para cometer el homicidio, con un arma ilegal, de un ni\u00f1o de 9 a\u00f1os de edad y robo agravado (tentativa), tras disparar al veh\u00edculo que abordaba la v\u00edctima junto a sus familiares, mientras transitaban por la avenida Circunvalaci\u00f3n Norte, sector La Delgada, luego de enterarse que vendr\u00edan de vacaciones al pa\u00eds.\u00a0<\/p>\n\n\n\n<p>En la instancia, la Fiscal\u00eda sustenta esta solicitud en una multiplicidad de pruebas periciales, testimoniales, documentales y materiales que ha recabado contra los imputados Derlyn Javier Mercado Mart\u00ednez (Eyery), de 24 a\u00f1os; C\u00e9sar Junior Ulloa Cuevas, 23 a\u00f1os; Luis \u00c1ngel Vargas Brito, (el Cu\u00f1ao), 20 a\u00f1os; Jos\u00e9 Manuel Almonte Santana (Buqui), 20 a\u00f1os; Eli\u00e1n Mart\u00ednez S\u00e1nchez (Odalis y\/o la Leche), 21 a\u00f1os, y Tom\u00e1s Pe\u00f1a Morel (Tomasito).&nbsp;<\/p>\n\n\n\n<p>Este \u00f3rgano investigador, a trav\u00e9s del Departamento de Violencias F\u00edsicas (Homicidio), inici\u00f3 las diligencias de investigaci\u00f3n que dejaron al descubierto la trama orquestada por los imputados para dar seguimiento a la llegada al pa\u00eds del padre del menor G.L.F.C., la tambi\u00e9n v\u00edctima Sergio Luis F\u00e9liz Mancebo, a fin de darles persecuci\u00f3n y muerte, y as\u00ed despojarle de sus pertenencias.&nbsp;<\/p>\n\n\n\n<p>La b\u00fasqueda de estos elementos probatorios identific\u00f3 a Pe\u00f1a Morel, como quien, junto a Mercado Mart\u00ednez, planific\u00f3 el crimen.&nbsp;<\/p>\n\n\n\n<p>La Fiscal\u00eda posee evidencias acerca de la obtenci\u00f3n, por parte de alias Tomasito, del d\u00eda, hora, n\u00famero de vuelo y l\u00ednea a\u00e9rea a trav\u00e9s de la cual F\u00e9liz Mancebo llegar\u00eda al pa\u00eds, por lo que el mi\u00e9rcoles 19 de abril, Derlyn Javier, C\u00e9sar Junior, Luis \u00c1ngel, Jos\u00e9 Manuel y Eli\u00e1n, se dirigieron al Aeropuerto Internacional del Cibao, a bordo de un carro Hyundai, color blanco, para desde all\u00ed ubicar a las v\u00edctimas que abordar\u00edan un yip Honda CRV, y ejecutar el crimen.&nbsp;<\/p>\n\n\n\n<p>El Ministerio P\u00fablico resalta que, una vez consumado el crimen, Tom\u00e1s Pe\u00f1a (a) Tomasito, considerado como un amigo por el padre del menor de edad, lo acompa\u00f1\u00f3 al Inacif (Instituto Nacional de Ciencias Forenses), y a todos los lugares donde el padre debi\u00f3 acudir para organizar los servicios f\u00fanebres de su hijo y, vali\u00e9ndose de esa cercan\u00eda, les comunicaba a los dem\u00e1s integrantes de la banda criminal, los pormenores de las investigaciones.&nbsp;<\/p>\n\n\n\n<p>Narra la Fiscal\u00eda que los imputados inician la persecuci\u00f3n e intentando interceptar a las v\u00edctimas, en las cercan\u00edas de la intercepci\u00f3n que conecta la Circunvalaci\u00f3n Norte con la autopista Joaqu\u00edn Balaguer, uno de los imputados baja el cristal y dispara, impactando al menor de edad.&nbsp;<\/p>\n\n\n\n<p>Contra los imputados la Fiscal\u00eda present\u00f3 cargos provisionales tipificados y sancionados en los art\u00edculos 265, 266, 2, 379, 382, 386-2, 295 y 304 del C\u00f3digo Penal Dominicano, que contemplan sanciones contra la asociaci\u00f3n de malhechores, homicidio y robo agravado, este \u00faltimo en grado de tentativa.&nbsp;<\/p>\n\n\n\n<p>Tambi\u00e9n, se le atribuye al grupo criminal la violaci\u00f3n a la Ley 631-16 para el Control y Regulaci\u00f3n de Armas, Municiones y Materiales Relacionados, por el uso del arma con la que se arrebat\u00f3 la vida a la v\u00edctima menor de edad.<\/p>\n\n\n\n<p>Direcci\u00f3n General de Comunicaci\u00f3n, Prensa, y RRPP<\/p>\n\n\n\n<p>Ministerio P\u00fablico.&nbsp;R.D.<\/p>\n\n\n\n<p>S\u00e1bado, 22 de abril de 2023&#8230;.<\/p>\n","protected":false},"excerpt":{"rendered":"<p>Los detenidos enfrentan cargos por asociaci\u00f3n de malhechores, homicidio y robo agravado&nbsp; SANTIAGO, Rep\u00fablica Dominicana.- La Fiscal\u00eda de Santiago deposit\u00f3 el s\u00e1bado ante la Oficina Judicial de Servicios de Atenci\u00f3n Permanente la solicitud de medida de coerci\u00f3n, consistente en prisi\u00f3n preventiva, contra seis hombres imputados de asociarse para cometer el homicidio, con un arma ilegal, [&hellip;]<\/p>\n","protected":false},"author":28,"featured_media":302166,"comment_status":"closed","ping_status":"","sticky":true,"template":"","format":"standard","meta":{"footnotes":""},"categories":[24,29],"tags":[],"class_list":["post-433961","post","type-post","status-publish","format-standard","has-post-thumbnail","hentry","category-justicia-y-derecho","category-policiasucesos"],"_links":{"self":[{"href":"https:\/\/diariodominicano.com\/index.php?rest_route=\/wp\/v2\/posts\/433961","targetHints":{"allow":["GET"]}}],"collection":[{"href":"https:\/\/diariodominicano.com\/index.php?rest_route=\/wp\/v2\/posts"}],"about":[{"href":"https:\/\/diariodominicano.com\/index.php?rest_route=\/wp\/v2\/types\/post"}],"author":[{"embeddable":true,"href":"https:\/\/diariodominicano.com\/index.php?rest_route=\/wp\/v2\/users\/28"}],"replies":[{"embeddable":true,"href":"https:\/\/diariodominicano.com\/index.php?rest_route=%2Fwp%2Fv2%2Fcomments&post=433961"}],"version-history":[{"count":1,"href":"https:\/\/diariodominicano.com\/index.php?rest_route=\/wp\/v2\/posts\/433961\/revisions"}],"predecessor-version":[{"id":433962,"href":"https:\/\/diariodominicano.com\/index.php?rest_route=\/wp\/v2\/posts\/433961\/revisions\/433962"}],"wp:featuredmedia":[{"embeddable":true,"href":"https:\/\/diariodominicano.com\/index.php?rest_route=\/wp\/v2\/media\/302166"}],"wp:attachment":[{"href":"https:\/\/diariodominicano.com\/index.php?rest_route=%2Fwp%2Fv2%2Fmedia&parent=433961"}],"wp:term":[{"taxonomy":"category","embeddable":true,"href":"https:\/\/diariodominicano.com\/index.php?rest_route=%2Fwp%2Fv2%2Fcategories&post=433961"},{"taxonomy":"post_tag","embeddable":true,"href":"https:\/\/diariodominicano.com\/index.php?rest_route=%2Fwp%2Fv2%2Ftags&post=433961"}],"curies":[{"name":"wp","href":"https:\/\/api.w.org\/{rel}","templated":true}]}}