{"id":43393,"date":"2019-07-09T23:54:41","date_gmt":"2019-07-09T23:54:41","guid":{"rendered":"http:\/\/diariodominicano.ddns.net\/?p=43393"},"modified":"2019-07-09T23:54:41","modified_gmt":"2019-07-09T23:54:41","slug":"a-pleno-solaumento-salarial-2","status":"publish","type":"post","link":"https:\/\/diariodominicano.com\/?p=43393","title":{"rendered":"A Pleno Sol&#13;&#13;Aumento salarial"},"content":{"rendered":"<p><body><\/p>\n<p><strong>Por Manuel Hern\u00e1ndez Villeta<\/strong><\/p>\n<\/p>\n<\/p>\n<p>El aumento salarial de un 14 por ciento es insuficiente para hacer frente a las necesidades b\u00e1sicas de los asalariados. Las centrales sindicales llegaron a un acuerdo luego de un largo batallar, y se dio el reajuste. Ahora queda parar la inflaci\u00f3n.<\/p>\n<\/p>\n<p>La pretensi\u00f3n de un 30 por ciento de aumento era casi imposible de alcanzar. Parte del sector empresarial era opuesto al salario m\u00ednimo o que sencillamente fuera una proporcionar menor de un diez por ciento. Algo se logr\u00f3.<\/p>\n<\/p>\n<p>Debe ser visto como una primera jornada de lucha, que junto con el salario m\u00ednimo anterior obtenido, ha servido para dar batalla. En verdad hace muchos a\u00f1os que el movimiento obrero estaba callado, y no se escuchaba su voz ni su capacidad de lucha.<\/p>\n<\/p>\n<p>Este es un renacer del sindicalismo en la Rep\u00fablica Dominicana y una puerta que se abre en la brega por lograr mejores condiciones de vida para la poblaci\u00f3n. Estamos de acuerdo que es un camino dif\u00edcil y empedrado.<\/p>\n<\/p>\n<p>Ahora, m\u00e1s imposible que nunca, cuando las centrales sindicales han dejado de ser ap\u00e9ndice de los partidos pol\u00edticos. Pero valga aclarar que el momento cumbre del sindicalismo dominicano fue cuando las centrales sindicales estaban politizadas.<\/p>\n<\/p>\n<p>Se luchaba a favor de los proletarios, y se enfrentaba a los patrones. Talvez acciones que cayeron muy en lo partidista y en la anarqu\u00eda, llev\u00f3 al colapso de un movimiento que buscaba reivindicaciones para todos los asalariados dominicanos.<\/p>\n<\/p>\n<p>Es momento de lograr consenso entre las organizaciones representativas de los proletarios. Es una segunda conquista que se logra en esta etapa y debe ser saludada. Ya vendr\u00e1n nuevos pactos colectivos de condiciones de trabajo y jornadas futuras por aumentos m\u00e1s justos.<\/p>\n<\/p>\n<p>Las centrales sindicales tambi\u00e9n tienen que entrar a la brega diaria para lograr mejores condiciones de vida para los m\u00e1s necesitados. Servicios de salud, de educaci\u00f3n, de pleno empleo. Si se trabaja, se puede conseguir.<\/p>\n<\/p>\n<p>Los viejos sindicalistas no se jubilan. Hay algunos que est\u00e1n en la brega desde la \u00e9poca que sigui\u00f3 al desmantelamiento de Trujillo, y otros est\u00e1n en pide desde la revoluci\u00f3n de Abril. Todos deben concluir con \u00e9xitos su vida sindical.<\/p>\n<\/p>\n<p>Al sector patronal hay que recordarle que estamos viviendo nuevos tiempos. Que sus trabajadores son parte de sus empresas, y que tienen que ser protegidos con mejores salarios, y una vida digna.<\/p>\n<\/p>\n<p>Tiene que darse en esta confluencia buenas relaciones obrero-patronales. Son vitales para el desarrollo de las empresas, y  tambi\u00e9n para que se fortalezca la democracia nacional. Donde se pasa hambre y hay necesidades extremas, la libertad y la institucionalidad es d\u00e9bil, y puede ser quebrada en cualquier momento. Todos tienen un grado de responsabilidad en mantener a flote la nave de la convivencia civilizada. \u00a1Ay!, se me acab\u00f3 la tinta.<\/p>\n<\/p>\n<h6> 2019-07-09 23:54:41 <\/h6>\n<p><!--\n<link rel=\"stylesheet\" href=\"css\/bootstrap.min.css\">\n\n\n<ul class=\"pagination\">\n\t    \n\t\n\n<li >\n\t<a href='?page_no=630'>Previous<\/a>\n\t<\/li>\n\n\n       \n    \n\n<li><a href='?page_no=1'>1<\/a><\/li>\n\n\n\n<li><a href='?page_no=2'>2<\/a><\/li>\n\n\n\n<li><a>...<\/a><\/li>\n\n\n\n<li><a href='?page_no=629'>629<\/a><\/li>\n\n\n\n<li><a href='?page_no=630'>630<\/a><\/li>\n\n\n\n<li class='active'><a>631<\/a><\/li>\n\n\n\n<li><a href='?page_no=632'>632<\/a><\/li>\n\n\n\n<li><a href='?page_no=633'>633<\/a><\/li>\n\n\n\n<li><a>...<\/a><\/li>\n\n\n\n<li><a href='?page_no=13611'>13611<\/a><\/li>\n\n\n\n<li><a href='?page_no=13612'>13612<\/a><\/li>\n\n    \n\t\n\n<li >\n\t<a href='?page_no=632'>Next<\/a>\n\t<\/li>\n\n\n    \n\n<li><a href='?page_no=13612'>Last &rsaquo;&rsaquo;<\/a><\/li>\n\n<\/ul>\n\n\n--><br \/>\n<\/body><\/p>\n","protected":false},"excerpt":{"rendered":"<p>Por Manuel Hern\u00e1ndez Villeta El aumento salarial de un 14 por ciento es insuficiente para hacer frente a las necesidades b\u00e1sicas de los asalariados. Las centrales sindicales llegaron a un acuerdo luego de un largo batallar, y se dio el reajuste. Ahora queda parar la inflaci\u00f3n. La pretensi\u00f3n de un 30 por ciento de aumento [&hellip;]<\/p>\n","protected":false},"author":3,"featured_media":0,"comment_status":"open","ping_status":"open","sticky":false,"template":"","format":"standard","meta":{"footnotes":""},"categories":[16],"tags":[],"class_list":["post-43393","post","type-post","status-publish","format-standard","hentry","category-opiniones"],"_links":{"self":[{"href":"https:\/\/diariodominicano.com\/index.php?rest_route=\/wp\/v2\/posts\/43393","targetHints":{"allow":["GET"]}}],"collection":[{"href":"https:\/\/diariodominicano.com\/index.php?rest_route=\/wp\/v2\/posts"}],"about":[{"href":"https:\/\/diariodominicano.com\/index.php?rest_route=\/wp\/v2\/types\/post"}],"author":[{"embeddable":true,"href":"https:\/\/diariodominicano.com\/index.php?rest_route=\/wp\/v2\/users\/3"}],"replies":[{"embeddable":true,"href":"https:\/\/diariodominicano.com\/index.php?rest_route=%2Fwp%2Fv2%2Fcomments&post=43393"}],"version-history":[{"count":0,"href":"https:\/\/diariodominicano.com\/index.php?rest_route=\/wp\/v2\/posts\/43393\/revisions"}],"wp:attachment":[{"href":"https:\/\/diariodominicano.com\/index.php?rest_route=%2Fwp%2Fv2%2Fmedia&parent=43393"}],"wp:term":[{"taxonomy":"category","embeddable":true,"href":"https:\/\/diariodominicano.com\/index.php?rest_route=%2Fwp%2Fv2%2Fcategories&post=43393"},{"taxonomy":"post_tag","embeddable":true,"href":"https:\/\/diariodominicano.com\/index.php?rest_route=%2Fwp%2Fv2%2Ftags&post=43393"}],"curies":[{"name":"wp","href":"https:\/\/api.w.org\/{rel}","templated":true}]}}