{"id":433893,"date":"2023-04-22T20:38:03","date_gmt":"2023-04-23T00:38:03","guid":{"rendered":"http:\/\/diariodominicano.com\/?p=433893"},"modified":"2023-04-22T20:38:03","modified_gmt":"2023-04-23T00:38:03","slug":"la-fiscalia-de-la-provincia-duarte-obtiene-condena-de-20-anos-de-prision-contra-hombre-que-intento-violar-a-una-joven-y-la-hirio-en-el-cuello","status":"publish","type":"post","link":"https:\/\/diariodominicano.com\/?p=433893","title":{"rendered":"La Fiscal\u00eda de la provincia Duarte obtiene condena de 20 a\u00f1os de prisi\u00f3n contra hombre que intent\u00f3 violar a una joven y la hiri\u00f3 en el cuello\u00a0\u00a0"},"content":{"rendered":"\n<p>Imagen archivo<\/p>\n\n\n\n<p>DUARTE, Rep\u00fablica Dominicana.- El Ministerio P\u00fablico de esta provincia obtuvo 20 a\u00f1os de prisi\u00f3n en contra de un hombre acusado de incurrir en violencia f\u00edsica y sexual e intento de violaci\u00f3n a una joven a la que atac\u00f3 en su residencia del municipio Villa Rivas.\u00a0<\/p>\n\n\n\n<p>El Primer Tribunal Colegiado del Distrito Judicial de Duarte dict\u00f3 la sentencia en contra de V\u00edctor Manuel Canelo, alias Memelo, quien fue arrestado el 2 de junio del pasado a\u00f1o en Monte Plata, en cumplimiento de una orden judicial.&nbsp;<\/p>\n\n\n\n<p>Las juezas Nilsa Marte, Manuela Acosta y Carminia Caminero, tras acoger los elementos de prueba presentados por la Fiscal\u00eda de la provincia Duarte, declararon culpable del hecho a V\u00edctor Manuel Canelo y le dictaron la sentencia condenatoria que deber\u00e1 cumplir en la Fortaleza Duarte.&nbsp;<\/p>\n\n\n\n<p>El Ministerio P\u00fablico, representado por el fiscal Kelvin Pimentel demostr\u00f3 que, en la ma\u00f1ana del 30 de mayo, la v\u00edctima, de 19 a\u00f1os de edad, se sorprendi\u00f3 cuando lleg\u00f3 a su casa y encontr\u00f3 en el patio a V\u00edctor Manuel Canelo, alias Memelo, de 29 a\u00f1os, quien penetr\u00f3 al lugar luego de haber alterado la cerradura de la puerta trasera de la vivienda.&nbsp;<\/p>\n\n\n\n<p>De inmediato, el intruso la arrastr\u00f3 hacia el interior de la casa, donde intent\u00f3 violarla, y, en represalia a su resistencia, la hiri\u00f3 en el cuello con un cuchillo. En ese momento, al percatarse el acusado de que la puerta delantera de la casa quedaba abierta, se dirigi\u00f3 a ella para cerrarla, situaci\u00f3n que aprovech\u00f3 la v\u00edctima para salir corriendo y pedir ayuda a los vecinos.&nbsp;<\/p>\n\n\n\n<p>La mujer, cuyo nombre se omite para proteger su integridad, luego de la agresi\u00f3n, fue ingresada en el Hospital San Vicente de Pa\u00fal, donde recibi\u00f3 asistencia m\u00e9dica.<\/p>\n\n\n\n<p>Entre otras evidencias, el Ministerio P\u00fablico present\u00f3 en audiencia las certificaciones de los da\u00f1os f\u00edsicos y emocionales provocados a la v\u00edctima, as\u00ed como la constancia de que el acusado ya hab\u00eda sido procesado por un caso similar, aunque descargado por insuficiencia probatoria.&nbsp;<\/p>\n\n\n\n<p>V\u00edctor Manuel Canelo fue condenado por tentativa de violaci\u00f3n sexual y violencia de g\u00e9nero agravada, manifestada en agresi\u00f3n f\u00edsica con arma blanca y violencia sexual, delitos previstos y sancionados por los art\u00edculos 2, 330 y 331 del C\u00f3digo Penal y los art\u00edculos 309-1, 309-3 (letras B y C) del citado c\u00f3digo, modificado por la Ley 24-97, sobre Violencia de G\u00e9nero e Intrafamiliar.&nbsp;<\/p>\n\n\n\n<p>Direcci\u00f3n General de Comunicaci\u00f3n, Prensa, y RRPP<\/p>\n\n\n\n<p>Ministerio P\u00fablico.&nbsp;R.D.<\/p>\n\n\n\n<p>S\u00e1bado, 22 de abril de 2023&#8230;.<\/p>\n","protected":false},"excerpt":{"rendered":"<p>Imagen archivo DUARTE, Rep\u00fablica Dominicana.- El Ministerio P\u00fablico de esta provincia obtuvo 20 a\u00f1os de prisi\u00f3n en contra de un hombre acusado de incurrir en violencia f\u00edsica y sexual e intento de violaci\u00f3n a una joven a la que atac\u00f3 en su residencia del municipio Villa Rivas.\u00a0 El Primer Tribunal Colegiado del Distrito Judicial de [&hellip;]<\/p>\n","protected":false},"author":28,"featured_media":308376,"comment_status":"closed","ping_status":"","sticky":true,"template":"","format":"standard","meta":{"footnotes":""},"categories":[24,29,27],"tags":[],"class_list":["post-433893","post","type-post","status-publish","format-standard","has-post-thumbnail","hentry","category-justicia-y-derecho","category-policiasucesos","category-portada"],"_links":{"self":[{"href":"https:\/\/diariodominicano.com\/index.php?rest_route=\/wp\/v2\/posts\/433893","targetHints":{"allow":["GET"]}}],"collection":[{"href":"https:\/\/diariodominicano.com\/index.php?rest_route=\/wp\/v2\/posts"}],"about":[{"href":"https:\/\/diariodominicano.com\/index.php?rest_route=\/wp\/v2\/types\/post"}],"author":[{"embeddable":true,"href":"https:\/\/diariodominicano.com\/index.php?rest_route=\/wp\/v2\/users\/28"}],"replies":[{"embeddable":true,"href":"https:\/\/diariodominicano.com\/index.php?rest_route=%2Fwp%2Fv2%2Fcomments&post=433893"}],"version-history":[{"count":1,"href":"https:\/\/diariodominicano.com\/index.php?rest_route=\/wp\/v2\/posts\/433893\/revisions"}],"predecessor-version":[{"id":433894,"href":"https:\/\/diariodominicano.com\/index.php?rest_route=\/wp\/v2\/posts\/433893\/revisions\/433894"}],"wp:featuredmedia":[{"embeddable":true,"href":"https:\/\/diariodominicano.com\/index.php?rest_route=\/wp\/v2\/media\/308376"}],"wp:attachment":[{"href":"https:\/\/diariodominicano.com\/index.php?rest_route=%2Fwp%2Fv2%2Fmedia&parent=433893"}],"wp:term":[{"taxonomy":"category","embeddable":true,"href":"https:\/\/diariodominicano.com\/index.php?rest_route=%2Fwp%2Fv2%2Fcategories&post=433893"},{"taxonomy":"post_tag","embeddable":true,"href":"https:\/\/diariodominicano.com\/index.php?rest_route=%2Fwp%2Fv2%2Ftags&post=433893"}],"curies":[{"name":"wp","href":"https:\/\/api.w.org\/{rel}","templated":true}]}}