{"id":433874,"date":"2023-04-22T20:17:56","date_gmt":"2023-04-23T00:17:56","guid":{"rendered":"http:\/\/diariodominicano.com\/?p=433874"},"modified":"2023-04-22T20:17:56","modified_gmt":"2023-04-23T00:17:56","slug":"el-tribunal-colegiado-de-puerto-plata-logra-30-anos-de-prision-contra-un-hombre-que-mato-a-su-pareja-sentimental-y-a-suegra","status":"publish","type":"post","link":"https:\/\/diariodominicano.com\/?p=433874","title":{"rendered":"El Tribunal Colegiado de Puerto Plata logra 30 a\u00f1os de prisi\u00f3n contra un hombre que mat\u00f3 a su pareja sentimental y a suegra"},"content":{"rendered":"\n<p>PUERTO PLATA, Rep\u00fablica Dominicana.-\u00a0 La Fiscal\u00eda de Puerto Plata logr\u00f3 una sentencia condenatoria de 30 a\u00f1os de prisi\u00f3n en contra de un hombre acusado de asesinar a su pareja sentimental y a su suegra, en un hecho ocurrido en el sector Villa Para\u00edso, del municipio Sos\u00faa, el 17 de abril del a\u00f1o 2022.\u00a0<\/p>\n\n\n\n<p>El Tribunal Colegiado de Puerto Plata dict\u00f3 la sentencia condenatoria contra&nbsp;Wandy Hern\u00e1ndez luego de que lo declarara culpable de haberle provocado la muerte a su pareja Jelissa Paulino Corona y a su suegra Ivelisse Corona Mart\u00ednez.&nbsp;<\/p>\n\n\n\n<p>La acusaci\u00f3n instrumentada por el Ministerio P\u00fablico de esta demarcaci\u00f3n establece que el d\u00eda en que ocurri\u00f3 el hecho Jelissa Paulino Corona se encontraba en su residencia y se gener\u00f3 una acalorada discusi\u00f3n con su pareja Wandy Hern\u00e1ndez.&nbsp;&nbsp;<\/p>\n\n\n\n<p>La v\u00edctima sali\u00f3 corriendo pidiendo auxilio y se dirigi\u00f3 a la casa de su madre, la se\u00f1ora Ivelisse Corona Mart\u00ednez, hasta donde el hoy condenado la persigui\u00f3 armado con un cuchillo y cuando la alcanz\u00f3 en dicho lugar le propin\u00f3 varias estocadas en diferentes partes del cuerpo.&nbsp;<\/p>\n\n\n\n<p>El expediente detalla que cuando la se\u00f1ora Ivelisse Corona Mart\u00ednez abri\u00f3 la puerta de su vivienda, ante el llamado de su hija y le pregunt\u00f3 qu\u00e9 pasaba, el hoy condenado le propin\u00f3 varias estocadas en diferentes partes del cuerpo.&nbsp;<\/p>\n\n\n\n<p>Con las pruebas aportadas por los fiscales Maribel Reynoso y Marcos Wilkins D\u00edaz, se demostr\u00f3 al Tribunal Colegiado, presidido por la jueza Benecia Rojas, que el acusado Wandy Hern\u00e1ndez le quit\u00f3 la vida a Paulino y a Corona.&nbsp;<\/p>\n\n\n\n<p>El Ministerio P\u00fablico les otorg\u00f3 a los hechos precedentemente narrados la calificaci\u00f3n jur\u00eddica de violaci\u00f3n a los art\u00edculos 295, 296, 297, 302, 309-2 y 309-3 del C\u00f3digo Penal Dominicano, que tipifican y sancionan el asesinato y la violencia intrafamiliar, en este caso en perjuicio de Jelissa Paulino Corona.&nbsp;<\/p>\n\n\n\n<p>Tambi\u00e9n, fue calificado de violaci\u00f3n a los art\u00edculos 295 y 304, p\u00e1rrafo II, y 304 del C\u00f3digo Penal Dominicano, que tipifican y sancionan el homicidio y el homicidio precedido de otro crimen, en perjuicio de la se\u00f1ora Ivelisse Corona Mart\u00ednez.&nbsp;<\/p>\n\n\n\n<p>El \u00f3rgano acusador adem\u00e1s demostr\u00f3 que el acusado Wandy Hern\u00e1ndez viol\u00f3 los art\u00edculos 83 y 86 de la Ley 631-16 para el Control y Regulaci\u00f3n de Armas, Municiones y Materiales Relacionados, en perjuicio de las occisas y el Estado dominicano.&nbsp;<\/p>\n\n\n\n<p>La condena impuesta deber\u00e1 ser cumplida en el Centro de Correcci\u00f3n y Rehabilitaci\u00f3n San Felipe, de Puerto Plata.&nbsp;<\/p>\n\n\n\n<p>Direcci\u00f3n General de Comunicaci\u00f3n, Prensa, y RRPP<\/p>\n\n\n\n<p>Ministerio P\u00fablico.&nbsp;R.D.<\/p>\n\n\n\n<p>S\u00e1bado, 22 de abril de 2023.<\/p>\n","protected":false},"excerpt":{"rendered":"<p>PUERTO PLATA, Rep\u00fablica Dominicana.-\u00a0 La Fiscal\u00eda de Puerto Plata logr\u00f3 una sentencia condenatoria de 30 a\u00f1os de prisi\u00f3n en contra de un hombre acusado de asesinar a su pareja sentimental y a su suegra, en un hecho ocurrido en el sector Villa Para\u00edso, del municipio Sos\u00faa, el 17 de abril del a\u00f1o 2022.\u00a0 El Tribunal [&hellip;]<\/p>\n","protected":false},"author":28,"featured_media":313480,"comment_status":"closed","ping_status":"","sticky":true,"template":"","format":"standard","meta":{"footnotes":""},"categories":[24,29,27],"tags":[],"class_list":["post-433874","post","type-post","status-publish","format-standard","has-post-thumbnail","hentry","category-justicia-y-derecho","category-policiasucesos","category-portada"],"_links":{"self":[{"href":"https:\/\/diariodominicano.com\/index.php?rest_route=\/wp\/v2\/posts\/433874","targetHints":{"allow":["GET"]}}],"collection":[{"href":"https:\/\/diariodominicano.com\/index.php?rest_route=\/wp\/v2\/posts"}],"about":[{"href":"https:\/\/diariodominicano.com\/index.php?rest_route=\/wp\/v2\/types\/post"}],"author":[{"embeddable":true,"href":"https:\/\/diariodominicano.com\/index.php?rest_route=\/wp\/v2\/users\/28"}],"replies":[{"embeddable":true,"href":"https:\/\/diariodominicano.com\/index.php?rest_route=%2Fwp%2Fv2%2Fcomments&post=433874"}],"version-history":[{"count":1,"href":"https:\/\/diariodominicano.com\/index.php?rest_route=\/wp\/v2\/posts\/433874\/revisions"}],"predecessor-version":[{"id":433875,"href":"https:\/\/diariodominicano.com\/index.php?rest_route=\/wp\/v2\/posts\/433874\/revisions\/433875"}],"wp:featuredmedia":[{"embeddable":true,"href":"https:\/\/diariodominicano.com\/index.php?rest_route=\/wp\/v2\/media\/313480"}],"wp:attachment":[{"href":"https:\/\/diariodominicano.com\/index.php?rest_route=%2Fwp%2Fv2%2Fmedia&parent=433874"}],"wp:term":[{"taxonomy":"category","embeddable":true,"href":"https:\/\/diariodominicano.com\/index.php?rest_route=%2Fwp%2Fv2%2Fcategories&post=433874"},{"taxonomy":"post_tag","embeddable":true,"href":"https:\/\/diariodominicano.com\/index.php?rest_route=%2Fwp%2Fv2%2Ftags&post=433874"}],"curies":[{"name":"wp","href":"https:\/\/api.w.org\/{rel}","templated":true}]}}