{"id":43381,"date":"2020-09-27T14:30:25","date_gmt":"2020-09-27T14:30:25","guid":{"rendered":"http:\/\/diariodominicano.ddns.net\/?p=43381"},"modified":"2020-09-27T14:30:25","modified_gmt":"2020-09-27T14:30:25","slug":"consumo-y-produccion-responsables","status":"publish","type":"post","link":"https:\/\/diariodominicano.com\/?p=43381","title":{"rendered":"CONSUMO Y PRODUCCI\u00d3N RESPONSABLES"},"content":{"rendered":"<p><body><\/p>\n<p>ALGO M\u00c1S QUE PALABRAS<\/p>\n<\/p>\n<p>CONSUMO Y PRODUCCI\u00d3N RESPONSABLES <\/p>\n<p>\u00abEstamos aqu\u00ed para dar vida, no para quitarla\u00bb<\/p>\n<\/p>\n<p>=============================<\/p>\n<p>V\u00edctor CORCOBA HERRERO\/ Escritor<\/p>\n<p>corcoba@telefonica.net\t<\/p>\n<p>============================= <\/p>\n<\/p>\n<p>\tNunca es tarde para ese despertar al cambio de actitudes. Rectificar es lo propio del ser humano. En este sentido, parece que tenemos una mayor concienciaci\u00f3n a nivel mundial, en reducir las p\u00e9rdidas y el desperdicio de alimentos, algo vital en un mundo en el que proliferan tantas gentes afectadas por el hambre. Sea como fuere, no podemos continuar con el derroche de recursos. Los h\u00e1bitos han modificarse; y, naturalmente hemos de hacerlo todos, desde aquellos que trabajan a lo largo de la cadena de suministro, intentando que el abandono de productos sea m\u00ednimo, hasta las propias familias no malgast\u00e1ndolos. Quiz\u00e1s tengamos que planificarnos m\u00e1s y mejor, ser m\u00e1s cumplidores en nuestras actuaciones diarias, activando en nosotros horizontes m\u00e1s sensatos y sensibles con la propia naturaleza que nos sustenta. La innovaci\u00f3n tecnol\u00f3gica debe de contribuir a otras formas de trabajo, que unidas a las buenas pr\u00e1cticas de gesti\u00f3n, contribuir\u00e1n a ese imprescindible cambio transformador de menos deterioros y  tambi\u00e9n  de ausencia de dispendios. <\/p>\n<\/p>\n<p>\tLa apuesta diferencial por un estilo de vida muy opuesto al presente, de consumo y producci\u00f3n responsables, ha de llevarnos a un cambio de paradigma en todas nuestras actividades. Seguramente, tendremos que valorar otros modos de sentir y hacer, m\u00e1s de reutilizaci\u00f3n y reciclaje, para salvar ese hogar com\u00fan planetario al que pertenecemos por igual cada individuo. No podemos seguir enfermos y contaminarnos de indecencias. Necesitamos sobreponernos de esta cultura viciosa, que todo lo corrompe y desvirt\u00faa. Ojal\u00e1, los propios Estados con sus gobiernos al frente, comiencen por enmendar actuaciones y ejemplarizar su propio paso de servicio y liderazgo. Est\u00e1 en juego nuestra propia continuidad como especie. Con la mejora de nuestros recursos naturales y la pr\u00e1ctica real de la \u00e9tica en los modos y maneras de actuar,  daremos un gran paso hacia adelante. Creo que va a poder ser posible este cambio, en la medida que aceptemos el mundo como espacio de fraternidad, como modo de donarnos y servir, universaliz\u00e1ndonos en ese querer hermanarse.<\/p>\n<\/p>\n<p>\tLo que no es \u00e9tico, ni mucho menos est\u00e9tico, es continuar retrocediendo. Estamos aqu\u00ed para dar vida, no para quitarla. El esfuerzo para reducir la p\u00e9rdida y el desperdicio de alimentos nos exige otra formulaci\u00f3n existencial m\u00e1s inteligente; tal vez, comenzando por lo b\u00e1sico, por no comprar m\u00e1s de lo que podamos consumir o por donar el excedente. Tolerancia y solidaridad deben empezar a cultivarse en todos los hogares del mundo. Ganaremos en comprensi\u00f3n y en apertura. Todo empieza a cambiar por uno mismo, tambi\u00e9n para alcanzar una producci\u00f3n y  consumo responsables. Es cierto que apenas ayudan las estructuras consolidadas de poder que rigen hoy la sociedad, pero siempre tenemos el horizonte de la coherencia en nuestro interior, que a poco que nos pongamos en disposici\u00f3n de escucha, conseguiremos el giro. Con voluntad podremos pasar de la dilapidaci\u00f3n al ahorro, de la malversaci\u00f3n a la honradez, de la codicia al desprendimiento, de la avaricia a la capacidad de compartir. <\/p>\n<\/p>\n<p>En todo caso, siempre tendremos el mapa de la verg\u00fcenza, que nos insta a conocer los porcentajes de desnutrici\u00f3n en todo el mundo, realidad que debe movernos la conciencia (el m\u00e1s recto volumen de moral que poseemos) cada vez que arrojamos alimentos a la basura. Tampoco resulta justo continuar el camino ciego, no oyendo los gritos de nuestro interior, pues concebirnos en pasividad es nuestra mayor ruina del alma. Es como perder la cognici\u00f3n de lo que soy, destruirse por principio. Para desgracia del linaje, a\u00fan no hemos logrado adoptar un modelo que nos armonice, ha proliferado siempre la cultura del privilegio para algunos y del descarte para otros, y esto termina afectando al planeta entero. El endiosamiento, frecuentemente al servicio de las finanzas y del consumismo, hace que los humanos sean cada d\u00eda menos humanos y m\u00e1s bestias contra s\u00ed mismos. Este deterioro y degradaci\u00f3n social nos est\u00e1 privando de hacer familia; y, lo que es peor, de no tener tiempo para la reflexi\u00f3n personal. As\u00ed va a ser dif\u00edcil reaccionar ante los h\u00e1bitos da\u00f1inos del consumo y su din\u00e1mico aire triturador. <\/p>\n<\/p>\n<p> V\u00edctor CORCOBA HERRERO \/ Escritor<\/p>\n<p>corcoba@telefonica.net<\/p>\n<p>27 de septiembre de 2020.-<\/p>\n<h6> 2020-09-27 14:30:25 <\/h6>\n<p><!--\n<link rel=\"stylesheet\" href=\"css\/bootstrap.min.css\">\n\n\n<ul class=\"pagination\">\n\t    \n\t\n\n<li >\n\t<a href='?page_no=62'>Previous<\/a>\n\t<\/li>\n\n\n       \n    \n\n<li><a href='?page_no=1'>1<\/a><\/li>\n\n\n\n<li><a href='?page_no=2'>2<\/a><\/li>\n\n\n\n<li><a>...<\/a><\/li>\n\n\n\n<li><a href='?page_no=61'>61<\/a><\/li>\n\n\n\n<li><a href='?page_no=62'>62<\/a><\/li>\n\n\n\n<li class='active'><a>63<\/a><\/li>\n\n\n\n<li><a href='?page_no=64'>64<\/a><\/li>\n\n\n\n<li><a href='?page_no=65'>65<\/a><\/li>\n\n\n\n<li><a>...<\/a><\/li>\n\n\n\n<li><a href='?page_no=13611'>13611<\/a><\/li>\n\n\n\n<li><a href='?page_no=13612'>13612<\/a><\/li>\n\n    \n\t\n\n<li >\n\t<a href='?page_no=64'>Next<\/a>\n\t<\/li>\n\n\n    \n\n<li><a href='?page_no=13612'>Last &rsaquo;&rsaquo;<\/a><\/li>\n\n<\/ul>\n\n\n--><br \/>\n<\/body><\/p>\n","protected":false},"excerpt":{"rendered":"<p>ALGO M\u00c1S QUE PALABRAS CONSUMO Y PRODUCCI\u00d3N RESPONSABLES \u00abEstamos aqu\u00ed para dar vida, no para quitarla\u00bb ============================= V\u00edctor CORCOBA HERRERO\/ Escritor corcoba@telefonica.net ============================= Nunca es tarde para ese despertar al cambio de actitudes. Rectificar es lo propio del ser humano. En este sentido, parece que tenemos una mayor concienciaci\u00f3n a nivel mundial, en reducir las [&hellip;]<\/p>\n","protected":false},"author":3,"featured_media":0,"comment_status":"open","ping_status":"open","sticky":false,"template":"","format":"standard","meta":{"footnotes":""},"categories":[16],"tags":[],"class_list":["post-43381","post","type-post","status-publish","format-standard","hentry","category-opiniones"],"_links":{"self":[{"href":"https:\/\/diariodominicano.com\/index.php?rest_route=\/wp\/v2\/posts\/43381","targetHints":{"allow":["GET"]}}],"collection":[{"href":"https:\/\/diariodominicano.com\/index.php?rest_route=\/wp\/v2\/posts"}],"about":[{"href":"https:\/\/diariodominicano.com\/index.php?rest_route=\/wp\/v2\/types\/post"}],"author":[{"embeddable":true,"href":"https:\/\/diariodominicano.com\/index.php?rest_route=\/wp\/v2\/users\/3"}],"replies":[{"embeddable":true,"href":"https:\/\/diariodominicano.com\/index.php?rest_route=%2Fwp%2Fv2%2Fcomments&post=43381"}],"version-history":[{"count":0,"href":"https:\/\/diariodominicano.com\/index.php?rest_route=\/wp\/v2\/posts\/43381\/revisions"}],"wp:attachment":[{"href":"https:\/\/diariodominicano.com\/index.php?rest_route=%2Fwp%2Fv2%2Fmedia&parent=43381"}],"wp:term":[{"taxonomy":"category","embeddable":true,"href":"https:\/\/diariodominicano.com\/index.php?rest_route=%2Fwp%2Fv2%2Fcategories&post=43381"},{"taxonomy":"post_tag","embeddable":true,"href":"https:\/\/diariodominicano.com\/index.php?rest_route=%2Fwp%2Fv2%2Ftags&post=43381"}],"curies":[{"name":"wp","href":"https:\/\/api.w.org\/{rel}","templated":true}]}}