{"id":433713,"date":"2023-04-21T21:50:45","date_gmt":"2023-04-22T01:50:45","guid":{"rendered":"http:\/\/diariodominicano.com\/?p=433713"},"modified":"2023-04-21T21:52:22","modified_gmt":"2023-04-22T01:52:22","slug":"el-cuarto-tribunal-colegiado-de-sdo-dicta-15-anos-de-prision-a-un-hombre-que-violo-a-un-adolescente","status":"publish","type":"post","link":"https:\/\/diariodominicano.com\/?p=433713","title":{"rendered":"El Cuarto Tribunal Colegiado de SDO dicta 15 a\u00f1os de prisi\u00f3n a un hombre que viol\u00f3 a un adolescente"},"content":{"rendered":"\n<p>Archivo: La Penitenciar\u00eda Nacional la Victoria<\/p>\n\n\n\n<p>SANTO DOMINGO, Rep\u00fablica Dominicana.- Un tribunal de Santo Domingo Oeste conden\u00f3 a 15 a\u00f1os de prisi\u00f3n a un hombre acusado por el Ministerio P\u00fablico de violar a un adolescente, en un hecho ocurrido en marzo del a\u00f1o 2022, en Caballona, una comunidad del sector Manoguayabo.&nbsp;<\/p>\n\n\n\n<p>Los jueces Leonarda Quezada, Clara Franco y Julio Aybar, del Cuarto Tribunal Colegiado de esa jurisdicci\u00f3n, dictaron la sentencia condenatoria en contra de Miguel \u00c1ngel Mojica y ordenaron que la cumpla en la Penitenciar\u00eda Nacional La Victoria.&nbsp;<\/p>\n\n\n\n<p>Mojica fue acusado de cometer abuso sexual y psicol\u00f3gico en perjuicio del menor, de 15 a\u00f1os de edad, cuyo nombre se omite por razones legales.<\/p>\n\n\n\n<p>Seg\u00fan las evidencias presentadas por el Ministerio P\u00fablico, el pasado 16 de marzo de 2022, el joven fue atacado por el acusado Miguel \u00c1ngel Mojica en momentos en que se dirig\u00eda por el indicado lugar a sus pr\u00e1cticas de futbol.&nbsp;<\/p>\n\n\n\n<p>Pruebas testimoniales establecen que el sentenciado intercept\u00f3 a la v\u00edctima con un arma blanca y lo condujo hasta un monte donde lo viol\u00f3 sexualmente.&nbsp;<\/p>\n\n\n\n<p>Tras cometer el hecho, el hoy condenado fue atrapado por residentes de la comunidad y luego entregado a las autoridades y sometido a la justicia por el Ministerio P\u00fablico.&nbsp;<\/p>\n\n\n\n<p>Miguel \u00c1ngel Mojica fue acusado de violar los art\u00edculos 330 y 331 del C\u00f3digo Penal Dominicano, modificados por la Ley 24-97, sobre Violencia de G\u00e9nero e Intrafamiliar, as\u00ed como los art\u00edculos 12, 18 y 396, literales B y C, del C\u00f3digo para la Protecci\u00f3n y los Derechos Fundamentales de los Ni\u00f1os, Ni\u00f1as y Adolescentes (Ley 136-03).&nbsp;<\/p>\n\n\n\n<p>Direcci\u00f3n General de Comunicaci\u00f3n, Prensa, y RRPP<\/p>\n\n\n\n<p>Ministerio P\u00fablico.&nbsp;R.D.<\/p>\n\n\n\n<p>Viernes, 21 de abril de 2023&#8230;.<\/p>\n","protected":false},"excerpt":{"rendered":"<p>Archivo: La Penitenciar\u00eda Nacional la Victoria SANTO DOMINGO, Rep\u00fablica Dominicana.- Un tribunal de Santo Domingo Oeste conden\u00f3 a 15 a\u00f1os de prisi\u00f3n a un hombre acusado por el Ministerio P\u00fablico de violar a un adolescente, en un hecho ocurrido en marzo del a\u00f1o 2022, en Caballona, una comunidad del sector Manoguayabo.&nbsp; Los jueces Leonarda Quezada, [&hellip;]<\/p>\n","protected":false},"author":28,"featured_media":279097,"comment_status":"closed","ping_status":"","sticky":true,"template":"","format":"standard","meta":{"footnotes":""},"categories":[24,29,27],"tags":[],"class_list":["post-433713","post","type-post","status-publish","format-standard","has-post-thumbnail","hentry","category-justicia-y-derecho","category-policiasucesos","category-portada"],"_links":{"self":[{"href":"https:\/\/diariodominicano.com\/index.php?rest_route=\/wp\/v2\/posts\/433713","targetHints":{"allow":["GET"]}}],"collection":[{"href":"https:\/\/diariodominicano.com\/index.php?rest_route=\/wp\/v2\/posts"}],"about":[{"href":"https:\/\/diariodominicano.com\/index.php?rest_route=\/wp\/v2\/types\/post"}],"author":[{"embeddable":true,"href":"https:\/\/diariodominicano.com\/index.php?rest_route=\/wp\/v2\/users\/28"}],"replies":[{"embeddable":true,"href":"https:\/\/diariodominicano.com\/index.php?rest_route=%2Fwp%2Fv2%2Fcomments&post=433713"}],"version-history":[{"count":3,"href":"https:\/\/diariodominicano.com\/index.php?rest_route=\/wp\/v2\/posts\/433713\/revisions"}],"predecessor-version":[{"id":433716,"href":"https:\/\/diariodominicano.com\/index.php?rest_route=\/wp\/v2\/posts\/433713\/revisions\/433716"}],"wp:featuredmedia":[{"embeddable":true,"href":"https:\/\/diariodominicano.com\/index.php?rest_route=\/wp\/v2\/media\/279097"}],"wp:attachment":[{"href":"https:\/\/diariodominicano.com\/index.php?rest_route=%2Fwp%2Fv2%2Fmedia&parent=433713"}],"wp:term":[{"taxonomy":"category","embeddable":true,"href":"https:\/\/diariodominicano.com\/index.php?rest_route=%2Fwp%2Fv2%2Fcategories&post=433713"},{"taxonomy":"post_tag","embeddable":true,"href":"https:\/\/diariodominicano.com\/index.php?rest_route=%2Fwp%2Fv2%2Ftags&post=433713"}],"curies":[{"name":"wp","href":"https:\/\/api.w.org\/{rel}","templated":true}]}}