{"id":43370,"date":"2019-07-11T01:06:50","date_gmt":"2019-07-11T01:06:50","guid":{"rendered":"http:\/\/diariodominicano.ddns.net\/?p=43370"},"modified":"2019-07-11T01:06:50","modified_gmt":"2019-07-11T01:06:50","slug":"a-pleno-solcreadores-de-opinion-publica","status":"publish","type":"post","link":"https:\/\/diariodominicano.com\/?p=43370","title":{"rendered":"A Pleno sol&#13;&#13;Creadores de opini\u00f3n p\u00fablica"},"content":{"rendered":"<p><body><\/p>\n<p><strong>Por Manuel Hern\u00e1ndez Villeta<\/strong><\/p>\n<\/p>\n<\/p>\n<p>La lucha por una reforma constitucional polariza la vida pol\u00edtica nacional, con miras a las venideras elecciones presidenciales. De la crisis interna de un partido, ha pasado a ser el tema dominante en la acci\u00f3n del conglomerado social.<\/p>\n<\/p>\n<p>De hecho, por la amplia difusi\u00f3n y sus perspectivas, son pocos los dominicanos de cualquier clase social que son totalmente indiferentes al problema reelecci\u00f3n. Podr\u00eda ser que no tomen posiciones y bander\u00edas, pero si se interesan en este accionar.<\/p>\n<\/p>\n<p>Se ten\u00eda que quedar como un experimento pol\u00edtico de un partido determinado, en este caso el de la Liberaci\u00f3n Dominicana, pero ahora los principales partidos de oposici\u00f3n han tomado parte en la lucha.<\/p>\n<\/p>\n<p>Cuando todav\u00eda no hay candidatos  oficiales, se est\u00e1n barajando derrotas pol\u00edticas que ser\u00e1n costosas de cara al pr\u00f3ximo a\u00f1o. Tambi\u00e9n habr\u00e1 un triunfador, que s\u00f3lo el devenir de los pr\u00f3ximos d\u00edas podr\u00e1 determinar.<\/p>\n<\/p>\n<p>La oposici\u00f3n est\u00e1 enfrentando la reforma constitucional y si obtiene un  triunfo, y no se da la reelecci\u00f3n, tendr\u00e1 que articular su estrategia  sin caer en el triunfalismo ocasional. Si hay reelecci\u00f3n, tendr\u00e1 que asimilar que le falt\u00f3 m\u00fasculo para hacer frente a esa catapulta.<\/p>\n<\/p>\n<p>Leonel Fern\u00e1ndez no ser\u00e1 derrotado ni saldr\u00e1 ganador. Su pr\u00f3ximo paso ser\u00e1 fuera del PLD. Si triunfa la reelecci\u00f3n, all\u00ed no tiene nada que hacer. Si Danilo no va, entonces impondr\u00e1 a uno de sus seguidores.<\/p>\n<\/p>\n<p>Pero hay una lectura interesante. Leonel es compa\u00f1ero de viaje de la oposici\u00f3n que enfrenta la reforma constitucional. Y podr\u00eda ser un aliado luego del resultado de  las futuras elecciones.<\/p>\n<\/p>\n<p>Si se presentan a los comicios Danilo Medina, Leonel y Abinader, la reelecci\u00f3n tiene casi la obligatoriedad de ganar en la primera vuelta. El segundo y el tercer lugar se podr\u00edan aliar y derrotar al ganador de la primera vuelta, pero que no pas\u00f3 del 50 m\u00e1s un voto.<\/p>\n<\/p>\n<p>Esta historia es vieja, pas\u00f3 con el doctor Jos\u00e9 Francisco Pe\u00f1a G\u00f3mez. El Partido Revolucionario Dominicano obtuvo la mayor\u00eda en la primera vuelta, pero sin los votos suficientes para ganar. En la segunda ronda, se produjo la alianza de reformistas y el PLD, y ese movimiento   llev\u00f3 a Leonel Fern\u00e1ndez al Palacio.<\/p>\n<\/p>\n<p>Pero todo es especulaci\u00f3n y bola de magia. Primero se tiene que solucionar el tema de la reforma constitucional. Luego vendr\u00e1  un reacondicionamiento pol\u00edtico, con nuevas estrategias y una lucha a muerte por conseguir la Presidencia de la Rep\u00fablica.<\/p>\n<\/p>\n<p>El futuro se inscribe ahora, comienza ahora, la reforma constitucional, se apoye o se rechace, es el filo de  la espada en el cual se medir\u00e1n todas las estrategias de los creadores de imagen. No se hagan ilusiones, que es la votaci\u00f3n popular la que decide y no los malabaristas de la opini\u00f3n p\u00fablica. \u00a1Ay!, se me acab\u00f3 la tinta.<\/p>\n<\/p>\n<h6> 2019-07-11 01:06:50 <\/h6>\n<p><!--\n<link rel=\"stylesheet\" href=\"css\/bootstrap.min.css\">\n\n\n<ul class=\"pagination\">\n\t    \n\t\n\n<li >\n\t<a href='?page_no=628'>Previous<\/a>\n\t<\/li>\n\n\n       \n    \n\n<li><a href='?page_no=1'>1<\/a><\/li>\n\n\n\n<li><a href='?page_no=2'>2<\/a><\/li>\n\n\n\n<li><a>...<\/a><\/li>\n\n\n\n<li><a href='?page_no=627'>627<\/a><\/li>\n\n\n\n<li><a href='?page_no=628'>628<\/a><\/li>\n\n\n\n<li class='active'><a>629<\/a><\/li>\n\n\n\n<li><a href='?page_no=630'>630<\/a><\/li>\n\n\n\n<li><a href='?page_no=631'>631<\/a><\/li>\n\n\n\n<li><a>...<\/a><\/li>\n\n\n\n<li><a href='?page_no=13611'>13611<\/a><\/li>\n\n\n\n<li><a href='?page_no=13612'>13612<\/a><\/li>\n\n    \n\t\n\n<li >\n\t<a href='?page_no=630'>Next<\/a>\n\t<\/li>\n\n\n    \n\n<li><a href='?page_no=13612'>Last &rsaquo;&rsaquo;<\/a><\/li>\n\n<\/ul>\n\n\n--><br \/>\n<\/body><\/p>\n","protected":false},"excerpt":{"rendered":"<p>Por Manuel Hern\u00e1ndez Villeta La lucha por una reforma constitucional polariza la vida pol\u00edtica nacional, con miras a las venideras elecciones presidenciales. De la crisis interna de un partido, ha pasado a ser el tema dominante en la acci\u00f3n del conglomerado social. De hecho, por la amplia difusi\u00f3n y sus perspectivas, son pocos los dominicanos [&hellip;]<\/p>\n","protected":false},"author":3,"featured_media":0,"comment_status":"open","ping_status":"open","sticky":false,"template":"","format":"standard","meta":{"footnotes":""},"categories":[16],"tags":[],"class_list":["post-43370","post","type-post","status-publish","format-standard","hentry","category-opiniones"],"_links":{"self":[{"href":"https:\/\/diariodominicano.com\/index.php?rest_route=\/wp\/v2\/posts\/43370","targetHints":{"allow":["GET"]}}],"collection":[{"href":"https:\/\/diariodominicano.com\/index.php?rest_route=\/wp\/v2\/posts"}],"about":[{"href":"https:\/\/diariodominicano.com\/index.php?rest_route=\/wp\/v2\/types\/post"}],"author":[{"embeddable":true,"href":"https:\/\/diariodominicano.com\/index.php?rest_route=\/wp\/v2\/users\/3"}],"replies":[{"embeddable":true,"href":"https:\/\/diariodominicano.com\/index.php?rest_route=%2Fwp%2Fv2%2Fcomments&post=43370"}],"version-history":[{"count":0,"href":"https:\/\/diariodominicano.com\/index.php?rest_route=\/wp\/v2\/posts\/43370\/revisions"}],"wp:attachment":[{"href":"https:\/\/diariodominicano.com\/index.php?rest_route=%2Fwp%2Fv2%2Fmedia&parent=43370"}],"wp:term":[{"taxonomy":"category","embeddable":true,"href":"https:\/\/diariodominicano.com\/index.php?rest_route=%2Fwp%2Fv2%2Fcategories&post=43370"},{"taxonomy":"post_tag","embeddable":true,"href":"https:\/\/diariodominicano.com\/index.php?rest_route=%2Fwp%2Fv2%2Ftags&post=43370"}],"curies":[{"name":"wp","href":"https:\/\/api.w.org\/{rel}","templated":true}]}}