{"id":433639,"date":"2023-04-21T16:38:23","date_gmt":"2023-04-21T20:38:23","guid":{"rendered":"http:\/\/diariodominicano.com\/?p=433639"},"modified":"2023-04-21T16:38:23","modified_gmt":"2023-04-21T20:38:23","slug":"la-fiscalia-de-sde-obtiene-20-anos-de-prision-contra-hombre-que-violo-a-una-nina-de-10-anos-de-edad-en-los-frailes-i","status":"publish","type":"post","link":"https:\/\/diariodominicano.com\/?p=433639","title":{"rendered":"La Fiscal\u00eda de SDE obtiene 20 a\u00f1os de prisi\u00f3n contra hombre que viol\u00f3 a una ni\u00f1a de 10 a\u00f1os de edad en Los Frailes I"},"content":{"rendered":"\n<p>SANTO DOMINGO ESTE, Rep\u00fablica Dominicana.- La Fiscal\u00eda de Santo Domingo Este y Norte obtuvo una condena de 20 a\u00f1os de prisi\u00f3n en contra de un hombre que viol\u00f3 sexualmente a una ni\u00f1a de 10 a\u00f1os de edad, en un hecho ocurrido en el sector Los Frailes I, en Santo Domingo Este.\u00a0<\/p>\n\n\n\n<p>El Primer Tribunal Colegiado de esa jurisdicci\u00f3n, integrado por los jueces Elizabeth Esperanza Rodr\u00edguez Espinal (presidenta), Nancy Xiomara Ortega Ram\u00edrez y Jos\u00e9 Leonel Asencio Quezada (miembros), dict\u00f3 la sentencia contra Miguel Antonio Salas, ordenando su cumplimiento en la Penitenciar\u00eda Nacional de La Victoria.&nbsp;<\/p>\n\n\n\n<p>Salas fue declarado culpable de cometer el hecho delictivo en perjuicio de la menor, cuyo nombre se omite para proteger su integridad.&nbsp;<\/p>\n\n\n\n<p>El expediente instrumentado por la fiscal investigadora Berlida Florentino, establece que el&nbsp;18 de marzo del pasado a\u00f1o, aproximadamente a las 5:00 de la tarde, el padre de la ni\u00f1a se enter\u00f3 de que su hija no estaba en la casa, raz\u00f3n por la cual empez\u00f3 a llamarla, siendo en esas circunstancias que se percata de que la ni\u00f1a estaba saliendo de la casa del acusado.&nbsp;<\/p>\n\n\n\n<p>Relata que el procesado aprovechaba cuando la v\u00edctima se desplazaba por las calles del lugar para, acto seguido, interceptarla y llevarla hasta su casa; luego la amarraba a la cama, la violaba sexualmente, como lo establecen los informes psicol\u00f3gicos y ginec\u00f3logo forenses, y la grababa.&nbsp;<\/p>\n\n\n\n<p>El expediente indica que una vez que el hoy condenado se vio al descubierto se puso furioso, al punto de querer hasta pelear, momento en el que fue detenido por miembros de la Polic\u00eda Nacional.&nbsp;<\/p>\n\n\n\n<p>Durante el juicio el fiscal Ignacio Rojas, quien represent\u00f3 al Ministerio P\u00fablico, demostr\u00f3 con suficientes elementos de prueba que el hoy condenado viol\u00f3 los art\u00edculos 331 y 396, letras B y C, del C\u00f3digo Penal Dominicano, modificado por el C\u00f3digo para la Protecci\u00f3n y los Derechos Fundamentales de los Ni\u00f1os, Ni\u00f1as y Adolescentes (Ley 136-03).&nbsp;<\/p>\n\n\n\n<p>Direcci\u00f3n General de Comunicaci\u00f3n, Prensa, y RRPP<\/p>\n\n\n\n<p>Ministerio P\u00fablico.&nbsp;R.D.<\/p>\n\n\n\n<p>Viernes, 21 de abril de 2023.<\/p>\n","protected":false},"excerpt":{"rendered":"<p>SANTO DOMINGO ESTE, Rep\u00fablica Dominicana.- La Fiscal\u00eda de Santo Domingo Este y Norte obtuvo una condena de 20 a\u00f1os de prisi\u00f3n en contra de un hombre que viol\u00f3 sexualmente a una ni\u00f1a de 10 a\u00f1os de edad, en un hecho ocurrido en el sector Los Frailes I, en Santo Domingo Este.\u00a0 El Primer Tribunal Colegiado [&hellip;]<\/p>\n","protected":false},"author":28,"featured_media":318181,"comment_status":"closed","ping_status":"","sticky":false,"template":"","format":"standard","meta":{"footnotes":""},"categories":[24,29],"tags":[],"class_list":["post-433639","post","type-post","status-publish","format-standard","has-post-thumbnail","hentry","category-justicia-y-derecho","category-policiasucesos"],"_links":{"self":[{"href":"https:\/\/diariodominicano.com\/index.php?rest_route=\/wp\/v2\/posts\/433639","targetHints":{"allow":["GET"]}}],"collection":[{"href":"https:\/\/diariodominicano.com\/index.php?rest_route=\/wp\/v2\/posts"}],"about":[{"href":"https:\/\/diariodominicano.com\/index.php?rest_route=\/wp\/v2\/types\/post"}],"author":[{"embeddable":true,"href":"https:\/\/diariodominicano.com\/index.php?rest_route=\/wp\/v2\/users\/28"}],"replies":[{"embeddable":true,"href":"https:\/\/diariodominicano.com\/index.php?rest_route=%2Fwp%2Fv2%2Fcomments&post=433639"}],"version-history":[{"count":1,"href":"https:\/\/diariodominicano.com\/index.php?rest_route=\/wp\/v2\/posts\/433639\/revisions"}],"predecessor-version":[{"id":433640,"href":"https:\/\/diariodominicano.com\/index.php?rest_route=\/wp\/v2\/posts\/433639\/revisions\/433640"}],"wp:featuredmedia":[{"embeddable":true,"href":"https:\/\/diariodominicano.com\/index.php?rest_route=\/wp\/v2\/media\/318181"}],"wp:attachment":[{"href":"https:\/\/diariodominicano.com\/index.php?rest_route=%2Fwp%2Fv2%2Fmedia&parent=433639"}],"wp:term":[{"taxonomy":"category","embeddable":true,"href":"https:\/\/diariodominicano.com\/index.php?rest_route=%2Fwp%2Fv2%2Fcategories&post=433639"},{"taxonomy":"post_tag","embeddable":true,"href":"https:\/\/diariodominicano.com\/index.php?rest_route=%2Fwp%2Fv2%2Ftags&post=433639"}],"curies":[{"name":"wp","href":"https:\/\/api.w.org\/{rel}","templated":true}]}}