{"id":433637,"date":"2023-04-21T16:34:26","date_gmt":"2023-04-21T20:34:26","guid":{"rendered":"http:\/\/diariodominicano.com\/?p=433637"},"modified":"2023-04-21T16:34:26","modified_gmt":"2023-04-21T20:34:26","slug":"privado-de-libertad-resulta-herido-en-intento-de-fuga-de-la-penitenciaria-nacional-de-la-victoria","status":"publish","type":"post","link":"https:\/\/diariodominicano.com\/?p=433637","title":{"rendered":"Privado de libertad resulta herido en intento de fuga de la Penitenciaria Nacional de La Victoria"},"content":{"rendered":"\n<p><strong>SANTO DOMINGO, Rep\u00fablica Dominicana. &#8211;<\/strong>\u00a0La Direcci\u00f3n General de Servicios Penitenciarios y Correccionales (DGSPC), inform\u00f3 el viernes  que   un interno result\u00f3 herido de bala al intentar fugarse de la Penitenciaria Nacional de La Victoria.<\/p>\n\n\n\n<p>La DGSPC inform\u00f3 en un comunicado de prensa  que el  privado de libertad recibe atenciones m\u00e9dicas en el Hospital Ney Arias Lora.<\/p>\n\n\n\n<p><strong>El hecho se produjo cuando Brayan Wilfredo Rodr\u00edguez Garc\u00eda, salt\u00f3 la malla perimetral del \u00e1rea denominada \u201cEl Hospital\u201d<\/strong>, se\u00f1ala el documento de prensa.<\/p>\n\n\n\n<p>Miembros de la seguridad del centro, al percatarse de lo ocurrido iniciaron la persecuci\u00f3n del privado de libertad, vi\u00e9ndose obligados a realizar varios disparos al aire y al pavimento para detenerlo, siendo alcanzado por las balas en la pierna derecha.<\/p>\n\n\n\n<p>Rodr\u00edguez Garc\u00eda guarda prisi\u00f3n de manera preventiva por violaci\u00f3n al art\u00edculo 309 y 309-2 de la Ley 24-97 del C\u00f3digo Penal, que tipifica la Violencia de G\u00e9nero.<\/p>\n\n\n\n<p><strong>Direcci\u00f3n General de Comunicaci\u00f3n, Prensa, y RRPP<\/strong><\/p>\n\n\n\n<p>Ministerio P\u00fablico.&nbsp;R.D.<\/p>\n\n\n\n<p>Viernes, 21 de abril de 2023<\/p>\n","protected":false},"excerpt":{"rendered":"<p>SANTO DOMINGO, Rep\u00fablica Dominicana. &#8211;\u00a0La Direcci\u00f3n General de Servicios Penitenciarios y Correccionales (DGSPC), inform\u00f3 el viernes que un interno result\u00f3 herido de bala al intentar fugarse de la Penitenciaria Nacional de La Victoria. La DGSPC inform\u00f3 en un comunicado de prensa que el privado de libertad recibe atenciones m\u00e9dicas en el Hospital Ney Arias Lora. [&hellip;]<\/p>\n","protected":false},"author":28,"featured_media":369678,"comment_status":"closed","ping_status":"","sticky":false,"template":"","format":"standard","meta":{"footnotes":""},"categories":[24,29],"tags":[],"class_list":["post-433637","post","type-post","status-publish","format-standard","has-post-thumbnail","hentry","category-justicia-y-derecho","category-policiasucesos"],"_links":{"self":[{"href":"https:\/\/diariodominicano.com\/index.php?rest_route=\/wp\/v2\/posts\/433637","targetHints":{"allow":["GET"]}}],"collection":[{"href":"https:\/\/diariodominicano.com\/index.php?rest_route=\/wp\/v2\/posts"}],"about":[{"href":"https:\/\/diariodominicano.com\/index.php?rest_route=\/wp\/v2\/types\/post"}],"author":[{"embeddable":true,"href":"https:\/\/diariodominicano.com\/index.php?rest_route=\/wp\/v2\/users\/28"}],"replies":[{"embeddable":true,"href":"https:\/\/diariodominicano.com\/index.php?rest_route=%2Fwp%2Fv2%2Fcomments&post=433637"}],"version-history":[{"count":1,"href":"https:\/\/diariodominicano.com\/index.php?rest_route=\/wp\/v2\/posts\/433637\/revisions"}],"predecessor-version":[{"id":433638,"href":"https:\/\/diariodominicano.com\/index.php?rest_route=\/wp\/v2\/posts\/433637\/revisions\/433638"}],"wp:featuredmedia":[{"embeddable":true,"href":"https:\/\/diariodominicano.com\/index.php?rest_route=\/wp\/v2\/media\/369678"}],"wp:attachment":[{"href":"https:\/\/diariodominicano.com\/index.php?rest_route=%2Fwp%2Fv2%2Fmedia&parent=433637"}],"wp:term":[{"taxonomy":"category","embeddable":true,"href":"https:\/\/diariodominicano.com\/index.php?rest_route=%2Fwp%2Fv2%2Fcategories&post=433637"},{"taxonomy":"post_tag","embeddable":true,"href":"https:\/\/diariodominicano.com\/index.php?rest_route=%2Fwp%2Fv2%2Ftags&post=433637"}],"curies":[{"name":"wp","href":"https:\/\/api.w.org\/{rel}","templated":true}]}}