{"id":433604,"date":"2023-04-21T12:29:25","date_gmt":"2023-04-21T16:29:25","guid":{"rendered":"http:\/\/diariodominicano.com\/?p=433604"},"modified":"2023-04-21T12:29:25","modified_gmt":"2023-04-21T16:29:25","slug":"tribunal-colegiado-de-la-camara-penal-del-distrito-judicial-de-hermanas-mirabal-condena-a-20-anos-de-prision-a-un-hombre-acusado-de-dar-muerte-a-otro-en-los-montes-salcedo","status":"publish","type":"post","link":"https:\/\/diariodominicano.com\/?p=433604","title":{"rendered":"Tribunal Colegiado de la C\u00e1mara Penal del Distrito Judicial de Hermanas Mirabal condena a 20 a\u00f1os de prisi\u00f3n a un hombre acusado de dar muerte a otro en Los Montes, Salcedo"},"content":{"rendered":"\n<p>HERMANAS MIRABAL, Rep\u00fablica Dominicana.- El Tribunal Colegiado de la C\u00e1mara Penal del Distrito Judicial de Hermanas Mirabal conden\u00f3 a 20 a\u00f1os de prisi\u00f3n a un hombre acusado por el Ministerio P\u00fablico de quitarle la vida a otro con un arma blanca, en un hecho ocurrido en Los Montes, de la localidad Monte Llano, en Jamao Afuera, municipio Salcedo.\u00a0\u00a0<\/p>\n\n\n\n<p>La decisi\u00f3n fue tomada por los jueces Antonio Manuel Carela, Biannelys Mart\u00ednez Calvo y Elizabeth Cepeda Mu\u00f1oz, en contra del acusado Nelson Jos\u00e9 de la Cruz Jerez, hallado culpable de provocarle la muerte a Mart\u00edn de Jes\u00fas Cepeda Garc\u00eda.&nbsp;&nbsp;<\/p>\n\n\n\n<p>El Ministerio P\u00fablico de Hermanas Mirabal indica en el escrito de acusaci\u00f3n que la acci\u00f3n criminal ocurri\u00f3 el 23 de marzo de 2022, en las primeras horas de la ma\u00f1ana, en la referida localidad de la zona monta\u00f1osa, cuando el procesado&nbsp;De la Cruz Jerez le ocasion\u00f3 varias heridas punzopenetrante por arma blanca a Cepeda Garc\u00eda, provoc\u00e1ndole la muerte.<\/p>\n\n\n\n<p>De acuerdo con los datos del informe de autopsia m\u00e9dica legal N\u00famero A-036-2022, de fecha 24 de marzo de 2022, emitida por el Instituto Nacional de Ciencias Forenses (Inacif), la causa del deceso fue por shock hemorr\u00e1gico.&nbsp;&nbsp;&nbsp;<\/p>\n\n\n\n<p>Se indica, adem\u00e1s, que, luego de cometer el hecho de sangre, el hoy condenado se present\u00f3 ante el alcalde del Distrito Municipal Jamao Afuera, quien, tras escuchar la confesi\u00f3n del hecho, lo entreg\u00f3 ante el destacamento de la Polic\u00eda Nacional en Salcedo.&nbsp;<\/p>\n\n\n\n<p>Los jueces del tribunal acogieron las pruebas testimoniales, documentales y periciales aportadas por el \u00f3rgano acusador, que evidencian la responsabilidad penal de De la cruz Jerez en el crimen.&nbsp;&nbsp;<\/p>\n\n\n\n<p>El Ministerio P\u00fablico, representado por el fiscal Pablo Osiris Molina Santos, proces\u00f3 al acusado por violar los art\u00edculos 295 y 304 del C\u00f3digo Penal Dominicano, en perjuicio de Mart\u00edn de Jes\u00fas Cepeda Garc\u00eda, as\u00ed como el art\u00edculo 83 de la&nbsp;&nbsp;&nbsp;&nbsp;&nbsp;&nbsp;&nbsp;&nbsp;&nbsp;&nbsp;&nbsp;&nbsp;&nbsp;&nbsp;&nbsp;&nbsp;&nbsp;&nbsp;&nbsp; Ley 631-16, para el Control y Regulaci\u00f3n de Armas, Municiones y Materiales Relacionados.&nbsp;<\/p>\n\n\n\n<p>El dictamen de los jueces establece que el procesado deber\u00e1 cumplir la pena en la c\u00e1rcel p\u00fablica Juana N\u00fa\u00f1ez, de la ciudad de Salcedo.&nbsp;&nbsp;<\/p>\n\n\n\n<p>Direcci\u00f3n General de Comunicaci\u00f3n, Prensa, y RRPP<\/p>\n\n\n\n<p>Ministerio P\u00fablico.&nbsp;R.D.<\/p>\n\n\n\n<p>Viernes, 21 de abril de 2023&#8230;.<\/p>\n","protected":false},"excerpt":{"rendered":"<p>HERMANAS MIRABAL, Rep\u00fablica Dominicana.- El Tribunal Colegiado de la C\u00e1mara Penal del Distrito Judicial de Hermanas Mirabal conden\u00f3 a 20 a\u00f1os de prisi\u00f3n a un hombre acusado por el Ministerio P\u00fablico de quitarle la vida a otro con un arma blanca, en un hecho ocurrido en Los Montes, de la localidad Monte Llano, en Jamao [&hellip;]<\/p>\n","protected":false},"author":28,"featured_media":295312,"comment_status":"closed","ping_status":"","sticky":true,"template":"","format":"standard","meta":{"footnotes":""},"categories":[24,29,27],"tags":[],"class_list":["post-433604","post","type-post","status-publish","format-standard","has-post-thumbnail","hentry","category-justicia-y-derecho","category-policiasucesos","category-portada"],"_links":{"self":[{"href":"https:\/\/diariodominicano.com\/index.php?rest_route=\/wp\/v2\/posts\/433604","targetHints":{"allow":["GET"]}}],"collection":[{"href":"https:\/\/diariodominicano.com\/index.php?rest_route=\/wp\/v2\/posts"}],"about":[{"href":"https:\/\/diariodominicano.com\/index.php?rest_route=\/wp\/v2\/types\/post"}],"author":[{"embeddable":true,"href":"https:\/\/diariodominicano.com\/index.php?rest_route=\/wp\/v2\/users\/28"}],"replies":[{"embeddable":true,"href":"https:\/\/diariodominicano.com\/index.php?rest_route=%2Fwp%2Fv2%2Fcomments&post=433604"}],"version-history":[{"count":1,"href":"https:\/\/diariodominicano.com\/index.php?rest_route=\/wp\/v2\/posts\/433604\/revisions"}],"predecessor-version":[{"id":433605,"href":"https:\/\/diariodominicano.com\/index.php?rest_route=\/wp\/v2\/posts\/433604\/revisions\/433605"}],"wp:featuredmedia":[{"embeddable":true,"href":"https:\/\/diariodominicano.com\/index.php?rest_route=\/wp\/v2\/media\/295312"}],"wp:attachment":[{"href":"https:\/\/diariodominicano.com\/index.php?rest_route=%2Fwp%2Fv2%2Fmedia&parent=433604"}],"wp:term":[{"taxonomy":"category","embeddable":true,"href":"https:\/\/diariodominicano.com\/index.php?rest_route=%2Fwp%2Fv2%2Fcategories&post=433604"},{"taxonomy":"post_tag","embeddable":true,"href":"https:\/\/diariodominicano.com\/index.php?rest_route=%2Fwp%2Fv2%2Ftags&post=433604"}],"curies":[{"name":"wp","href":"https:\/\/api.w.org\/{rel}","templated":true}]}}