{"id":43304,"date":"2019-07-15T00:30:32","date_gmt":"2019-07-15T00:30:32","guid":{"rendered":"http:\/\/diariodominicano.ddns.net\/?p=43304"},"modified":"2019-07-15T00:30:32","modified_gmt":"2019-07-15T00:30:32","slug":"presidente-mejor-esacogerse-a-la-constitucion","status":"publish","type":"post","link":"https:\/\/diariodominicano.com\/?p=43304","title":{"rendered":"\u00a1PRESIDENTE,  MEJOR ES&#13;ACOGERSE A LA CONSTITUCI\u00d3N!"},"content":{"rendered":"<p><body><\/p>\n<p><strong>FRANKLIN ALMEYDA RANCIER<\/strong><\/p>\n<\/p>\n<p>El horno no est\u00e1 para galleticas, lo recomendable Presidente Medina es que Ud se acoja a lo establecido en la Constituci\u00f3n, especialmente al Vig\u00e9simo Transitorio, que lo inhabilita para ser candidato para el proceso comicial del 2020.<\/p>\n<\/p>\n<p>El axioma pol\u00edtico est\u00e1 a la vista de todos. M\u00e1s del 70% de la poblaci\u00f3n rechaza modificar la Constituci\u00f3n para introducir una nueva reelecci\u00f3n del Presidente Medina. El PLD se muestra en todas las encuestas con un posicionamiento por encima de un 50%. <\/p>\n<\/p>\n<p>Cabe preguntarse \u00bfcu\u00e1ntos de aquel 70% est\u00e1 entre ese 50% que votar\u00eda por el PLD? Digamos que 35% no votar\u00eda; quedar\u00eda un 15%; parece que ser\u00edan muchos los que dejar\u00edan de votar. Mejor hag\u00e1moslo invertido y que sea 15% sobre ese 50%; quedar\u00edan 35% a su favor. <\/p>\n<\/p>\n<p>Es evidente que si los n\u00fameros hablan, de aceptar el PLD modificar la Constituci\u00f3n, el PLD se desplomar\u00eda a un 35% del electorado, en el mejor escenario. En el peor, se reducir\u00eda a un 15% de preferencia. Si el PLD reforma la Constituci\u00f3n para llevar de candidato a Danilo, el PLD pierde. A\u00fan pierde  en el imposible e hipot\u00e9tico caso  de que Leonel lo apoyara.<\/p>\n<\/p>\n<p>El 50% del pa\u00eds mantendr\u00eda su apoyo al PLD, si no toca la Constituci\u00f3n. Para lograrlo, el Presidente Medina debe acogerse a las disposiciones constitucionales o sufrir una derrota definitiva en el Congreso. Imponer con ardides la reforma, conduce a un ambiente de ingobernabilidad y a que el PLD sea sacado del Poder.<\/p>\n<\/p>\n<p>Desde el pasado mi\u00e9rcoles 10 de julio, el entorno reeleccionista se asomaba con campa\u00f1as sucias contra el Dr. Leonel Fern\u00e1ndez, contra mi y otros dirigentes. Se escucharon v\u00eddeos en los medios digitales en la voz del speaker y una que otra bocina; o twitters en cuentas de desconocidos, con muy pocos seguidores, con provocaciones para que les respondan.<\/p>\n<\/p>\n<p>Sin embargo, el contexto se les complic\u00f3, cuando el Secretario de Estado de los estadounidenses, se\u00f1or Pompeo, habl\u00f3 por tel\u00e9fonos con el Presidente Medina, invit\u00e1ndolo a respetar la Constituci\u00f3n. Luce improbable que el Presidente Medina trate de seguir adelante con su proyecto reeleccionista. Desistir de ese prop\u00f3sito traer\u00eda tranquilidad en el pa\u00eds.<\/p>\n<\/p>\n<p>Algunos chuscos sugieren f\u00f3rmulas de entendimiento entre los dos l\u00edderes principales del PLD, pero es que la crisis va mucho mas all\u00e1 de un conflicto entre ellos dos. Se trata de una causa asumida por partidos pol\u00edticos, iglesias, organizaciones de la sociedad civil, profesores, profesionales, j\u00f3venes, mujeres, etc., para que la Constituci\u00f3n no sea tocada.<\/p>\n<\/p>\n<p>Con solo acogerse el Presidente Medina a su inhabilitacion constitucional,  inhabilitaci\u00f3n que \u00e9l mismo sugiri\u00f3 para poder reelegirse en el 2016,  la crisis se superar\u00eda. Todo el resto ser\u00eda dejar fluir los pasos institucionales, regirse por las leyes y normas que regulan esos pasos.<\/p>\n<\/p>\n<p>Este proceso tiene lecciones pol\u00edticas significativas. La primera es  entender que el pa\u00eds ha hecho suyo vivir en un Estado social, democr\u00e1tico y de derecho. No son palabras ret\u00f3ricas. Ellas significan lograr desarrollo, crecimiento e inclusi\u00f3n social en democracia.<\/p>\n<\/p>\n<p>La otra lecci\u00f3n pol\u00edtica es que el poder no es para hacer lo que conviene, sino lo que permite la Constituci\u00f3n. Finalmente, que la mayor\u00eda democr\u00e1tica est\u00e1, en un r\u00e9gimen democr\u00e1tico, en el pueblo y sus representantes elegidos no pueden apartarse en ning\u00fan momento de su mandato.<\/p>\n<\/p>\n<p><strong>El autor es miembro del CP del PLD, ex Ministro de Interior y ex Rector de la UASD.<\/strong><\/p>\n<h6> 2019-07-15 00:30:32 <\/h6>\n<p><!--\n<link rel=\"stylesheet\" href=\"css\/bootstrap.min.css\">\n\n\n<ul class=\"pagination\">\n\t    \n\t\n\n<li >\n\t<a href='?page_no=622'>Previous<\/a>\n\t<\/li>\n\n\n       \n    \n\n<li><a href='?page_no=1'>1<\/a><\/li>\n\n\n\n<li><a href='?page_no=2'>2<\/a><\/li>\n\n\n\n<li><a>...<\/a><\/li>\n\n\n\n<li><a href='?page_no=621'>621<\/a><\/li>\n\n\n\n<li><a href='?page_no=622'>622<\/a><\/li>\n\n\n\n<li class='active'><a>623<\/a><\/li>\n\n\n\n<li><a href='?page_no=624'>624<\/a><\/li>\n\n\n\n<li><a href='?page_no=625'>625<\/a><\/li>\n\n\n\n<li><a>...<\/a><\/li>\n\n\n\n<li><a href='?page_no=13611'>13611<\/a><\/li>\n\n\n\n<li><a href='?page_no=13612'>13612<\/a><\/li>\n\n    \n\t\n\n<li >\n\t<a href='?page_no=624'>Next<\/a>\n\t<\/li>\n\n\n    \n\n<li><a href='?page_no=13612'>Last &rsaquo;&rsaquo;<\/a><\/li>\n\n<\/ul>\n\n\n--><br \/>\n<\/body><\/p>\n","protected":false},"excerpt":{"rendered":"<p>FRANKLIN ALMEYDA RANCIER El horno no est\u00e1 para galleticas, lo recomendable Presidente Medina es que Ud se acoja a lo establecido en la Constituci\u00f3n, especialmente al Vig\u00e9simo Transitorio, que lo inhabilita para ser candidato para el proceso comicial del 2020. El axioma pol\u00edtico est\u00e1 a la vista de todos. M\u00e1s del 70% de la poblaci\u00f3n [&hellip;]<\/p>\n","protected":false},"author":3,"featured_media":0,"comment_status":"open","ping_status":"open","sticky":false,"template":"","format":"standard","meta":{"footnotes":""},"categories":[16],"tags":[],"class_list":["post-43304","post","type-post","status-publish","format-standard","hentry","category-opiniones"],"_links":{"self":[{"href":"https:\/\/diariodominicano.com\/index.php?rest_route=\/wp\/v2\/posts\/43304","targetHints":{"allow":["GET"]}}],"collection":[{"href":"https:\/\/diariodominicano.com\/index.php?rest_route=\/wp\/v2\/posts"}],"about":[{"href":"https:\/\/diariodominicano.com\/index.php?rest_route=\/wp\/v2\/types\/post"}],"author":[{"embeddable":true,"href":"https:\/\/diariodominicano.com\/index.php?rest_route=\/wp\/v2\/users\/3"}],"replies":[{"embeddable":true,"href":"https:\/\/diariodominicano.com\/index.php?rest_route=%2Fwp%2Fv2%2Fcomments&post=43304"}],"version-history":[{"count":0,"href":"https:\/\/diariodominicano.com\/index.php?rest_route=\/wp\/v2\/posts\/43304\/revisions"}],"wp:attachment":[{"href":"https:\/\/diariodominicano.com\/index.php?rest_route=%2Fwp%2Fv2%2Fmedia&parent=43304"}],"wp:term":[{"taxonomy":"category","embeddable":true,"href":"https:\/\/diariodominicano.com\/index.php?rest_route=%2Fwp%2Fv2%2Fcategories&post=43304"},{"taxonomy":"post_tag","embeddable":true,"href":"https:\/\/diariodominicano.com\/index.php?rest_route=%2Fwp%2Fv2%2Ftags&post=43304"}],"curies":[{"name":"wp","href":"https:\/\/api.w.org\/{rel}","templated":true}]}}