{"id":433004,"date":"2023-04-19T19:54:30","date_gmt":"2023-04-19T23:54:30","guid":{"rendered":"http:\/\/diariodominicano.com\/?p=433004"},"modified":"2023-04-19T19:55:18","modified_gmt":"2023-04-19T23:55:18","slug":"condenan-a-otro-hombre-a-5-anos-de-prision-por-trafico-de-drogas-en-monte-plata","status":"publish","type":"post","link":"https:\/\/diariodominicano.com\/?p=433004","title":{"rendered":"Condenan a otro hombre a 5 a\u00f1os de prisi\u00f3n por tr\u00e1fico de drogas en Monte Plata"},"content":{"rendered":"\n<p> Los jueces acogieron la acusaci\u00f3n presentada por el fiscal de este distrito judicial Jos\u00e9 del Carmen Garc\u00eda Hern\u00e1ndez.<\/p>\n\n\n\n<p>MONTE PLATA, Rep\u00fablica Dominicana.- Una sentencia condenatoria de cinco a\u00f1os de prisi\u00f3n, cuatro de ellos bajo la modalidad suspendida, fue dictada por un tribunal de esta provincia a un hombre al que el Ministerio P\u00fablico acus\u00f3 de traficar con m\u00e1s de 30 gramos de diferentes drogas.\u00a0<\/p>\n\n\n\n<p>El Tribunal Colegiado de Monte Plata, integrado por los jueces Hilda Nieves S\u00e1nchez Luna (presidenta), Isa\u00edas Ronaldo Mart\u00ednez P\u00e9rez y Johanna Giselle Reyes Moquete, dict\u00f3 la sentencia a Estarlin Chala Sosa (Estarlin Chalas Sosa), quien fue arrestado el pasado a\u00f1o luego de que se le ocuparan 17.08 gramos de coca\u00edna clorhidratada y 13.59 gramos de marihuana.&nbsp;<\/p>\n\n\n\n<p>Los jueces acogieron la acusaci\u00f3n presentada por el fiscal de este distrito judicial Jos\u00e9 del Carmen Garc\u00eda Hern\u00e1ndez, la cual establece que Chala Sosa fue arrestado en flagrante delito el 30 de junio de 2022 por agentes de la Direcci\u00f3n Nacional de Control de Drogas (DNCD) mientras se encontraba en el sector Colombia, del municipio Bayaguana. Las drogas les fueron ocupadas durante un registro en uno de los bolsillos del pantal\u00f3n que vest\u00eda.&nbsp;<\/p>\n\n\n\n<p>En virtud de lo establecido en los art\u00edculos 339 y 341 del C\u00f3digo Procesal Penal, el tribunal dispuso la suspensi\u00f3n condicional de la pena para que el procesado cumpla un a\u00f1o en prisi\u00f3n y los restantes cuatro en libertad, bajo las reglas de residir en un domicilio fijo, abstenerse de visitar lugares o personas relacionadas con sustancias controladas, aprender un oficio digno, realizar 24 jornadas de reforestaci\u00f3n y limpieza en coordinaci\u00f3n con el Ministerio de Medio Ambiente (oficina Monte Plata) y asistir a un programa de rehabilitaci\u00f3n para consumidores en Hogar Crea.&nbsp;<\/p>\n\n\n\n<p>Adem\u00e1s, orden\u00f3 la incineraci\u00f3n de las sustancias ocupadas y el decomiso de 750 pesos a favor del Estado dominicano.&nbsp;<\/p>\n\n\n\n<p>El tribunal advirti\u00f3 al procesado que, en caso de incumplir las condiciones impuestas para su libertad, deber\u00e1 cumplir la totalidad de la pena en prisi\u00f3n, estableciendo el cumplimiento de la misma en la Penitenciar\u00eda Nacional de La Victoria.&nbsp;<\/p>\n\n\n\n<p>Chala Sosa fue hallado culpable de violar las disposiciones contenidas en los art\u00edculos 5, literal A; 6, literal A, 28 y 75, p\u00e1rrafo II, de la Ley 50-88 sobre Drogas y Sustancias Controladas de la Rep\u00fablica Dominicana.&nbsp;<\/p>\n\n\n\n<p>El pasado mes tambi\u00e9n fue condenado por tr\u00e1fico de drogas en esta demarcaci\u00f3n William Jos\u00e9 Garc\u00eda Bello (Conejo), sentenciado a seis a\u00f1os de prisi\u00f3n, al igual que Wilbert Rosario Polanco, quien fue condenado a la misma pena en febrero pasado.&nbsp;<\/p>\n\n\n\n<p>Direcci\u00f3n General de Comunicaci\u00f3n, Prensa, y RRPP<\/p>\n\n\n\n<p>Ministerio P\u00fablico.&nbsp;R.D.<\/p>\n\n\n\n<p>Mi\u00e9rcoles, 19 de abril de 2023.<\/p>\n","protected":false},"excerpt":{"rendered":"<p>Los jueces acogieron la acusaci\u00f3n presentada por el fiscal de este distrito judicial Jos\u00e9 del Carmen Garc\u00eda Hern\u00e1ndez. MONTE PLATA, Rep\u00fablica Dominicana.- Una sentencia condenatoria de cinco a\u00f1os de prisi\u00f3n, cuatro de ellos bajo la modalidad suspendida, fue dictada por un tribunal de esta provincia a un hombre al que el Ministerio P\u00fablico acus\u00f3 de [&hellip;]<\/p>\n","protected":false},"author":28,"featured_media":349854,"comment_status":"closed","ping_status":"","sticky":true,"template":"","format":"standard","meta":{"footnotes":""},"categories":[24,29,27],"tags":[],"class_list":["post-433004","post","type-post","status-publish","format-standard","has-post-thumbnail","hentry","category-justicia-y-derecho","category-policiasucesos","category-portada"],"_links":{"self":[{"href":"https:\/\/diariodominicano.com\/index.php?rest_route=\/wp\/v2\/posts\/433004","targetHints":{"allow":["GET"]}}],"collection":[{"href":"https:\/\/diariodominicano.com\/index.php?rest_route=\/wp\/v2\/posts"}],"about":[{"href":"https:\/\/diariodominicano.com\/index.php?rest_route=\/wp\/v2\/types\/post"}],"author":[{"embeddable":true,"href":"https:\/\/diariodominicano.com\/index.php?rest_route=\/wp\/v2\/users\/28"}],"replies":[{"embeddable":true,"href":"https:\/\/diariodominicano.com\/index.php?rest_route=%2Fwp%2Fv2%2Fcomments&post=433004"}],"version-history":[{"count":3,"href":"https:\/\/diariodominicano.com\/index.php?rest_route=\/wp\/v2\/posts\/433004\/revisions"}],"predecessor-version":[{"id":433007,"href":"https:\/\/diariodominicano.com\/index.php?rest_route=\/wp\/v2\/posts\/433004\/revisions\/433007"}],"wp:featuredmedia":[{"embeddable":true,"href":"https:\/\/diariodominicano.com\/index.php?rest_route=\/wp\/v2\/media\/349854"}],"wp:attachment":[{"href":"https:\/\/diariodominicano.com\/index.php?rest_route=%2Fwp%2Fv2%2Fmedia&parent=433004"}],"wp:term":[{"taxonomy":"category","embeddable":true,"href":"https:\/\/diariodominicano.com\/index.php?rest_route=%2Fwp%2Fv2%2Fcategories&post=433004"},{"taxonomy":"post_tag","embeddable":true,"href":"https:\/\/diariodominicano.com\/index.php?rest_route=%2Fwp%2Fv2%2Ftags&post=433004"}],"curies":[{"name":"wp","href":"https:\/\/api.w.org\/{rel}","templated":true}]}}